{"id":21695,"date":"2020-09-10T10:17:04","date_gmt":"2020-09-10T13:17:04","guid":{"rendered":"https:\/\/atecordoba.org\/?p=21695"},"modified":"2020-09-10T10:23:13","modified_gmt":"2020-09-10T13:23:13","slug":"villa-libertador-radio-abierto-para-repudiar-el-traslado-compulsivo-del-equipo-de-salud-mental","status":"publish","type":"post","link":"https:\/\/atecordoba.org\/?p=21695","title":{"rendered":"Villa Libertador: radio abierta para repudiar el traslado compulsivo del equipo de salud mental"},"content":{"rendered":"<p><img loading=\"lazy\" decoding=\"async\" class=\" wp-image-21696 alignleft\" src=\"https:\/\/atecordoba.org\/wp-content\/uploads\/2020\/09\/flyer-radio-abierta-villa-libertador-300x300.jpg\" alt=\"\" width=\"383\" height=\"383\" srcset=\"https:\/\/atecordoba.org\/wp-content\/uploads\/2020\/09\/flyer-radio-abierta-villa-libertador-300x300.jpg 300w, https:\/\/atecordoba.org\/wp-content\/uploads\/2020\/09\/flyer-radio-abierta-villa-libertador-1024x1024.jpg 1024w, https:\/\/atecordoba.org\/wp-content\/uploads\/2020\/09\/flyer-radio-abierta-villa-libertador-150x150.jpg 150w, https:\/\/atecordoba.org\/wp-content\/uploads\/2020\/09\/flyer-radio-abierta-villa-libertador-768x768.jpg 768w, https:\/\/atecordoba.org\/wp-content\/uploads\/2020\/09\/flyer-radio-abierta-villa-libertador-560x560.jpg 560w, https:\/\/atecordoba.org\/wp-content\/uploads\/2020\/09\/flyer-radio-abierta-villa-libertador-75x75.jpg 75w, https:\/\/atecordoba.org\/wp-content\/uploads\/2020\/09\/flyer-radio-abierta-villa-libertador-750x750.jpg 750w, https:\/\/atecordoba.org\/wp-content\/uploads\/2020\/09\/flyer-radio-abierta-villa-libertador.jpg 1080w\" sizes=\"auto, (max-width: 383px) 100vw, 383px\" \/>Tras seis meses de clausura aduciendo problemas edilicios, el gobierno provincial hizo saber que reabrir\u00e1 la sede del Equipo de Atenci\u00f3n Comunitaria (EAC) de Villa Libertador, espacio de atenci\u00f3n sanitaria que funciona desde 1985 haciendo salud comunitaria con fuerte inserci\u00f3n territorial en una de las barriadas m\u00e1s abandonadas por la atenci\u00f3n estatal en el sur de la ciudad.<\/p>\n<p>Pero, al mismo tiempo, resolvi\u00f3 trasladar a las compa\u00f1eras integrantes del equipo de salud mental, profesionales que en algunos casos alcanzan 28 a\u00f1os de antig\u00fcedad en el lugar de trabajo, a diversos puntos de atenci\u00f3n de la ciudad, dinamitando un equipo de trabajadoras por el solo hecho de reclamar mejoras en las condiciones laborales y haber defendido su espacio de trabajo de las arbitrariedades y la desidia oficial.<\/p>\n<p>A ra\u00edz de ello, ATE convoca a una radio abierta que se realizar\u00e1 el pr\u00f3ximo martes 15 de septiembre a las 10 horas, en la plaza de Villa Libertador, donde vecinos, instituciones y organizaciones populares van a respaldar el reclamo por la reinstalaci\u00f3n de las cuatro compa\u00f1eras amedrentadas por sus justos reclamos.<\/p>\n<figure id=\"attachment_21697\" aria-describedby=\"caption-attachment-21697\" style=\"width: 485px\" class=\"wp-caption alignright\"><img loading=\"lazy\" decoding=\"async\" class=\"wp-image-21697\" src=\"https:\/\/atecordoba.org\/wp-content\/uploads\/2020\/09\/WhatsApp-Image-2020-09-01-at-11.09.34-1-300x146.jpeg\" alt=\"\" width=\"485\" height=\"236\" srcset=\"https:\/\/atecordoba.org\/wp-content\/uploads\/2020\/09\/WhatsApp-Image-2020-09-01-at-11.09.34-1-300x146.jpeg 300w, https:\/\/atecordoba.org\/wp-content\/uploads\/2020\/09\/WhatsApp-Image-2020-09-01-at-11.09.34-1-1024x498.jpeg 1024w, https:\/\/atecordoba.org\/wp-content\/uploads\/2020\/09\/WhatsApp-Image-2020-09-01-at-11.09.34-1-768x373.jpeg 768w, https:\/\/atecordoba.org\/wp-content\/uploads\/2020\/09\/WhatsApp-Image-2020-09-01-at-11.09.34-1-750x364.jpeg 750w, https:\/\/atecordoba.org\/wp-content\/uploads\/2020\/09\/WhatsApp-Image-2020-09-01-at-11.09.34-1-1140x554.jpeg 1140w, https:\/\/atecordoba.org\/wp-content\/uploads\/2020\/09\/WhatsApp-Image-2020-09-01-at-11.09.34-1.jpeg 1280w\" sizes=\"auto, (max-width: 485px) 100vw, 485px\" \/><figcaption id=\"caption-attachment-21697\" class=\"wp-caption-text\">ATE realiz\u00f3 una protesta frente al EAC la semana pasada y el gobierno anunci\u00f3 que reabrir\u00e1 la sede del centro de atenci\u00f3n.<\/figcaption><\/figure>\n<p>En ese sentido, el secretario General de ATE C\u00f3rdoba, Federico Giuliani, sostuvo que los traslados tienen claramente &#8220;un sesgo de persecuci\u00f3n pol\u00edtica y sindical. El gobierno de Schiaretti, en la figura de su ministro de Salud Diego Cardozo, rompe de manera arbitraria con una experiencia valios\u00edsima de mas de 30 a\u00f1os de abordaje territorial, comunitario, de contenci\u00f3n social de los sectores populares de Villa Libertador&#8221;.<\/p>\n<figure id=\"attachment_21512\" aria-describedby=\"caption-attachment-21512\" style=\"width: 308px\" class=\"wp-caption alignleft\"><img loading=\"lazy\" decoding=\"async\" class=\"wp-image-21512\" src=\"https:\/\/atecordoba.org\/wp-content\/uploads\/2020\/09\/WhatsApp-Image-2020-09-01-at-11.09.36-146x300.jpeg\" alt=\"\" width=\"308\" height=\"633\" srcset=\"https:\/\/atecordoba.org\/wp-content\/uploads\/2020\/09\/WhatsApp-Image-2020-09-01-at-11.09.36-146x300.jpeg 146w, https:\/\/atecordoba.org\/wp-content\/uploads\/2020\/09\/WhatsApp-Image-2020-09-01-at-11.09.36-498x1024.jpeg 498w, https:\/\/atecordoba.org\/wp-content\/uploads\/2020\/09\/WhatsApp-Image-2020-09-01-at-11.09.36.jpeg 622w\" sizes=\"auto, (max-width: 308px) 100vw, 308px\" \/><figcaption id=\"caption-attachment-21512\" class=\"wp-caption-text\">El secretario General de ATE, Federico Giuliani.<\/figcaption><\/figure>\n<p>El dirigente destac\u00f3 que &#8220;si no fuese por la pelea de ATE la reapertura de la Casa (sede del EAC Villa Libertador) no hubiese podido lograrse. Ahora el gobierno lo muestra como un logro cuando estuvieron seis meses para hacer arreglos menores, por eso nuestra lucha es inclaudicable para que las compa\u00f1eras que conforman este grupo de trabajo vuelvan a ser protagonistas de la din\u00e1mica cotidiana de la atenci\u00f3n de salud mental en Villa Libertador&#8221;.<\/p>\n<p>Para la oportunidad ATE realizar\u00e1, adem\u00e1s, un homenaje al cura V\u00edctor Acha, fallecido recientemente y referente hist\u00f3rico de Villa Libertador por su labor pastoral en ese sector de la ciudad desde la perspectiva de la &#8216;Opci\u00f3n por los pobres&#8217;. &#8220;En esta barriada tan popular &#8211; sigui\u00f3 Giuliani- tambi\u00e9n vamos a prestar homenaje al cura villero V\u00edctor Acha, que a pesar de dejarnos hace poco nos deja su militancia por los m\u00e1s postergados&#8221;.<\/p>\n<p>&#8220;Estaremos en la plaza del barrio juntando firmas para que los vecinos y vecinas apoyen de manera contundente la restituci\u00f3n del equipo a su lugar de trabajo y venimos a decir claramente que se tiene que terminar la persecuci\u00f3n pol\u00edtica e ideol\u00f3gica al ministro Diego Cardozo y a la secretaria de Salud Mental, P\u00eda Guidetti, quienes se encarnizaron con las compa\u00f1eras por reclamar por las malas condiciones de trabajo, por los salarios bajos, por la alt\u00edsima precarizaci\u00f3n laboral. Ante esta clara posici\u00f3n que tomaron las trabajadoras, el gobierno respondi\u00f3 con los traslados&#8221;, concluy\u00f3 el dirigente.<\/p>\n<p>En esa l\u00ednea, el equipo de salud mental estar\u00e1 presente en la radio abierta para compartir su experiencia de lucha y de trabajo comunitario, manteniendo el contacto nunca abandonado con vecinos, usuarios del servicio, instituciones y organizaciones barriales que se vienen dando permanente apoyo en esta lucha.<\/p>\n<p>Nora Gal\u00e1n, psic\u00f3loga del equipo de atenci\u00f3n comunitaria desde 1992, explic\u00f3 que &#8220;el 2 de abril nuestra sede fue cerrada e integrantes del equipo sufrimos cuatro traslados compulsivos. Las profesionales que hist\u00f3ricamente estuvimos destinadas all\u00ed fuimos trasladadas a lugares muy alejados del barrio que elegimos y donde hace m\u00e1s de 20 a\u00f1os trabajamos junto a la comunidad. Ni los vecinos, ni las organizaciones del barrio ni nosotras aceptamos este atropello&#8221;.<\/p>\n<figure id=\"attachment_21513\" aria-describedby=\"caption-attachment-21513\" style=\"width: 606px\" class=\"wp-caption aligncenter\"><img loading=\"lazy\" decoding=\"async\" class=\"wp-image-21513\" src=\"https:\/\/atecordoba.org\/wp-content\/uploads\/2020\/09\/WhatsApp-Image-2020-09-01-at-11.09.39-300x157.jpeg\" alt=\"\" width=\"606\" height=\"317\" srcset=\"https:\/\/atecordoba.org\/wp-content\/uploads\/2020\/09\/WhatsApp-Image-2020-09-01-at-11.09.39-300x157.jpeg 300w, https:\/\/atecordoba.org\/wp-content\/uploads\/2020\/09\/WhatsApp-Image-2020-09-01-at-11.09.39-1024x537.jpeg 1024w, https:\/\/atecordoba.org\/wp-content\/uploads\/2020\/09\/WhatsApp-Image-2020-09-01-at-11.09.39-768x402.jpeg 768w, https:\/\/atecordoba.org\/wp-content\/uploads\/2020\/09\/WhatsApp-Image-2020-09-01-at-11.09.39-750x393.jpeg 750w, https:\/\/atecordoba.org\/wp-content\/uploads\/2020\/09\/WhatsApp-Image-2020-09-01-at-11.09.39.jpeg 1080w\" sizes=\"auto, (max-width: 606px) 100vw, 606px\" \/><figcaption id=\"caption-attachment-21513\" class=\"wp-caption-text\">Profesionales del Equipo de Salud Mental.<\/figcaption><\/figure>\n<p>De la misma, forma Isabel Mamani, otra de las integrantes del equipo de salud mental, concluy\u00f3 que &#8220;las autoridades no pueden atropellar a la poblaci\u00f3n y a las trabajadoras, desarmando el EAC, que tiene una importante inserci\u00f3n territorial desde el a\u00f1o 1985, momento de su creaci\u00f3n&#8221;.<\/p>\n<p>Y agreg\u00f3: &#8220;porque no se puede borrar el trabajo que el equipo viene realizando hace tantos a\u00f1os con vecinos, organizaciones e instituciones. Estas acciones del gobierno, lejos de contribuir a la salud de la poblaci\u00f3n, genera un importante da\u00f1o&#8221;.<\/p>\n<p>&nbsp;<\/p>\n","protected":false},"excerpt":{"rendered":"<p>Tras seis meses de clausura aduciendo problemas edilicios, el gobierno provincial hizo saber que reabrir\u00e1 la sede del Equipo de Atenci\u00f3n Comunitaria (EAC) de Villa Libertador, espacio de atenci\u00f3n sanitaria que funciona desde 1985 haciendo salud comunitaria con fuerte inserci\u00f3n territorial en una de las barriadas m\u00e1s abandonadas por la atenci\u00f3n estatal en el sur [&hellip;]<\/p>\n","protected":false},"author":7,"featured_media":21696,"comment_status":"open","ping_status":"open","sticky":true,"template":"","format":"standard","meta":{"_exactmetrics_skip_tracking":false,"_exactmetrics_sitenote_active":false,"_exactmetrics_sitenote_note":"","_exactmetrics_sitenote_category":0,"jnews-multi-image_gallery":[],"jnews_single_post":{"source_name":"","source_url":"","via_name":"","via_url":"","override_template":"0","override":[{"template":"1","single_blog_custom":"","parallax":"1","fullscreen":"0","layout":"right-sidebar","sidebar":"default-sidebar","second_sidebar":"default-sidebar","sticky_sidebar":"1","share_position":"top","share_float_style":"share-monocrhome","show_share_counter":"1","show_view_counter":"1","show_featured":"1","show_post_meta":"1","show_post_author":"1","show_post_author_image":"1","show_post_date":"1","post_date_format":"default","post_date_format_custom":"Y\/m\/d","show_post_category":"1","show_post_reading_time":"0","post_reading_time_wpm":"300","show_zoom_button":"0","zoom_button_out_step":"2","zoom_button_in_step":"3","show_post_tag":"1","show_prev_next_post":"1","show_popup_post":"1","number_popup_post":"1","show_author_box":"0","show_post_related":"0","show_inline_post_related":"0"}],"override_image_size":"0","image_override":[{"single_post_thumbnail_size":"crop-500","single_post_gallery_size":"crop-500"}],"trending_post":"0","trending_post_position":"meta","trending_post_label":"Trending","sponsored_post":"0","sponsored_post_label":"Sponsored by","sponsored_post_name":"","sponsored_post_url":"","sponsored_post_logo_enable":"0","sponsored_post_logo":"","sponsored_post_desc":""},"jnews_primary_category":{"id":""},"jnews_social_meta":{"fb_title":"","fb_description":"","fb_image":"","twitter_title":"","twitter_description":"","twitter_image":""},"jnews_review":[],"enable_review":"0","type":"percentage","name":"","summary":"","brand":"","sku":"","good":[{"good_text":""}],"bad":[{"bad_text":""}],"score_override":"","override_value":"","rating":[{"rating_text":"","rating_number":"10"}],"price":[{"shop":"","price":"","link":"","icon":""}],"jnews_override_counter":{"override_view_counter":"0","view_counter_number":"0","override_share_counter":"0","share_counter_number":"0","override_like_counter":"0","like_counter_number":"0","override_dislike_counter":"0","dislike_counter_number":"0"},"jnews_post_split":{"enable_post_split":"0","post_split":[{"template":"1","tag":"h2","numbering":"asc","mode":"normal"}]},"footnotes":""},"categories":[341,104,8],"tags":[488,563,470],"class_list":["post-21695","post","type-post","status-publish","format-standard","has-post-thumbnail","hentry","category-cdp","category-departamento-de-salud","category-provinciales","tag-equipo-de-salud-mental","tag-traslados-arbitrarios","tag-villa-libertador"],"jetpack_featured_media_url":"https:\/\/atecordoba.org\/wp-content\/uploads\/2020\/09\/flyer-radio-abierta-villa-libertador.jpg","_links":{"self":[{"href":"https:\/\/atecordoba.org\/index.php?rest_route=\/wp\/v2\/posts\/21695","targetHints":{"allow":["GET"]}}],"collection":[{"href":"https:\/\/atecordoba.org\/index.php?rest_route=\/wp\/v2\/posts"}],"about":[{"href":"https:\/\/atecordoba.org\/index.php?rest_route=\/wp\/v2\/types\/post"}],"author":[{"embeddable":true,"href":"https:\/\/atecordoba.org\/index.php?rest_route=\/wp\/v2\/users\/7"}],"replies":[{"embeddable":true,"href":"https:\/\/atecordoba.org\/index.php?rest_route=%2Fwp%2Fv2%2Fcomments&post=21695"}],"version-history":[{"count":6,"href":"https:\/\/atecordoba.org\/index.php?rest_route=\/wp\/v2\/posts\/21695\/revisions"}],"predecessor-version":[{"id":21703,"href":"https:\/\/atecordoba.org\/index.php?rest_route=\/wp\/v2\/posts\/21695\/revisions\/21703"}],"wp:featuredmedia":[{"embeddable":true,"href":"https:\/\/atecordoba.org\/index.php?rest_route=\/wp\/v2\/media\/21696"}],"wp:attachment":[{"href":"https:\/\/atecordoba.org\/index.php?rest_route=%2Fwp%2Fv2%2Fmedia&parent=21695"}],"wp:term":[{"taxonomy":"category","embeddable":true,"href":"https:\/\/atecordoba.org\/index.php?rest_route=%2Fwp%2Fv2%2Fcategories&post=21695"},{"taxonomy":"post_tag","embeddable":true,"href":"https:\/\/atecordoba.org\/index.php?rest_route=%2Fwp%2Fv2%2Ftags&post=21695"}],"curies":[{"name":"wp","href":"https:\/\/api.w.org\/{rel}","templated":true}]}}