{"id":21681,"date":"2020-09-09T11:35:36","date_gmt":"2020-09-09T14:35:36","guid":{"rendered":"https:\/\/atecordoba.org\/?p=21681"},"modified":"2020-09-09T11:35:36","modified_gmt":"2020-09-09T14:35:36","slug":"repudio-al-motin-policial-en-provincia-de-buenos-aires","status":"publish","type":"post","link":"https:\/\/atecordoba.org\/?p=21681","title":{"rendered":"Repudio al mot\u00edn policial en Provincia de Buenos Aires"},"content":{"rendered":"<p><img loading=\"lazy\" decoding=\"async\" class=\" wp-image-21682 aligncenter\" src=\"https:\/\/atecordoba.org\/wp-content\/uploads\/2020\/09\/motin-policial-300x169.jpg\" alt=\"\" width=\"600\" height=\"338\" srcset=\"https:\/\/atecordoba.org\/wp-content\/uploads\/2020\/09\/motin-policial-300x169.jpg 300w, https:\/\/atecordoba.org\/wp-content\/uploads\/2020\/09\/motin-policial-768x432.jpg 768w, https:\/\/atecordoba.org\/wp-content\/uploads\/2020\/09\/motin-policial-750x422.jpg 750w, https:\/\/atecordoba.org\/wp-content\/uploads\/2020\/09\/motin-policial.jpg 1004w\" sizes=\"auto, (max-width: 600px) 100vw, 600px\" \/><\/p>\n<p>Atento a los acontecimientos ocurridos en la Provincia de Buenos Aires, por parte de la Polic\u00eda Bonaerense, el Departamento de DDHH de ATE Consejo Directivo Provincial de C\u00f3rdoba, repudia los hechos ocurridos, e insta a la Polic\u00eda Bonaerense a cesar en la actitud antidemocr\u00e1tica, violatoria de las decisiones de la Corte Suprema de Justicia de la Naci\u00f3n, y a que deponga su actitud.<\/p>\n<p>Lo expresado obedece a la historia reciente de Latinoam\u00e9rica y en especial a los acontecimientos de los d\u00edas 3 y 4 de Diciembre de 2013 que tuvieron origen en esta provincia.<\/p>\n<p>La desprotecci\u00f3n de la ciudadan\u00eda por parte de los agentes policiales vulnera los DDHH de toda la poblaci\u00f3n y alienta posiciones golpistas por parte de los involucrados.<\/p>\n<p>De este CDP se solidariza con toda la ciudadan\u00eda de la Provincia de Buenos Aires y con las autoridades electas democr\u00e1ticamente y que asumieron el 19\/12\/2020, las que debieron hacerse cargo de una provincia desbastada por la \u00faltima gesti\u00f3n de gobierno y de una pandemia que afecta a la humanidad.<\/p>\n<p>Les recordamos a los agentes policiales que la justeza de sus reclamos salariales, les impone la obligaci\u00f3n de preservar las instituciones democr\u00e1ticas, y que no son los \u00fanicos trabajadores que tienen atraso salarial, y que tampoco son los\u00a0 \u00fanicos que est\u00e1n prestando servicios en los momentos de pandemia, ya que se encuentran todos los trabajadores de la Salud y los agentes de todos los gobiernos nacionales, provinciales y municipales que cumplen tareas presenciales.<\/p>\n<p style=\"text-align: center;\">C\u00e9sar Theaux<\/p>\n<p style=\"text-align: center;\">Secretario de Formaci\u00f3n<\/p>\n<p style=\"text-align: center;\">Director de Derechos Humanos<\/p>\n<p style=\"text-align: center;\">Consejo Directivo Provincial<\/p>\n<p style=\"text-align: center;\">ATE C\u00f3rdoba<\/p>\n","protected":false},"excerpt":{"rendered":"<p>Atento a los acontecimientos ocurridos en la Provincia de Buenos Aires, por parte de la Polic\u00eda Bonaerense, el Departamento de DDHH de ATE Consejo Directivo Provincial de C\u00f3rdoba, repudia los hechos ocurridos, e insta a la Polic\u00eda Bonaerense a cesar en la actitud antidemocr\u00e1tica, violatoria de las decisiones de la Corte Suprema de Justicia de [&hellip;]<\/p>\n","protected":false},"author":7,"featured_media":21682,"comment_status":"open","ping_status":"open","sticky":true,"template":"","format":"standard","meta":{"_exactmetrics_skip_tracking":false,"_exactmetrics_sitenote_active":false,"_exactmetrics_sitenote_note":"","_exactmetrics_sitenote_category":0,"jnews-multi-image_gallery":[],"jnews_single_post":{"source_name":"","source_url":"","via_name":"","via_url":"","override_template":"0","override":[{"template":"1","single_blog_custom":"","parallax":"1","fullscreen":"0","layout":"right-sidebar","sidebar":"default-sidebar","second_sidebar":"default-sidebar","sticky_sidebar":"1","share_position":"top","share_float_style":"share-monocrhome","show_share_counter":"1","show_view_counter":"1","show_featured":"1","show_post_meta":"1","show_post_author":"1","show_post_author_image":"1","show_post_date":"1","post_date_format":"default","post_date_format_custom":"Y\/m\/d","show_post_category":"1","show_post_reading_time":"0","post_reading_time_wpm":"300","show_zoom_button":"0","zoom_button_out_step":"2","zoom_button_in_step":"3","show_post_tag":"1","show_prev_next_post":"1","show_popup_post":"1","number_popup_post":"1","show_author_box":"0","show_post_related":"0","show_inline_post_related":"0"}],"override_image_size":"0","image_override":[{"single_post_thumbnail_size":"crop-500","single_post_gallery_size":"crop-500"}],"trending_post":"0","trending_post_position":"meta","trending_post_label":"Trending","sponsored_post":"0","sponsored_post_label":"Sponsored by","sponsored_post_name":"","sponsored_post_url":"","sponsored_post_logo_enable":"0","sponsored_post_logo":"","sponsored_post_desc":""},"jnews_primary_category":{"id":""},"jnews_social_meta":{"fb_title":"","fb_description":"","fb_image":"","twitter_title":"","twitter_description":"","twitter_image":""},"jnews_review":[],"enable_review":"0","type":"percentage","name":"","summary":"","brand":"","sku":"","good":[{"good_text":""}],"bad":[{"bad_text":""}],"score_override":"","override_value":"","rating":[{"rating_text":"","rating_number":"10"}],"price":[{"shop":"","price":"","link":"","icon":""}],"jnews_override_counter":{"override_view_counter":"0","view_counter_number":"0","override_share_counter":"0","share_counter_number":"0","override_like_counter":"0","like_counter_number":"0","override_dislike_counter":"0","dislike_counter_number":"0"},"jnews_post_split":{"enable_post_split":"0","post_split":[{"template":"1","tag":"h2","numbering":"asc","mode":"normal"}]},"footnotes":""},"categories":[10,122],"tags":[],"class_list":["post-21681","post","type-post","status-publish","format-standard","has-post-thumbnail","hentry","category-accion-politica","category-ddhh"],"jetpack_featured_media_url":"https:\/\/atecordoba.org\/wp-content\/uploads\/2020\/09\/motin-policial.jpg","_links":{"self":[{"href":"https:\/\/atecordoba.org\/index.php?rest_route=\/wp\/v2\/posts\/21681","targetHints":{"allow":["GET"]}}],"collection":[{"href":"https:\/\/atecordoba.org\/index.php?rest_route=\/wp\/v2\/posts"}],"about":[{"href":"https:\/\/atecordoba.org\/index.php?rest_route=\/wp\/v2\/types\/post"}],"author":[{"embeddable":true,"href":"https:\/\/atecordoba.org\/index.php?rest_route=\/wp\/v2\/users\/7"}],"replies":[{"embeddable":true,"href":"https:\/\/atecordoba.org\/index.php?rest_route=%2Fwp%2Fv2%2Fcomments&post=21681"}],"version-history":[{"count":1,"href":"https:\/\/atecordoba.org\/index.php?rest_route=\/wp\/v2\/posts\/21681\/revisions"}],"predecessor-version":[{"id":21683,"href":"https:\/\/atecordoba.org\/index.php?rest_route=\/wp\/v2\/posts\/21681\/revisions\/21683"}],"wp:featuredmedia":[{"embeddable":true,"href":"https:\/\/atecordoba.org\/index.php?rest_route=\/wp\/v2\/media\/21682"}],"wp:attachment":[{"href":"https:\/\/atecordoba.org\/index.php?rest_route=%2Fwp%2Fv2%2Fmedia&parent=21681"}],"wp:term":[{"taxonomy":"category","embeddable":true,"href":"https:\/\/atecordoba.org\/index.php?rest_route=%2Fwp%2Fv2%2Fcategories&post=21681"},{"taxonomy":"post_tag","embeddable":true,"href":"https:\/\/atecordoba.org\/index.php?rest_route=%2Fwp%2Fv2%2Ftags&post=21681"}],"curies":[{"name":"wp","href":"https:\/\/api.w.org\/{rel}","templated":true}]}}