{"id":21676,"date":"2020-09-09T11:21:38","date_gmt":"2020-09-09T14:21:38","guid":{"rendered":"https:\/\/atecordoba.org\/?p=21676"},"modified":"2020-09-09T11:22:29","modified_gmt":"2020-09-09T14:22:29","slug":"taller-virtual-sobre-historia-del-movimiento-obrero","status":"publish","type":"post","link":"https:\/\/atecordoba.org\/?p=21676","title":{"rendered":"Taller virtual sobre \u201cHistoria del Movimiento Obrero\u201d"},"content":{"rendered":"<p><img loading=\"lazy\" decoding=\"async\" class=\" wp-image-21678 aligncenter\" src=\"https:\/\/atecordoba.org\/wp-content\/uploads\/2020\/09\/flyer-taller-historia-mov-obrero-300x300.jpg\" alt=\"\" width=\"606\" height=\"606\" srcset=\"https:\/\/atecordoba.org\/wp-content\/uploads\/2020\/09\/flyer-taller-historia-mov-obrero-300x300.jpg 300w, https:\/\/atecordoba.org\/wp-content\/uploads\/2020\/09\/flyer-taller-historia-mov-obrero-1024x1024.jpg 1024w, https:\/\/atecordoba.org\/wp-content\/uploads\/2020\/09\/flyer-taller-historia-mov-obrero-150x150.jpg 150w, https:\/\/atecordoba.org\/wp-content\/uploads\/2020\/09\/flyer-taller-historia-mov-obrero-768x768.jpg 768w, https:\/\/atecordoba.org\/wp-content\/uploads\/2020\/09\/flyer-taller-historia-mov-obrero-560x560.jpg 560w, https:\/\/atecordoba.org\/wp-content\/uploads\/2020\/09\/flyer-taller-historia-mov-obrero-75x75.jpg 75w, https:\/\/atecordoba.org\/wp-content\/uploads\/2020\/09\/flyer-taller-historia-mov-obrero-750x750.jpg 750w, https:\/\/atecordoba.org\/wp-content\/uploads\/2020\/09\/flyer-taller-historia-mov-obrero.jpg 1080w\" sizes=\"auto, (max-width: 606px) 100vw, 606px\" \/>El curso constar\u00e1 de 6 encuentros y estar\u00e1 a cargo del secretario de Formaci\u00f3n, C\u00e9sar Theaux, y la secretaria de Prensa, Julia Giuliani, que comenzar\u00e1n a dictarse a partir de pr\u00f3ximo lunes 14 de septiembre.<\/p>\n<p>El lanzamiento se realizar\u00e1 v\u00eda zoom a las 18 horas y luego las clases se dictar\u00e1n por aula virtual.<\/p>\n<p>Cronograma:<\/p>\n<ul>\n<li>Primer encuentro: autoconciencia de clase. Proyecto de nueva sociedad y primer intento. 1800 a 1922.<\/li>\n<li>Segundo encuentro: 1922 a 1955. \u00c9pocas de lucha, organizaci\u00f3n y conquista de derechos. Primera experiencia de gobierno.<\/li>\n<li>Tercer encuentro: 1955 a 1976. De los a\u00f1os m\u00e1s felices de la clase trabajadora a la \u00e9poca m\u00e1s oscura.<\/li>\n<li>Cuarto encuentro: 1976 a 1983. Resistencia, militancia, mujeres y sindicalismo. El neoliberalismo en su m\u00e1ximo esplendor.<\/li>\n<li>Quinto encuentro: 1983 al 2000. Malvinas, democracia. Nuevos movimientos sociales.<\/li>\n<li>Sexto encuentro: 2000 a 2020. Organizaci\u00f3n popular. Nuevo sujeto social y pol\u00edtico. Estrategias del campo popular.<\/li>\n<\/ul>\n<p>Inscripciones <a href=\"https:\/\/forms.gle\/R7WLQ1ULCoySeqFUA\">aqu\u00ed<\/a>.<\/p>\n","protected":false},"excerpt":{"rendered":"<p>El curso constar\u00e1 de 6 encuentros y estar\u00e1 a cargo del secretario de Formaci\u00f3n, C\u00e9sar Theaux, y la secretaria de Prensa, Julia Giuliani, que comenzar\u00e1n a dictarse a partir de pr\u00f3ximo lunes 14 de septiembre. El lanzamiento se realizar\u00e1 v\u00eda zoom a las 18 horas y luego las clases se dictar\u00e1n por aula virtual. Cronograma: [&hellip;]<\/p>\n","protected":false},"author":7,"featured_media":21678,"comment_status":"open","ping_status":"open","sticky":true,"template":"","format":"standard","meta":{"_exactmetrics_skip_tracking":false,"_exactmetrics_sitenote_active":false,"_exactmetrics_sitenote_note":"","_exactmetrics_sitenote_category":0,"jnews-multi-image_gallery":[],"jnews_single_post":{"source_name":"","source_url":"","via_name":"","via_url":"","override_template":"0","override":[{"template":"1","single_blog_custom":"","parallax":"1","fullscreen":"0","layout":"right-sidebar","sidebar":"default-sidebar","second_sidebar":"default-sidebar","sticky_sidebar":"1","share_position":"top","share_float_style":"share-monocrhome","show_share_counter":"1","show_view_counter":"1","show_featured":"1","show_post_meta":"1","show_post_author":"1","show_post_author_image":"1","show_post_date":"1","post_date_format":"default","post_date_format_custom":"Y\/m\/d","show_post_category":"1","show_post_reading_time":"0","post_reading_time_wpm":"300","show_zoom_button":"0","zoom_button_out_step":"2","zoom_button_in_step":"3","show_post_tag":"1","show_prev_next_post":"1","show_popup_post":"1","number_popup_post":"1","show_author_box":"0","show_post_related":"0","show_inline_post_related":"0"}],"override_image_size":"0","image_override":[{"single_post_thumbnail_size":"crop-500","single_post_gallery_size":"crop-500"}],"trending_post":"0","trending_post_position":"meta","trending_post_label":"Trending","sponsored_post":"0","sponsored_post_label":"Sponsored by","sponsored_post_name":"","sponsored_post_url":"","sponsored_post_logo_enable":"0","sponsored_post_logo":"","sponsored_post_desc":""},"jnews_primary_category":{"id":""},"jnews_social_meta":{"fb_title":"","fb_description":"","fb_image":"","twitter_title":"","twitter_description":"","twitter_image":""},"jnews_review":[],"enable_review":"0","type":"percentage","name":"","summary":"","brand":"","sku":"","good":[{"good_text":""}],"bad":[{"bad_text":""}],"score_override":"","override_value":"","rating":[{"rating_text":"","rating_number":"10"}],"price":[{"shop":"","price":"","link":"","icon":""}],"jnews_override_counter":{"override_view_counter":"0","view_counter_number":"0","override_share_counter":"0","share_counter_number":"0","override_like_counter":"0","like_counter_number":"0","override_dislike_counter":"0","dislike_counter_number":"0"},"jnews_post_split":{"enable_post_split":"0","post_split":[{"template":"1","tag":"h2","numbering":"asc","mode":"normal"}]},"footnotes":""},"categories":[88],"tags":[559],"class_list":["post-21676","post","type-post","status-publish","format-standard","has-post-thumbnail","hentry","category-formacion","tag-historia-movimiento-obrero"],"jetpack_featured_media_url":"https:\/\/atecordoba.org\/wp-content\/uploads\/2020\/09\/flyer-taller-historia-mov-obrero.jpg","_links":{"self":[{"href":"https:\/\/atecordoba.org\/index.php?rest_route=\/wp\/v2\/posts\/21676","targetHints":{"allow":["GET"]}}],"collection":[{"href":"https:\/\/atecordoba.org\/index.php?rest_route=\/wp\/v2\/posts"}],"about":[{"href":"https:\/\/atecordoba.org\/index.php?rest_route=\/wp\/v2\/types\/post"}],"author":[{"embeddable":true,"href":"https:\/\/atecordoba.org\/index.php?rest_route=\/wp\/v2\/users\/7"}],"replies":[{"embeddable":true,"href":"https:\/\/atecordoba.org\/index.php?rest_route=%2Fwp%2Fv2%2Fcomments&post=21676"}],"version-history":[{"count":2,"href":"https:\/\/atecordoba.org\/index.php?rest_route=\/wp\/v2\/posts\/21676\/revisions"}],"predecessor-version":[{"id":21680,"href":"https:\/\/atecordoba.org\/index.php?rest_route=\/wp\/v2\/posts\/21676\/revisions\/21680"}],"wp:featuredmedia":[{"embeddable":true,"href":"https:\/\/atecordoba.org\/index.php?rest_route=\/wp\/v2\/media\/21678"}],"wp:attachment":[{"href":"https:\/\/atecordoba.org\/index.php?rest_route=%2Fwp%2Fv2%2Fmedia&parent=21676"}],"wp:term":[{"taxonomy":"category","embeddable":true,"href":"https:\/\/atecordoba.org\/index.php?rest_route=%2Fwp%2Fv2%2Fcategories&post=21676"},{"taxonomy":"post_tag","embeddable":true,"href":"https:\/\/atecordoba.org\/index.php?rest_route=%2Fwp%2Fv2%2Ftags&post=21676"}],"curies":[{"name":"wp","href":"https:\/\/api.w.org\/{rel}","templated":true}]}}