{"id":21654,"date":"2020-09-08T11:10:44","date_gmt":"2020-09-08T14:10:44","guid":{"rendered":"https:\/\/atecordoba.org\/?p=21654"},"modified":"2020-09-08T12:18:38","modified_gmt":"2020-09-08T15:18:38","slug":"villa-libertador-la-red-de-salud-mental-repudia-al-ministerio-de-salud-y-respalda-al-eac","status":"publish","type":"post","link":"https:\/\/atecordoba.org\/?p=21654","title":{"rendered":"Villa Libertador: la Red de Salud Mental repudia al Ministerio de Salud y respalda al EAC"},"content":{"rendered":"<p><img loading=\"lazy\" decoding=\"async\" class=\" wp-image-21656 aligncenter\" src=\"https:\/\/atecordoba.org\/wp-content\/uploads\/2020\/09\/WhatsApp-Image-2020-07-17-at-16.17.04-300x225.jpeg\" alt=\"\" width=\"596\" height=\"447\" srcset=\"https:\/\/atecordoba.org\/wp-content\/uploads\/2020\/09\/WhatsApp-Image-2020-07-17-at-16.17.04-300x225.jpeg 300w, https:\/\/atecordoba.org\/wp-content\/uploads\/2020\/09\/WhatsApp-Image-2020-07-17-at-16.17.04-1024x768.jpeg 1024w, https:\/\/atecordoba.org\/wp-content\/uploads\/2020\/09\/WhatsApp-Image-2020-07-17-at-16.17.04-768x576.jpeg 768w, https:\/\/atecordoba.org\/wp-content\/uploads\/2020\/09\/WhatsApp-Image-2020-07-17-at-16.17.04-750x563.jpeg 750w, https:\/\/atecordoba.org\/wp-content\/uploads\/2020\/09\/WhatsApp-Image-2020-07-17-at-16.17.04-1140x855.jpeg 1140w, https:\/\/atecordoba.org\/wp-content\/uploads\/2020\/09\/WhatsApp-Image-2020-07-17-at-16.17.04.jpeg 1280w\" sizes=\"auto, (max-width: 596px) 100vw, 596px\" \/>Ante la clausura durante cinco meses del del Equipo de Atenci\u00f3n Comunitaria (EAC) de Villa Libertador, donde funciona desde 1985 el Equipo de Salud Mental, integrantes de la Red de Salud Mental de la Provincia realizaron una carta p\u00fablica para interpelar duramente al Ministerio de Salud a cargo de Diego Cardozo, cuestionando la falta de respuestas del organismo ante el reclamo sostenido de ATE, de profesionales y de vecinos del sector.<\/p>\n<p>Los firmantes repudian el &#8220;silencio atronador&#8221; del \u00e1rea de responsabilidad directa del EAC y se lamentan sobre el destino de los profesionales involucrados. El texto completo:<\/p>\n<p>&#8220;Frente al silencio atronador de la coordinaci\u00f3n del \u00c1rea de Atenci\u00f3n Comunitaria y de las autoridades de Salud Mental de nuestra provincia respecto de la situaci\u00f3n del <strong>Equipo de Atenci\u00f3n Comunitaria de Villa El Libertador (EAC-VEL)<\/strong>, nosotros, integrantes del \u00c1rea, s\u00ed tomamos la palabra:<\/p>\n<p><img loading=\"lazy\" decoding=\"async\" class=\" wp-image-21655 alignleft\" src=\"https:\/\/atecordoba.org\/wp-content\/uploads\/2020\/09\/Red-de-Salud-Mental-de-C\u00f3rdoba-a-EAC-232x300.jpg\" alt=\"\" width=\"450\" height=\"582\" srcset=\"https:\/\/atecordoba.org\/wp-content\/uploads\/2020\/09\/Red-de-Salud-Mental-de-C\u00f3rdoba-a-EAC-232x300.jpg 232w, https:\/\/atecordoba.org\/wp-content\/uploads\/2020\/09\/Red-de-Salud-Mental-de-C\u00f3rdoba-a-EAC-791x1024.jpg 791w, https:\/\/atecordoba.org\/wp-content\/uploads\/2020\/09\/Red-de-Salud-Mental-de-C\u00f3rdoba-a-EAC-768x994.jpg 768w, https:\/\/atecordoba.org\/wp-content\/uploads\/2020\/09\/Red-de-Salud-Mental-de-C\u00f3rdoba-a-EAC-1187x1536.jpg 1187w, https:\/\/atecordoba.org\/wp-content\/uploads\/2020\/09\/Red-de-Salud-Mental-de-C\u00f3rdoba-a-EAC-1583x2048.jpg 1583w, https:\/\/atecordoba.org\/wp-content\/uploads\/2020\/09\/Red-de-Salud-Mental-de-C\u00f3rdoba-a-EAC-750x971.jpg 750w, https:\/\/atecordoba.org\/wp-content\/uploads\/2020\/09\/Red-de-Salud-Mental-de-C\u00f3rdoba-a-EAC-1140x1475.jpg 1140w, https:\/\/atecordoba.org\/wp-content\/uploads\/2020\/09\/Red-de-Salud-Mental-de-C\u00f3rdoba-a-EAC.jpg 1700w\" sizes=\"auto, (max-width: 450px) 100vw, 450px\" \/>para afirmar, para preguntar, para solicitar.<\/p>\n<ul>\n<li>No es s\u00f3lo un equipo; es una instituci\u00f3n.<\/li>\n<li>En casi 5 meses, muchos integrantes del \u00c1rea -y en diferentes momentos- pedimos e insistimos para que se abrieran canales de comunicaci\u00f3n institucionales (propusimos reuniones virtuales y otras) a partir de la situaci\u00f3n puntual del EAC-VEL.<\/li>\n<li>Tambi\u00e9n hubo m\u00faltiples pedidos relacionados a cuestiones generales del \u00c1rea como instituci\u00f3n, cuestiones emergentes en este contexto excepcional de alta incertidumbre que atravesamos, y para esto tampoco hubo comunicaciones institucionales que nos incluyeran.<\/li>\n<li>Repudiamos esta modalidad adoptada para \u2018resolver\u2019 cuestiones institucionales: sin escucha ni di\u00e1logo, sin intercambio ni participaci\u00f3n genuina, unilateral, vertical. Repudiamos esta forma de ejercer el poder.<\/li>\n<li>Preguntamos: las integrantes hist\u00f3ricas del EAC (\u00a1trasladadas compulsivamente por cuarta vez!) \u00bfsiguen siendo parte de nuestra \u00c1rea? Y valga aclarar que esto no es una pregunta ret\u00f3rica; ni siquiera eso sabemos.<\/li>\n<li>\u00bfQu\u00e9 ocurri\u00f3 con el compromiso asumido por las autoridades -escrito en una nota oficial- de que las trabajadoras del EAC volver\u00edan a su lugar habitual en el mes de julio?<\/li>\n<li>\u00bfC\u00f3mo \u2018entender\u2019 esta situaci\u00f3n particular en Villa El Libertador, y otras m\u00e1s generales, en este contexto de Pandemia donde la salud debe ser una prioridad?<\/li>\n<li>\u00bfY c\u00f3mo \u2018entenderlo\u2019 bajo el signo de los lineamientos de la Ley Provincial y de la Ley Nacional de Salud Mental respecto de las transformaciones del Sistema y la relevancia otorgada a los equipos y dispositivos en el trabajo y abordaje sostenido en comunidad?<\/li>\n<li>Por \u00faltimo, solicitamos, una vez m\u00e1s, se abran instancias genuinas de di\u00e1logo y participaci\u00f3n. Y sobre todo solicitamos se reincorpore a las integrantes del EAC a su espacio laboral, la comunidad donde est\u00e1n insertas y vienen trabajando desde hace m\u00e1s de veinte a\u00f1os.<\/li>\n<li>No es s\u00f3lo un equipo; es una instituci\u00f3n.<\/li>\n<\/ul>\n<p>P.D.: Tomamos la palabra porque estamos convencidos de que nos corresponde. Repudiamos porque estamos convencidos de lo que no corresponde. Y esperamos ser escuchados&#8221;.<\/p>\n<p style=\"text-align: center;\"><strong>Integrantes del \u00c1rea de Atenci\u00f3n Comunitaria y <\/strong><\/p>\n<p style=\"text-align: center;\"><strong>Trabajadores en Red de Salud Mental de C\u00f3rdoba. <\/strong><\/p>\n<p>&nbsp;<\/p>\n","protected":false},"excerpt":{"rendered":"<p>Ante la clausura durante cinco meses del del Equipo de Atenci\u00f3n Comunitaria (EAC) de Villa Libertador, donde funciona desde 1985 el Equipo de Salud Mental, integrantes de la Red de Salud Mental de la Provincia realizaron una carta p\u00fablica para interpelar duramente al Ministerio de Salud a cargo de Diego Cardozo, cuestionando la falta de [&hellip;]<\/p>\n","protected":false},"author":7,"featured_media":21656,"comment_status":"open","ping_status":"open","sticky":true,"template":"","format":"standard","meta":{"_exactmetrics_skip_tracking":false,"_exactmetrics_sitenote_active":false,"_exactmetrics_sitenote_note":"","_exactmetrics_sitenote_category":0,"jnews-multi-image_gallery":[],"jnews_single_post":{"source_name":"","source_url":"","via_name":"","via_url":"","override_template":"0","override":[{"template":"1","single_blog_custom":"","parallax":"1","fullscreen":"0","layout":"right-sidebar","sidebar":"default-sidebar","second_sidebar":"default-sidebar","sticky_sidebar":"1","share_position":"top","share_float_style":"share-monocrhome","show_share_counter":"1","show_view_counter":"1","show_featured":"1","show_post_meta":"1","show_post_author":"1","show_post_author_image":"1","show_post_date":"1","post_date_format":"default","post_date_format_custom":"Y\/m\/d","show_post_category":"1","show_post_reading_time":"0","post_reading_time_wpm":"300","show_zoom_button":"0","zoom_button_out_step":"2","zoom_button_in_step":"3","show_post_tag":"1","show_prev_next_post":"1","show_popup_post":"1","number_popup_post":"1","show_author_box":"0","show_post_related":"0","show_inline_post_related":"0"}],"override_image_size":"0","image_override":[{"single_post_thumbnail_size":"crop-500","single_post_gallery_size":"crop-500"}],"trending_post":"0","trending_post_position":"meta","trending_post_label":"Trending","sponsored_post":"0","sponsored_post_label":"Sponsored by","sponsored_post_name":"","sponsored_post_url":"","sponsored_post_logo_enable":"0","sponsored_post_logo":"","sponsored_post_desc":""},"jnews_primary_category":{"id":""},"jnews_social_meta":{"fb_title":"","fb_description":"","fb_image":"","twitter_title":"","twitter_description":"","twitter_image":""},"jnews_review":[],"enable_review":"0","type":"percentage","name":"","summary":"","brand":"","sku":"","good":[{"good_text":""}],"bad":[{"bad_text":""}],"score_override":"","override_value":"","rating":[{"rating_text":"","rating_number":"10"}],"price":[{"shop":"","price":"","link":"","icon":""}],"jnews_override_counter":{"override_view_counter":"0","view_counter_number":"0","override_share_counter":"0","share_counter_number":"0","override_like_counter":"0","like_counter_number":"0","override_dislike_counter":"0","dislike_counter_number":"0"},"jnews_post_split":{"enable_post_split":"0","post_split":[{"template":"1","tag":"h2","numbering":"asc","mode":"normal"}]},"footnotes":""},"categories":[10,341,104,8],"tags":[553],"class_list":["post-21654","post","type-post","status-publish","format-standard","has-post-thumbnail","hentry","category-accion-politica","category-cdp","category-departamento-de-salud","category-provinciales","tag-equipo-salud-mental-provincia"],"jetpack_featured_media_url":"https:\/\/atecordoba.org\/wp-content\/uploads\/2020\/09\/WhatsApp-Image-2020-07-17-at-16.17.04.jpeg","_links":{"self":[{"href":"https:\/\/atecordoba.org\/index.php?rest_route=\/wp\/v2\/posts\/21654","targetHints":{"allow":["GET"]}}],"collection":[{"href":"https:\/\/atecordoba.org\/index.php?rest_route=\/wp\/v2\/posts"}],"about":[{"href":"https:\/\/atecordoba.org\/index.php?rest_route=\/wp\/v2\/types\/post"}],"author":[{"embeddable":true,"href":"https:\/\/atecordoba.org\/index.php?rest_route=\/wp\/v2\/users\/7"}],"replies":[{"embeddable":true,"href":"https:\/\/atecordoba.org\/index.php?rest_route=%2Fwp%2Fv2%2Fcomments&post=21654"}],"version-history":[{"count":1,"href":"https:\/\/atecordoba.org\/index.php?rest_route=\/wp\/v2\/posts\/21654\/revisions"}],"predecessor-version":[{"id":21657,"href":"https:\/\/atecordoba.org\/index.php?rest_route=\/wp\/v2\/posts\/21654\/revisions\/21657"}],"wp:featuredmedia":[{"embeddable":true,"href":"https:\/\/atecordoba.org\/index.php?rest_route=\/wp\/v2\/media\/21656"}],"wp:attachment":[{"href":"https:\/\/atecordoba.org\/index.php?rest_route=%2Fwp%2Fv2%2Fmedia&parent=21654"}],"wp:term":[{"taxonomy":"category","embeddable":true,"href":"https:\/\/atecordoba.org\/index.php?rest_route=%2Fwp%2Fv2%2Fcategories&post=21654"},{"taxonomy":"post_tag","embeddable":true,"href":"https:\/\/atecordoba.org\/index.php?rest_route=%2Fwp%2Fv2%2Ftags&post=21654"}],"curies":[{"name":"wp","href":"https:\/\/api.w.org\/{rel}","templated":true}]}}