{"id":21638,"date":"2020-09-07T15:30:53","date_gmt":"2020-09-07T18:30:53","guid":{"rendered":"https:\/\/atecordoba.org\/?p=21638"},"modified":"2020-09-07T21:42:37","modified_gmt":"2020-09-08T00:42:37","slug":"se-completo-el-curso-de-capacitacion-de-la-coordinacion-cymat-en-cordoba","status":"publish","type":"post","link":"https:\/\/atecordoba.org\/?p=21638","title":{"rendered":"Se complet\u00f3 el curso de capacitaci\u00f3n de la Coordinaci\u00f3n CyMAT en C\u00f3rdoba"},"content":{"rendered":"<p><img loading=\"lazy\" decoding=\"async\" class=\" wp-image-21641 aligncenter\" src=\"https:\/\/atecordoba.org\/wp-content\/uploads\/2020\/09\/curso-ISLyMA_CyMAT_zoom-300x146.jpeg\" alt=\"\" width=\"606\" height=\"295\" srcset=\"https:\/\/atecordoba.org\/wp-content\/uploads\/2020\/09\/curso-ISLyMA_CyMAT_zoom-300x146.jpeg 300w, https:\/\/atecordoba.org\/wp-content\/uploads\/2020\/09\/curso-ISLyMA_CyMAT_zoom.jpeg 552w\" sizes=\"auto, (max-width: 606px) 100vw, 606px\" \/>Con el dictado del cuarto modulo concluy\u00f3 curso de capacitaci\u00f3n para delegados y delegadas CyMAT, dictado por el ISLyMA (CTAA) en articulaci\u00f3n con la Secretaria de Formaci\u00f3n del CDP y la Sub Delegaci\u00f3n de CyMAT de organismos nacionales del Consejo Directivo Provincial (CDP).<\/p>\n<p>En los cuatro m\u00f3dulos, implementados de manera virtual, se abarcaron distintas problem\u00e1ticas, como el plano legal, el rol del delegado y la participaci\u00f3n sindical, los riesgos psicosociales, la violencia laboral, la violencia de g\u00e9nero.<\/p>\n<figure id=\"attachment_21642\" aria-describedby=\"caption-attachment-21642\" style=\"width: 386px\" class=\"wp-caption alignright\"><img loading=\"lazy\" decoding=\"async\" class=\"wp-image-21642\" src=\"https:\/\/atecordoba.org\/wp-content\/uploads\/2020\/09\/programa-curso-islyma-183x300.jpeg\" alt=\"\" width=\"386\" height=\"632\" srcset=\"https:\/\/atecordoba.org\/wp-content\/uploads\/2020\/09\/programa-curso-islyma-183x300.jpeg 183w, https:\/\/atecordoba.org\/wp-content\/uploads\/2020\/09\/programa-curso-islyma-624x1024.jpeg 624w, https:\/\/atecordoba.org\/wp-content\/uploads\/2020\/09\/programa-curso-islyma.jpeg 638w\" sizes=\"auto, (max-width: 386px) 100vw, 386px\" \/><figcaption id=\"caption-attachment-21642\" class=\"wp-caption-text\">Programa desarrollado.<\/figcaption><\/figure>\n<p>La actividad cont\u00f3 con la participaron 32 compa\u00f1eros y compa\u00f1eras que deber\u00e1n realizan una evaluaci\u00f3n y trabajo pr\u00e1ctico para recibir el correspondiente certificado del curso realizado.<\/p>\n<p>&#8220;El curso fue bastante abarcativo, amplio y muy enriquecedor&#8221;, dijo el delegado gremial ATE SENASA y miembro de la coordinaci\u00f3n CyMAT de organismos nacionales del CDP, Mat\u00edas Giuliani, T\u00e9cnico en Higiene y Seguridad Laboral, que organiz\u00f3 del taller.<\/p>\n<p>&#8220;La intensi\u00f3n de la coordinaci\u00f3n que se form\u00f3 hacia febrero del corriente a\u00f1o apunta inicialmente a poner el foco en los organismos nacionales. C\u00f3rdoba es la tercera jurisdicci\u00f3n con mayor cantidad de trabajadoras y trabajadores nacionales, despu\u00e9s de CABA y Provincial de Buenos Aires&#8221;, explic\u00f3 Giuliani.<\/p>\n<p>Y agreg\u00f3: &#8220;adem\u00e1s, con la apertura de los \u00e1mbitos paritarios ATE est\u00e1 impulsando que se abran delegaciones CyMAT en cada provincia para evitar que se discuta en Buenos Aires y que cada distrito discuta su realidad donde corresponde. En ese sentido, apuntamos a la formaci\u00f3n para que las y los compa\u00f1eros no solo est\u00e9n formados sindicalmente para sentarse a discutir paritaria, carrera administrativa o antig\u00fcedad, sino tambi\u00e9n las condiciones en que trabajamos m\u00e1s a\u00fan en el marco de la pandemia del Covid 19. Todo con la perspectiva de seguir fortaleciendo la formaci\u00f3n y capacitaci\u00f3n, para que la coordinaci\u00f3n pase a ser un Departamento de Salud Laboral\u00a0 para poder volcar todo tipo de experiencias hacia los provinciales y los municipales&#8221;.<\/p>\n<p>Vale se\u00f1alar que el segundo m\u00f3dulo fue dictado por le secretario de Formaci\u00f3n C\u00e9sar Theaux y el tercer por la secretaria de Actas, Mar\u00eda Sotti.<\/p>\n<p>&nbsp;<\/p>\n","protected":false},"excerpt":{"rendered":"<p>Con el dictado del cuarto modulo concluy\u00f3 curso de capacitaci\u00f3n para delegados y delegadas CyMAT, dictado por el ISLyMA (CTAA) en articulaci\u00f3n con la Secretaria de Formaci\u00f3n del CDP y la Sub Delegaci\u00f3n de CyMAT de organismos nacionales del Consejo Directivo Provincial (CDP). En los cuatro m\u00f3dulos, implementados de manera virtual, se abarcaron distintas problem\u00e1ticas, [&hellip;]<\/p>\n","protected":false},"author":7,"featured_media":21641,"comment_status":"open","ping_status":"open","sticky":false,"template":"","format":"standard","meta":{"_exactmetrics_skip_tracking":false,"_exactmetrics_sitenote_active":false,"_exactmetrics_sitenote_note":"","_exactmetrics_sitenote_category":0,"jnews-multi-image_gallery":[],"jnews_single_post":{"source_name":"","source_url":"","via_name":"","via_url":"","override_template":"0","override":[{"template":"1","single_blog_custom":"","parallax":"1","fullscreen":"0","layout":"right-sidebar","sidebar":"default-sidebar","second_sidebar":"default-sidebar","sticky_sidebar":"1","share_position":"top","share_float_style":"share-monocrhome","show_share_counter":"1","show_view_counter":"1","show_featured":"1","show_post_meta":"1","show_post_author":"1","show_post_author_image":"1","show_post_date":"1","post_date_format":"default","post_date_format_custom":"Y\/m\/d","show_post_category":"1","show_post_reading_time":"0","post_reading_time_wpm":"300","show_zoom_button":"0","zoom_button_out_step":"2","zoom_button_in_step":"3","show_post_tag":"1","show_prev_next_post":"1","show_popup_post":"1","number_popup_post":"1","show_author_box":"0","show_post_related":"0","show_inline_post_related":"0"}],"override_image_size":"0","image_override":[{"single_post_thumbnail_size":"crop-500","single_post_gallery_size":"crop-500"}],"trending_post":"0","trending_post_position":"meta","trending_post_label":"Trending","sponsored_post":"0","sponsored_post_label":"Sponsored by","sponsored_post_name":"","sponsored_post_url":"","sponsored_post_logo_enable":"0","sponsored_post_logo":"","sponsored_post_desc":""},"jnews_primary_category":{"id":""},"jnews_social_meta":{"fb_title":"","fb_description":"","fb_image":"","twitter_title":"","twitter_description":"","twitter_image":""},"jnews_review":[],"enable_review":"0","type":"percentage","name":"","summary":"","brand":"","sku":"","good":[{"good_text":""}],"bad":[{"bad_text":""}],"score_override":"","override_value":"","rating":[{"rating_text":"","rating_number":"10"}],"price":[{"shop":"","price":"","link":"","icon":""}],"jnews_override_counter":{"override_view_counter":"0","view_counter_number":"0","override_share_counter":"0","share_counter_number":"0","override_like_counter":"0","like_counter_number":"0","override_dislike_counter":"0","dislike_counter_number":"0"},"jnews_post_split":{"enable_post_split":"0","post_split":[{"template":"1","tag":"h2","numbering":"asc","mode":"normal"}]},"footnotes":""},"categories":[549,88,550,18],"tags":[551,390],"class_list":["post-21638","post","type-post","status-publish","format-standard","has-post-thumbnail","hentry","category-cymat","category-formacion","category-islyma-2","category-nacionales","tag-capacitacion","tag-condiciones-de-trabajo"],"jetpack_featured_media_url":"https:\/\/atecordoba.org\/wp-content\/uploads\/2020\/09\/curso-ISLyMA_CyMAT_zoom.jpeg","_links":{"self":[{"href":"https:\/\/atecordoba.org\/index.php?rest_route=\/wp\/v2\/posts\/21638","targetHints":{"allow":["GET"]}}],"collection":[{"href":"https:\/\/atecordoba.org\/index.php?rest_route=\/wp\/v2\/posts"}],"about":[{"href":"https:\/\/atecordoba.org\/index.php?rest_route=\/wp\/v2\/types\/post"}],"author":[{"embeddable":true,"href":"https:\/\/atecordoba.org\/index.php?rest_route=\/wp\/v2\/users\/7"}],"replies":[{"embeddable":true,"href":"https:\/\/atecordoba.org\/index.php?rest_route=%2Fwp%2Fv2%2Fcomments&post=21638"}],"version-history":[{"count":3,"href":"https:\/\/atecordoba.org\/index.php?rest_route=\/wp\/v2\/posts\/21638\/revisions"}],"predecessor-version":[{"id":21653,"href":"https:\/\/atecordoba.org\/index.php?rest_route=\/wp\/v2\/posts\/21638\/revisions\/21653"}],"wp:featuredmedia":[{"embeddable":true,"href":"https:\/\/atecordoba.org\/index.php?rest_route=\/wp\/v2\/media\/21641"}],"wp:attachment":[{"href":"https:\/\/atecordoba.org\/index.php?rest_route=%2Fwp%2Fv2%2Fmedia&parent=21638"}],"wp:term":[{"taxonomy":"category","embeddable":true,"href":"https:\/\/atecordoba.org\/index.php?rest_route=%2Fwp%2Fv2%2Fcategories&post=21638"},{"taxonomy":"post_tag","embeddable":true,"href":"https:\/\/atecordoba.org\/index.php?rest_route=%2Fwp%2Fv2%2Ftags&post=21638"}],"curies":[{"name":"wp","href":"https:\/\/api.w.org\/{rel}","templated":true}]}}