{"id":21631,"date":"2020-09-07T13:32:13","date_gmt":"2020-09-07T16:32:13","guid":{"rendered":"https:\/\/atecordoba.org\/?p=21631"},"modified":"2020-09-07T13:32:13","modified_gmt":"2020-09-07T16:32:13","slug":"adelia-maria-bono-de-5-mil-pesos-para-las-y-los-trabajadores-esenciales-de-la-municipalidad","status":"publish","type":"post","link":"https:\/\/atecordoba.org\/?p=21631","title":{"rendered":"Adelia Mar\u00eda: bono de 5 mil pesos para las y los trabajadores esenciales de la Municipalidad"},"content":{"rendered":"<p><img loading=\"lazy\" decoding=\"async\" class=\" wp-image-21632 alignleft\" src=\"https:\/\/atecordoba.org\/wp-content\/uploads\/2020\/09\/acta-bono-adelia-maria-225x300.jpeg\" alt=\"\" width=\"293\" height=\"391\" srcset=\"https:\/\/atecordoba.org\/wp-content\/uploads\/2020\/09\/acta-bono-adelia-maria-225x300.jpeg 225w, https:\/\/atecordoba.org\/wp-content\/uploads\/2020\/09\/acta-bono-adelia-maria.jpeg 540w\" sizes=\"auto, (max-width: 293px) 100vw, 293px\" \/>El\u00a0 pago del bono de 5 mil pesos se hizo efectivo para una porci\u00f3n de las y los trabajadores en los \u00faltimos d\u00edas de agosto, y el resto del personal\u00a0 lo percibir\u00e1 a fines de septiembre.<\/p>\n<p>Las \u00e1reas que van a recibir el incentivo son Tr\u00e1nsito, Bromatolog\u00eda, Recolecci\u00f3n de Residuos y Desarrollo Social.<\/p>\n<p>En la audiencia estuvieron presentes el secretario general de la seccional, Diego Villegas, junto al intendente municipal, Jorge Marino, y el secretario de gobierno, Flavio Bioti.<\/p>\n<p>ATE logra as\u00ed una nueva conquista por parte de nuestro sindicato, y el reconocimiento a las y los compa\u00f1eros de la primera l\u00ednea.<\/p>\n","protected":false},"excerpt":{"rendered":"<p>El\u00a0 pago del bono de 5 mil pesos se hizo efectivo para una porci\u00f3n de las y los trabajadores en los \u00faltimos d\u00edas de agosto, y el resto del personal\u00a0 lo percibir\u00e1 a fines de septiembre. Las \u00e1reas que van a recibir el incentivo son Tr\u00e1nsito, Bromatolog\u00eda, Recolecci\u00f3n de Residuos y Desarrollo Social. En la [&hellip;]<\/p>\n","protected":false},"author":7,"featured_media":21633,"comment_status":"open","ping_status":"open","sticky":true,"template":"","format":"standard","meta":{"_exactmetrics_skip_tracking":false,"_exactmetrics_sitenote_active":false,"_exactmetrics_sitenote_note":"","_exactmetrics_sitenote_category":0,"jnews-multi-image_gallery":[],"jnews_single_post":{"source_name":"","source_url":"","via_name":"","via_url":"","override_template":"0","override":[{"template":"1","single_blog_custom":"","parallax":"1","fullscreen":"0","layout":"right-sidebar","sidebar":"default-sidebar","second_sidebar":"default-sidebar","sticky_sidebar":"1","share_position":"top","share_float_style":"share-monocrhome","show_share_counter":"1","show_view_counter":"1","show_featured":"1","show_post_meta":"1","show_post_author":"1","show_post_author_image":"1","show_post_date":"1","post_date_format":"default","post_date_format_custom":"Y\/m\/d","show_post_category":"1","show_post_reading_time":"0","post_reading_time_wpm":"300","show_zoom_button":"0","zoom_button_out_step":"2","zoom_button_in_step":"3","show_post_tag":"1","show_prev_next_post":"1","show_popup_post":"1","number_popup_post":"1","show_author_box":"0","show_post_related":"0","show_inline_post_related":"0"}],"override_image_size":"0","image_override":[{"single_post_thumbnail_size":"crop-500","single_post_gallery_size":"crop-500"}],"trending_post":"0","trending_post_position":"meta","trending_post_label":"Trending","sponsored_post":"0","sponsored_post_label":"Sponsored by","sponsored_post_name":"","sponsored_post_url":"","sponsored_post_logo_enable":"0","sponsored_post_logo":"","sponsored_post_desc":""},"jnews_primary_category":{"id":""},"jnews_social_meta":{"fb_title":"","fb_description":"","fb_image":"","twitter_title":"","twitter_description":"","twitter_image":""},"jnews_review":[],"enable_review":"0","type":"percentage","name":"","summary":"","brand":"","sku":"","good":[{"good_text":""}],"bad":[{"bad_text":""}],"score_override":"","override_value":"","rating":[{"rating_text":"","rating_number":"10"}],"price":[{"shop":"","price":"","link":"","icon":""}],"jnews_override_counter":{"override_view_counter":"0","view_counter_number":"0","override_share_counter":"0","share_counter_number":"0","override_like_counter":"0","like_counter_number":"0","override_dislike_counter":"0","dislike_counter_number":"0"},"jnews_post_split":{"enable_post_split":"0","post_split":[{"template":"1","tag":"h2","numbering":"asc","mode":"normal"}]},"footnotes":""},"categories":[149,20],"tags":[410,520],"class_list":["post-21631","post","type-post","status-publish","format-standard","has-post-thumbnail","hentry","category-adelia-maria","category-municipales","tag-bono-5000","tag-bono-de-salud"],"jetpack_featured_media_url":"https:\/\/atecordoba.org\/wp-content\/uploads\/2020\/09\/Adelia-Mar\u00eda-portada.jpg","_links":{"self":[{"href":"https:\/\/atecordoba.org\/index.php?rest_route=\/wp\/v2\/posts\/21631","targetHints":{"allow":["GET"]}}],"collection":[{"href":"https:\/\/atecordoba.org\/index.php?rest_route=\/wp\/v2\/posts"}],"about":[{"href":"https:\/\/atecordoba.org\/index.php?rest_route=\/wp\/v2\/types\/post"}],"author":[{"embeddable":true,"href":"https:\/\/atecordoba.org\/index.php?rest_route=\/wp\/v2\/users\/7"}],"replies":[{"embeddable":true,"href":"https:\/\/atecordoba.org\/index.php?rest_route=%2Fwp%2Fv2%2Fcomments&post=21631"}],"version-history":[{"count":1,"href":"https:\/\/atecordoba.org\/index.php?rest_route=\/wp\/v2\/posts\/21631\/revisions"}],"predecessor-version":[{"id":21634,"href":"https:\/\/atecordoba.org\/index.php?rest_route=\/wp\/v2\/posts\/21631\/revisions\/21634"}],"wp:featuredmedia":[{"embeddable":true,"href":"https:\/\/atecordoba.org\/index.php?rest_route=\/wp\/v2\/media\/21633"}],"wp:attachment":[{"href":"https:\/\/atecordoba.org\/index.php?rest_route=%2Fwp%2Fv2%2Fmedia&parent=21631"}],"wp:term":[{"taxonomy":"category","embeddable":true,"href":"https:\/\/atecordoba.org\/index.php?rest_route=%2Fwp%2Fv2%2Fcategories&post=21631"},{"taxonomy":"post_tag","embeddable":true,"href":"https:\/\/atecordoba.org\/index.php?rest_route=%2Fwp%2Fv2%2Ftags&post=21631"}],"curies":[{"name":"wp","href":"https:\/\/api.w.org\/{rel}","templated":true}]}}