{"id":21616,"date":"2020-09-07T12:35:15","date_gmt":"2020-09-07T15:35:15","guid":{"rendered":"https:\/\/atecordoba.org\/?p=21616"},"modified":"2020-09-09T15:37:41","modified_gmt":"2020-09-09T18:37:41","slug":"rescoldos-de-los-incendios","status":"publish","type":"post","link":"https:\/\/atecordoba.org\/?p=21616","title":{"rendered":"Rescoldos de los incendios"},"content":{"rendered":"<p>Testimonio y registro fotogr\u00e1fico de <strong>Leandro Rueda <\/strong>(ATE-INTI Cruz del Eje)<\/p>\n<p><img loading=\"lazy\" decoding=\"async\" class=\" wp-image-21617 aligncenter\" src=\"https:\/\/atecordoba.org\/wp-content\/uploads\/2020\/09\/WhatsApp-Image-2020-09-07-at-12.04.42-2-300x139.jpeg\" alt=\"\" width=\"597\" height=\"277\" srcset=\"https:\/\/atecordoba.org\/wp-content\/uploads\/2020\/09\/WhatsApp-Image-2020-09-07-at-12.04.42-2-300x139.jpeg 300w, https:\/\/atecordoba.org\/wp-content\/uploads\/2020\/09\/WhatsApp-Image-2020-09-07-at-12.04.42-2-1024x473.jpeg 1024w, https:\/\/atecordoba.org\/wp-content\/uploads\/2020\/09\/WhatsApp-Image-2020-09-07-at-12.04.42-2-768x355.jpeg 768w, https:\/\/atecordoba.org\/wp-content\/uploads\/2020\/09\/WhatsApp-Image-2020-09-07-at-12.04.42-2-750x347.jpeg 750w, https:\/\/atecordoba.org\/wp-content\/uploads\/2020\/09\/WhatsApp-Image-2020-09-07-at-12.04.42-2.jpeg 1032w\" sizes=\"auto, (max-width: 597px) 100vw, 597px\" \/>&#8220;El impacto destructivo de los incendios en nuestras sierras cordobesas es muy alto y abarca m\u00faltiples aspectos: decenas de miles de hect\u00e1reas de monte y bosque nativo arrasadas en poco d\u00edas; los delicados equilibrios del ecosistema regional gravemente alterados; las actividades tradicionales de numerosas familias campesinas y peque\u00f1o-productoras quebradas por la p\u00e9rdida de sus reba\u00f1os, criaderos, corrales, apiarios y cultivos; circuitos tur\u00edsticos afectados en sus atractivos paisajes, debilitando la oferta de producci\u00f3n local de familias artesanas y <img loading=\"lazy\" decoding=\"async\" class=\" wp-image-21621 alignright\" src=\"https:\/\/atecordoba.org\/wp-content\/uploads\/2020\/09\/WhatsApp-Image-2020-09-07-at-12.04.42-1-300x139.jpeg\" alt=\"\" width=\"429\" height=\"199\" srcset=\"https:\/\/atecordoba.org\/wp-content\/uploads\/2020\/09\/WhatsApp-Image-2020-09-07-at-12.04.42-1-300x139.jpeg 300w, https:\/\/atecordoba.org\/wp-content\/uploads\/2020\/09\/WhatsApp-Image-2020-09-07-at-12.04.42-1-1024x474.jpeg 1024w, https:\/\/atecordoba.org\/wp-content\/uploads\/2020\/09\/WhatsApp-Image-2020-09-07-at-12.04.42-1-768x355.jpeg 768w, https:\/\/atecordoba.org\/wp-content\/uploads\/2020\/09\/WhatsApp-Image-2020-09-07-at-12.04.42-1-750x347.jpeg 750w, https:\/\/atecordoba.org\/wp-content\/uploads\/2020\/09\/WhatsApp-Image-2020-09-07-at-12.04.42-1-1140x527.jpeg 1140w, https:\/\/atecordoba.org\/wp-content\/uploads\/2020\/09\/WhatsApp-Image-2020-09-07-at-12.04.42-1.jpeg 1280w\" sizes=\"auto, (max-width: 429px) 100vw, 429px\" \/>elaboradores; viviendas total o parcialmente da\u00f1adas, donde el fuego se llev\u00f3 no solo bienes materiales sino tambi\u00e9n recuerdos y pertenencias personales insustituibles.<\/p>\n<p>Volvemos a denunciar que el origen de estos incendios est\u00e1 vinculado a pr\u00e1cticas e intereses que tienen como resultado una mayor concentraci\u00f3n de la riqueza, mediante la expansi\u00f3n de la frontera agropecuaria y\/o el desarrollismo inmobiliario por encima de los bienes comunes invaluables que constituyen nuestros bosques y montes aut\u00f3ctonos.<\/p>\n<p>Y nuevamente queremos revalorizar el enorme esfuerzo de decenas de bomberos y bomberas de las diversas dotaciones regionales, quienes ponen en riesgo sus propias vidas enfrentando los incendios.<\/p>\n<p><strong>Acci\u00f3n Colectiva<\/strong><\/p>\n<p>Esta temporada de incendios est\u00e1 dejando como quiz\u00e1s \u00fanico y gran saldo positivo la conformaci\u00f3n de grupos de vecinas, vecinos y baqueanos que lograron auto-organizarse como brigadistas provenientes de las diversas <img loading=\"lazy\" decoding=\"async\" class=\" wp-image-21619 alignleft\" src=\"https:\/\/atecordoba.org\/wp-content\/uploads\/2020\/09\/WhatsApp-Image-2020-09-07-at-12.04.42-300x139.jpeg\" alt=\"\" width=\"436\" height=\"202\" srcset=\"https:\/\/atecordoba.org\/wp-content\/uploads\/2020\/09\/WhatsApp-Image-2020-09-07-at-12.04.42-300x139.jpeg 300w, https:\/\/atecordoba.org\/wp-content\/uploads\/2020\/09\/WhatsApp-Image-2020-09-07-at-12.04.42-1024x474.jpeg 1024w, https:\/\/atecordoba.org\/wp-content\/uploads\/2020\/09\/WhatsApp-Image-2020-09-07-at-12.04.42-768x355.jpeg 768w, https:\/\/atecordoba.org\/wp-content\/uploads\/2020\/09\/WhatsApp-Image-2020-09-07-at-12.04.42-750x347.jpeg 750w, https:\/\/atecordoba.org\/wp-content\/uploads\/2020\/09\/WhatsApp-Image-2020-09-07-at-12.04.42-1140x527.jpeg 1140w, https:\/\/atecordoba.org\/wp-content\/uploads\/2020\/09\/WhatsApp-Image-2020-09-07-at-12.04.42.jpeg 1280w\" sizes=\"auto, (max-width: 436px) 100vw, 436px\" \/>localidades serranas, como por ejemplo San Marcos Sierras, Santa Isabel, Charbonier, Capilla del Monte, Villa Giardino, entre otras.<\/p>\n<p>En una primera instancia estas voluntarias y voluntarios asumieron un protagonismo decidido en defensa del monte nativo mediante una estrategia principal: actuar como &#8220;guardias de cenizas&#8221; en la retaguardia inmediata de los cuerpos de bomberos, controlando que las brasas vivas no vuelvan a iniciar focos de fuego en medio de condiciones clim\u00e1ticas adversas, sosteniendo largas vigilias nocturnas y diurnas, con m\u00ednimo o nulo equipamiento especializado, recorriendo largos kil\u00f3metros a caballo, en veh\u00edculos particulares y a pi\u00e9.<\/p>\n<p><img loading=\"lazy\" decoding=\"async\" class=\" wp-image-21635 alignright\" src=\"https:\/\/atecordoba.org\/wp-content\/uploads\/2020\/09\/WhatsApp-Image-2020-09-07-at-13.24.05-300x139.jpeg\" alt=\"\" width=\"483\" height=\"224\" srcset=\"https:\/\/atecordoba.org\/wp-content\/uploads\/2020\/09\/WhatsApp-Image-2020-09-07-at-13.24.05-300x139.jpeg 300w, https:\/\/atecordoba.org\/wp-content\/uploads\/2020\/09\/WhatsApp-Image-2020-09-07-at-13.24.05-768x355.jpeg 768w, https:\/\/atecordoba.org\/wp-content\/uploads\/2020\/09\/WhatsApp-Image-2020-09-07-at-13.24.05-750x347.jpeg 750w, https:\/\/atecordoba.org\/wp-content\/uploads\/2020\/09\/WhatsApp-Image-2020-09-07-at-13.24.05.jpeg 929w\" sizes=\"auto, (max-width: 483px) 100vw, 483px\" \/>Las voluntarias y voluntarios que fueron integrando estas brigadas lograron resolver desaf\u00edos complejos en muy pocas horas, imprescindible para sostener el trabajo de quienes manten\u00edan la guardia de cenizas: desde la gesti\u00f3n de donaciones de todo tipo (agua y alimentos, diversos elementos de protecci\u00f3n, compra de herramientas e insumos cr\u00edticos, combustible, etc.), la preparaci\u00f3n de comidas y viandas, la fabricaci\u00f3n o reparaci\u00f3n de chicotes y mochilas de agua, el traslado coordinado de insumos y materiales con veh\u00edculos solidarios, etc.<\/p>\n<p>Desde ATE C\u00f3rdoba tambi\u00e9n estuvimos sumando nuestro aporte mediante donaciones a los cuerpos de bomberos que estuvieron en acci\u00f3n. Y tambi\u00e9n nos sumamos con la gesti\u00f3n de donaciones de elementos esenciales para las brigadas de voluntarias\/os, cuyo trabajo a\u00fan no termina ya que quedan m\u00faltiples actividades de reparaci\u00f3n y remediaci\u00f3n ambiental por hacer.<\/p>\n<p><img loading=\"lazy\" decoding=\"async\" class=\"wp-image-21618 aligncenter\" src=\"https:\/\/atecordoba.org\/wp-content\/uploads\/2020\/09\/WhatsApp-Image-2020-09-07-at-12.04.42-3-300x225.jpeg\" alt=\"\" width=\"420\" height=\"315\" srcset=\"https:\/\/atecordoba.org\/wp-content\/uploads\/2020\/09\/WhatsApp-Image-2020-09-07-at-12.04.42-3-300x225.jpeg 300w, https:\/\/atecordoba.org\/wp-content\/uploads\/2020\/09\/WhatsApp-Image-2020-09-07-at-12.04.42-3-1024x768.jpeg 1024w, https:\/\/atecordoba.org\/wp-content\/uploads\/2020\/09\/WhatsApp-Image-2020-09-07-at-12.04.42-3-768x576.jpeg 768w, https:\/\/atecordoba.org\/wp-content\/uploads\/2020\/09\/WhatsApp-Image-2020-09-07-at-12.04.42-3-750x563.jpeg 750w, https:\/\/atecordoba.org\/wp-content\/uploads\/2020\/09\/WhatsApp-Image-2020-09-07-at-12.04.42-3-1140x855.jpeg 1140w, https:\/\/atecordoba.org\/wp-content\/uploads\/2020\/09\/WhatsApp-Image-2020-09-07-at-12.04.42-3.jpeg 1280w\" sizes=\"auto, (max-width: 420px) 100vw, 420px\" \/>A modo de ejemplo, durante el fin de semana algunas vecinas y vecinos de Santa Isabel y San Marcos Sierras se reunieron para la limpieza de escombros de dos viviendas gravemente afectadas por el incendio sobre el Camino a Ongamira, una de ellas perteneciente a una compa\u00f1era estatal que trabaja en el INTI-Cruz del Eje (cuyas fotos que ilustran la presente nota). Esta tarea, por momentos dif\u00edcil y dolorosa, pudo ser posible solo por el acompa\u00f1amiento colectivo.<\/p>\n<p>La organizaci\u00f3n popular seguir\u00e1 tejiendo redes de cooperaci\u00f3n por el bien com\u00fan, y la restauraci\u00f3n del monte nativo afectado es parte de la agenda de trabajo. Desde ATE C\u00f3rdoba renovamos el compromiso para seguir construyendo redes junto a las brigadas de vecinas y vecinos afectados en esta regi\u00f3n.<\/p>\n","protected":false},"excerpt":{"rendered":"<p>Testimonio y registro fotogr\u00e1fico de Leandro Rueda (ATE-INTI Cruz del Eje) &#8220;El impacto destructivo de los incendios en nuestras sierras cordobesas es muy alto y abarca m\u00faltiples aspectos: decenas de miles de hect\u00e1reas de monte y bosque nativo arrasadas en poco d\u00edas; los delicados equilibrios del ecosistema regional gravemente alterados; las actividades tradicionales de numerosas [&hellip;]<\/p>\n","protected":false},"author":7,"featured_media":21617,"comment_status":"open","ping_status":"open","sticky":true,"template":"","format":"standard","meta":{"_exactmetrics_skip_tracking":false,"_exactmetrics_sitenote_active":false,"_exactmetrics_sitenote_note":"","_exactmetrics_sitenote_category":0,"jnews-multi-image_gallery":[],"jnews_single_post":{"source_name":"","source_url":"","via_name":"","via_url":"","override_template":"0","override":[{"template":"1","single_blog_custom":"","parallax":"1","fullscreen":"0","layout":"right-sidebar","sidebar":"default-sidebar","second_sidebar":"default-sidebar","sticky_sidebar":"1","share_position":"top","share_float_style":"share-monocrhome","show_share_counter":"1","show_view_counter":"1","show_featured":"1","show_post_meta":"1","show_post_author":"1","show_post_author_image":"1","show_post_date":"1","post_date_format":"default","post_date_format_custom":"Y\/m\/d","show_post_category":"1","show_post_reading_time":"0","post_reading_time_wpm":"300","show_zoom_button":"0","zoom_button_out_step":"2","zoom_button_in_step":"3","show_post_tag":"1","show_prev_next_post":"1","show_popup_post":"1","number_popup_post":"1","show_author_box":"0","show_post_related":"0","show_inline_post_related":"0"}],"override_image_size":"0","image_override":[{"single_post_thumbnail_size":"crop-500","single_post_gallery_size":"crop-500"}],"trending_post":"0","trending_post_position":"meta","trending_post_label":"Trending","sponsored_post":"0","sponsored_post_label":"Sponsored by","sponsored_post_name":"","sponsored_post_url":"","sponsored_post_logo_enable":"0","sponsored_post_logo":"","sponsored_post_desc":""},"jnews_primary_category":{"id":""},"jnews_social_meta":{"fb_title":"","fb_description":"","fb_image":"","twitter_title":"","twitter_description":"","twitter_image":""},"jnews_review":[],"enable_review":"0","type":"percentage","name":"","summary":"","brand":"","sku":"","good":[{"good_text":""}],"bad":[{"bad_text":""}],"score_override":"","override_value":"","rating":[{"rating_text":"","rating_number":"10"}],"price":[{"shop":"","price":"","link":"","icon":""}],"jnews_override_counter":{"override_view_counter":"0","view_counter_number":"0","override_share_counter":"0","share_counter_number":"0","override_like_counter":"0","like_counter_number":"0","override_dislike_counter":"0","dislike_counter_number":"0"},"jnews_post_split":{"enable_post_split":"0","post_split":[{"template":"1","tag":"h2","numbering":"asc","mode":"normal"}]},"footnotes":""},"categories":[75,150,34],"tags":[530],"class_list":["post-21616","post","type-post","status-publish","format-standard","has-post-thumbnail","hentry","category-accion-social","category-cruz-del-eje","category-seccionales","tag-incendios"],"jetpack_featured_media_url":"https:\/\/atecordoba.org\/wp-content\/uploads\/2020\/09\/WhatsApp-Image-2020-09-07-at-12.04.42-2.jpeg","_links":{"self":[{"href":"https:\/\/atecordoba.org\/index.php?rest_route=\/wp\/v2\/posts\/21616","targetHints":{"allow":["GET"]}}],"collection":[{"href":"https:\/\/atecordoba.org\/index.php?rest_route=\/wp\/v2\/posts"}],"about":[{"href":"https:\/\/atecordoba.org\/index.php?rest_route=\/wp\/v2\/types\/post"}],"author":[{"embeddable":true,"href":"https:\/\/atecordoba.org\/index.php?rest_route=\/wp\/v2\/users\/7"}],"replies":[{"embeddable":true,"href":"https:\/\/atecordoba.org\/index.php?rest_route=%2Fwp%2Fv2%2Fcomments&post=21616"}],"version-history":[{"count":8,"href":"https:\/\/atecordoba.org\/index.php?rest_route=\/wp\/v2\/posts\/21616\/revisions"}],"predecessor-version":[{"id":21640,"href":"https:\/\/atecordoba.org\/index.php?rest_route=\/wp\/v2\/posts\/21616\/revisions\/21640"}],"wp:featuredmedia":[{"embeddable":true,"href":"https:\/\/atecordoba.org\/index.php?rest_route=\/wp\/v2\/media\/21617"}],"wp:attachment":[{"href":"https:\/\/atecordoba.org\/index.php?rest_route=%2Fwp%2Fv2%2Fmedia&parent=21616"}],"wp:term":[{"taxonomy":"category","embeddable":true,"href":"https:\/\/atecordoba.org\/index.php?rest_route=%2Fwp%2Fv2%2Fcategories&post=21616"},{"taxonomy":"post_tag","embeddable":true,"href":"https:\/\/atecordoba.org\/index.php?rest_route=%2Fwp%2Fv2%2Ftags&post=21616"}],"curies":[{"name":"wp","href":"https:\/\/api.w.org\/{rel}","templated":true}]}}