{"id":21613,"date":"2020-09-07T09:40:01","date_gmt":"2020-09-07T12:40:01","guid":{"rendered":"https:\/\/atecordoba.org\/?p=21613"},"modified":"2020-09-07T09:40:01","modified_gmt":"2020-09-07T12:40:01","slug":"maternidad-comenzaran-testeos-serologicos-a-las-y-los-trabajadores","status":"publish","type":"post","link":"https:\/\/atecordoba.org\/?p=21613","title":{"rendered":"Maternidad: comenzar\u00e1n testeos serol\u00f3gicos a las y los trabajadores"},"content":{"rendered":"<figure id=\"attachment_21614\" aria-describedby=\"caption-attachment-21614\" style=\"width: 600px\" class=\"wp-caption aligncenter\"><img loading=\"lazy\" decoding=\"async\" class=\"wp-image-21614\" src=\"https:\/\/atecordoba.org\/wp-content\/uploads\/2020\/09\/maternidad-provincial.jpg\" alt=\"\" width=\"600\" height=\"360\" \/><figcaption id=\"caption-attachment-21614\" class=\"wp-caption-text\">Imagen de archivo.<span style=\"color: #333333; font-size: 15px;\">\u00a0<\/span><\/figcaption><\/figure>\n<p><span style=\"color: #333333; font-size: 15px;\">En una reuni\u00f3n llevada a cabo el jueves 3 de septiembre entre los sindicatos y la Direcci\u00f3n del Hospital Materno Provincial, se inform\u00f3 a la representaci\u00f3n gremial que se encuentran programados los testeos pedidos para todo el personal hospitalario.\u00a0 <\/span><\/p>\n<p>La t\u00e9cnica utilizada ser\u00e1 de Test R\u00e1pidos (Serologicos) en sangre que determinan valores de anticuerpos anti-covid 19, y al igual que el testeo anterior en caso de da positivo se realiza el hisopado correspondiente.<\/p>\n<p>La programaci\u00f3n de estas pruebas se har\u00e1n en dos horarios, el primero cubrir\u00e1 el turno de trabajo nocturno y se realizar\u00e1 en las primeras horas de la ma\u00f1ana, para evitar a las y los compa\u00f1eros ser citados en horas de descanso. En tanto, el segundo turno, para compa\u00f1eras y compa\u00f1eros del turno ma\u00f1ana y tarde, se realizar\u00e1 desde el mediod\u00eda a primeras horas de la tarde.<\/p>\n<p>A tal fin, el centro de salud confeccionar\u00e1 una n\u00f3mina con un total de compa\u00f1eros a testear por d\u00eda, que se llevar\u00e1n a cabo cada 21 d\u00edas.<\/p>\n<p>Las autoridades se\u00f1alaron que se realizan estos test por ser de mas r\u00e1pido diagnostico que los hisopados.<\/p>\n<p>Adem\u00e1s, la Direcci\u00f3n de la Maternidad habr\u00eda elevado el pasado viernes al Ministerio de Salud un pedido formal de personal para el hospital, haciendo hincapi\u00e9 en trabajadoras y trabajadores de sectores m\u00e9dicos y enfermer\u00eda, mientras perdure la pandemia.<\/p>\n<p>Se inform\u00f3 tambi\u00e9n est\u00e1n controlados a los casos de Covid 19 que se presentaron y que los mismos est\u00e1n en constante vigilancia epidemiol\u00f3gica.<\/p>\n<p>De tono cordial y amable, se pact\u00f3 la pr\u00f3xima reuni\u00f3n para el jueves 10 de septiembre.<\/p>\n","protected":false},"excerpt":{"rendered":"<p>En una reuni\u00f3n llevada a cabo el jueves 3 de septiembre entre los sindicatos y la Direcci\u00f3n del Hospital Materno Provincial, se inform\u00f3 a la representaci\u00f3n gremial que se encuentran programados los testeos pedidos para todo el personal hospitalario.\u00a0 La t\u00e9cnica utilizada ser\u00e1 de Test R\u00e1pidos (Serologicos) en sangre que determinan valores de anticuerpos anti-covid [&hellip;]<\/p>\n","protected":false},"author":7,"featured_media":21614,"comment_status":"open","ping_status":"open","sticky":false,"template":"","format":"standard","meta":{"_exactmetrics_skip_tracking":false,"_exactmetrics_sitenote_active":false,"_exactmetrics_sitenote_note":"","_exactmetrics_sitenote_category":0,"jnews-multi-image_gallery":[],"jnews_single_post":{"source_name":"","source_url":"","via_name":"","via_url":"","override_template":"0","override":[{"template":"1","single_blog_custom":"","parallax":"1","fullscreen":"0","layout":"right-sidebar","sidebar":"default-sidebar","second_sidebar":"default-sidebar","sticky_sidebar":"1","share_position":"top","share_float_style":"share-monocrhome","show_share_counter":"1","show_view_counter":"1","show_featured":"1","show_post_meta":"1","show_post_author":"1","show_post_author_image":"1","show_post_date":"1","post_date_format":"default","post_date_format_custom":"Y\/m\/d","show_post_category":"1","show_post_reading_time":"0","post_reading_time_wpm":"300","show_zoom_button":"0","zoom_button_out_step":"2","zoom_button_in_step":"3","show_post_tag":"1","show_prev_next_post":"1","show_popup_post":"1","number_popup_post":"1","show_author_box":"0","show_post_related":"0","show_inline_post_related":"0"}],"override_image_size":"0","image_override":[{"single_post_thumbnail_size":"crop-500","single_post_gallery_size":"crop-500"}],"trending_post":"0","trending_post_position":"meta","trending_post_label":"Trending","sponsored_post":"0","sponsored_post_label":"Sponsored by","sponsored_post_name":"","sponsored_post_url":"","sponsored_post_logo_enable":"0","sponsored_post_logo":"","sponsored_post_desc":""},"jnews_primary_category":{"id":""},"jnews_social_meta":{"fb_title":"","fb_description":"","fb_image":"","twitter_title":"","twitter_description":"","twitter_image":""},"jnews_review":[],"enable_review":"0","type":"percentage","name":"","summary":"","brand":"","sku":"","good":[{"good_text":""}],"bad":[{"bad_text":""}],"score_override":"","override_value":"","rating":[{"rating_text":"","rating_number":"10"}],"price":[{"shop":"","price":"","link":"","icon":""}],"jnews_override_counter":{"override_view_counter":"0","view_counter_number":"0","override_share_counter":"0","share_counter_number":"0","override_like_counter":"0","like_counter_number":"0","override_dislike_counter":"0","dislike_counter_number":"0"},"jnews_post_split":{"enable_post_split":"0","post_split":[{"template":"1","tag":"h2","numbering":"asc","mode":"normal"}]},"footnotes":""},"categories":[341,104,8],"tags":[546],"class_list":["post-21613","post","type-post","status-publish","format-standard","has-post-thumbnail","hentry","category-cdp","category-departamento-de-salud","category-provinciales","tag-hospital-materno-provincial"],"jetpack_featured_media_url":"https:\/\/atecordoba.org\/wp-content\/uploads\/2020\/09\/maternidad-provincial.jpg","_links":{"self":[{"href":"https:\/\/atecordoba.org\/index.php?rest_route=\/wp\/v2\/posts\/21613","targetHints":{"allow":["GET"]}}],"collection":[{"href":"https:\/\/atecordoba.org\/index.php?rest_route=\/wp\/v2\/posts"}],"about":[{"href":"https:\/\/atecordoba.org\/index.php?rest_route=\/wp\/v2\/types\/post"}],"author":[{"embeddable":true,"href":"https:\/\/atecordoba.org\/index.php?rest_route=\/wp\/v2\/users\/7"}],"replies":[{"embeddable":true,"href":"https:\/\/atecordoba.org\/index.php?rest_route=%2Fwp%2Fv2%2Fcomments&post=21613"}],"version-history":[{"count":1,"href":"https:\/\/atecordoba.org\/index.php?rest_route=\/wp\/v2\/posts\/21613\/revisions"}],"predecessor-version":[{"id":21615,"href":"https:\/\/atecordoba.org\/index.php?rest_route=\/wp\/v2\/posts\/21613\/revisions\/21615"}],"wp:featuredmedia":[{"embeddable":true,"href":"https:\/\/atecordoba.org\/index.php?rest_route=\/wp\/v2\/media\/21614"}],"wp:attachment":[{"href":"https:\/\/atecordoba.org\/index.php?rest_route=%2Fwp%2Fv2%2Fmedia&parent=21613"}],"wp:term":[{"taxonomy":"category","embeddable":true,"href":"https:\/\/atecordoba.org\/index.php?rest_route=%2Fwp%2Fv2%2Fcategories&post=21613"},{"taxonomy":"post_tag","embeddable":true,"href":"https:\/\/atecordoba.org\/index.php?rest_route=%2Fwp%2Fv2%2Ftags&post=21613"}],"curies":[{"name":"wp","href":"https:\/\/api.w.org\/{rel}","templated":true}]}}