{"id":21594,"date":"2020-09-04T15:43:01","date_gmt":"2020-09-04T18:43:01","guid":{"rendered":"https:\/\/atecordoba.org\/?p=21594"},"modified":"2020-09-05T14:43:51","modified_gmt":"2020-09-05T17:43:51","slug":"las-y-los-trabajadores-del-conicet-no-pueden-esperar-mas","status":"publish","type":"post","link":"https:\/\/atecordoba.org\/?p=21594","title":{"rendered":"Las y los trabajadores del Conicet no pueden esperar m\u00e1s"},"content":{"rendered":"<p><img loading=\"lazy\" decoding=\"async\" class=\" wp-image-21595 aligncenter\" src=\"https:\/\/atecordoba.org\/wp-content\/uploads\/2020\/09\/WhatsApp-Image-2020-09-04-at-13.29.02-300x138.jpeg\" alt=\"\" width=\"600\" height=\"276\" srcset=\"https:\/\/atecordoba.org\/wp-content\/uploads\/2020\/09\/WhatsApp-Image-2020-09-04-at-13.29.02-300x138.jpeg 300w, https:\/\/atecordoba.org\/wp-content\/uploads\/2020\/09\/WhatsApp-Image-2020-09-04-at-13.29.02-1024x472.jpeg 1024w, https:\/\/atecordoba.org\/wp-content\/uploads\/2020\/09\/WhatsApp-Image-2020-09-04-at-13.29.02-768x354.jpeg 768w, https:\/\/atecordoba.org\/wp-content\/uploads\/2020\/09\/WhatsApp-Image-2020-09-04-at-13.29.02-750x346.jpeg 750w, https:\/\/atecordoba.org\/wp-content\/uploads\/2020\/09\/WhatsApp-Image-2020-09-04-at-13.29.02-1140x525.jpeg 1140w, https:\/\/atecordoba.org\/wp-content\/uploads\/2020\/09\/WhatsApp-Image-2020-09-04-at-13.29.02.jpeg 1280w\" sizes=\"auto, (max-width: 600px) 100vw, 600px\" \/><\/p>\n<p>La Jornada Nacional de Protesta realizada ayer por las y los trabajadores de Conicet, convocada por ATE, tuvo su expresi\u00f3n en C\u00f3rdoba Capital, con una actividad desarrollada en la Plaza V\u00e9lez S\u00e1rsfield. All\u00ed <a href=\"https:\/\/atecordoba.org\/?p=21570\">el Consejo Directivo Provincial dijo presente<\/a> para acompa\u00f1ar el reclamo por recomposici\u00f3n salarial y apertura de paritarias, con la presencia del secretario General de ATE C\u00f3rdoba, Federico Giuliani.<\/p>\n<figure id=\"attachment_21596\" aria-describedby=\"caption-attachment-21596\" style=\"width: 578px\" class=\"wp-caption alignright\"><img loading=\"lazy\" decoding=\"async\" class=\"wp-image-21596\" src=\"https:\/\/atecordoba.org\/wp-content\/uploads\/2020\/09\/WhatsApp-Image-2020-09-04-at-13.29.00-300x138.jpeg\" alt=\"\" width=\"578\" height=\"266\" srcset=\"https:\/\/atecordoba.org\/wp-content\/uploads\/2020\/09\/WhatsApp-Image-2020-09-04-at-13.29.00-300x138.jpeg 300w, https:\/\/atecordoba.org\/wp-content\/uploads\/2020\/09\/WhatsApp-Image-2020-09-04-at-13.29.00-1024x473.jpeg 1024w, https:\/\/atecordoba.org\/wp-content\/uploads\/2020\/09\/WhatsApp-Image-2020-09-04-at-13.29.00-768x354.jpeg 768w, https:\/\/atecordoba.org\/wp-content\/uploads\/2020\/09\/WhatsApp-Image-2020-09-04-at-13.29.00-750x346.jpeg 750w, https:\/\/atecordoba.org\/wp-content\/uploads\/2020\/09\/WhatsApp-Image-2020-09-04-at-13.29.00-1140x526.jpeg 1140w, https:\/\/atecordoba.org\/wp-content\/uploads\/2020\/09\/WhatsApp-Image-2020-09-04-at-13.29.00.jpeg 1170w\" sizes=\"auto, (max-width: 578px) 100vw, 578px\" \/><figcaption id=\"caption-attachment-21596\" class=\"wp-caption-text\">La investigadora del Conicet Malena Moiraghi.<\/figcaption><\/figure>\n<p>La medida afect\u00f3 a los 23 mil trabajadoras y trabajadores que el organismo cient\u00edfico tiene en todo el pa\u00eds. En C\u00f3rdoba son 2800 las y los compa\u00f1eros que cumplen tareas en Conicet, un 45% investigadores y categor\u00edas superiores, otro 45% becarios y un 10% restante entre personal de apoyo y administrativos.<\/p>\n<p>La mayor\u00eda se desempe\u00f1a en institutos universitarios dependientes de la UNC, donde la casa de estudios aporta en su totalidad la infraestructura necesaria para que le personal cient\u00edfico cumpla con su tarea.<\/p>\n<p>En ese marco, la investigadora Malena Moiraghi, doctora en Ciencias Agropecuarias y licenciada en Qu\u00edmica, ocupada en desarrollar investigaciones en ingenier\u00eda de alimentos y biotecnolog\u00eda, explic\u00f3 &#8220;entendemos la situaci\u00f3n que atraviesa el pa\u00eds por la crisis sanitaria y econ\u00f3mica, pero con los salarios tan devaluados a d\u00eda de hoy, con 60% de los investigadores en las dos categor\u00edas m\u00e1s bajas y con haberes que apenas superan el piso de la canasta b\u00e1sica del Indec, no podemos aguantar m\u00e1s.\u00a0 Este a\u00f1o no recibimos un solo peso de aumento y venimos de una reducci\u00f3n de ingreso real con el macrismo del 50% de nuestros sueldos&#8221;.<\/p>\n<p><img loading=\"lazy\" decoding=\"async\" class=\" wp-image-21597 alignleft\" src=\"https:\/\/atecordoba.org\/wp-content\/uploads\/2020\/09\/WhatsApp-Image-2020-09-04-at-13.28.59-300x169.jpeg\" alt=\"\" width=\"590\" height=\"332\" srcset=\"https:\/\/atecordoba.org\/wp-content\/uploads\/2020\/09\/WhatsApp-Image-2020-09-04-at-13.28.59-300x169.jpeg 300w, https:\/\/atecordoba.org\/wp-content\/uploads\/2020\/09\/WhatsApp-Image-2020-09-04-at-13.28.59-1024x576.jpeg 1024w, https:\/\/atecordoba.org\/wp-content\/uploads\/2020\/09\/WhatsApp-Image-2020-09-04-at-13.28.59-768x432.jpeg 768w, https:\/\/atecordoba.org\/wp-content\/uploads\/2020\/09\/WhatsApp-Image-2020-09-04-at-13.28.59-750x422.jpeg 750w, https:\/\/atecordoba.org\/wp-content\/uploads\/2020\/09\/WhatsApp-Image-2020-09-04-at-13.28.59-1140x641.jpeg 1140w, https:\/\/atecordoba.org\/wp-content\/uploads\/2020\/09\/WhatsApp-Image-2020-09-04-at-13.28.59.jpeg 1280w\" sizes=\"auto, (max-width: 590px) 100vw, 590px\" \/>Moiraghi dijo que los reclamos est\u00e1n dirigidos al Gobierno Nacional porque &#8220;si bien el Conicet es nuestro empleador, nuestro paritario es el gobierno y es quien debe dar otra respuesta que no sea un bono en negro a cobrar en dos meses y tampoco que \u2018no hay plata\u2019 y que \u2018no va a haber paritaria hasta el a\u00f1o que viene\u2019, porque a las familias no le alcanza, la situaci\u00f3n es acuciante y nos est\u00e1 costando cubrir lo b\u00e1sico&#8221;.<\/p>\n<p>En tal sentido, la cient\u00edfica cordobesa afirm\u00f3 que &#8220;llegamos a una situaci\u00f3n cr\u00edtica y vamos a seguir por todos los medios insistiendo hasta que logremos que se abra el di\u00e1logo y podamos \u00a0lograr la reapertura para una recomposici\u00f3n salarial para trabajadores y trabajadoras que no tenemos privilegios, que estudiamos toda la vida, con dedicaci\u00f3n full con el organismo y que hoy estamos con nuestro poder adquisitivo a niveles de 2002&#8221;.<\/p>\n<p><strong>Mirada nacional<\/strong><\/p>\n<p>De igual manera, a nivel nacional se llev\u00f3 a cabo la protesta en distintas provincias, as\u00ed como en la capital federal. El paritario nacional de ATE y trabajador del Conicet, Flavio Sives, explic\u00f3 cu\u00e1l es el contexto nacional en que se realiz\u00f3 la protesta.<\/p>\n<figure id=\"attachment_21598\" aria-describedby=\"caption-attachment-21598\" style=\"width: 447px\" class=\"wp-caption alignright\"><img loading=\"lazy\" decoding=\"async\" class=\"wp-image-21598\" src=\"https:\/\/atecordoba.org\/wp-content\/uploads\/2020\/09\/sives-2-300x300.jpeg\" alt=\"\" width=\"447\" height=\"447\" srcset=\"https:\/\/atecordoba.org\/wp-content\/uploads\/2020\/09\/sives-2-300x300.jpeg 300w, https:\/\/atecordoba.org\/wp-content\/uploads\/2020\/09\/sives-2-1024x1024.jpeg 1024w, https:\/\/atecordoba.org\/wp-content\/uploads\/2020\/09\/sives-2-150x150.jpeg 150w, https:\/\/atecordoba.org\/wp-content\/uploads\/2020\/09\/sives-2-768x768.jpeg 768w, https:\/\/atecordoba.org\/wp-content\/uploads\/2020\/09\/sives-2-560x560.jpeg 560w, https:\/\/atecordoba.org\/wp-content\/uploads\/2020\/09\/sives-2-75x75.jpeg 75w, https:\/\/atecordoba.org\/wp-content\/uploads\/2020\/09\/sives-2-750x750.jpeg 750w, https:\/\/atecordoba.org\/wp-content\/uploads\/2020\/09\/sives-2-1140x1140.jpeg 1140w, https:\/\/atecordoba.org\/wp-content\/uploads\/2020\/09\/sives-2.jpeg 1280w\" sizes=\"auto, (max-width: 447px) 100vw, 447px\" \/><figcaption id=\"caption-attachment-21598\" class=\"wp-caption-text\">el paritario nacional de ATE Flavio Sives.<\/figcaption><\/figure>\n<p>&#8220;Ayer -apunt\u00f3 el compa\u00f1ero Sives- los trabajadores del Conicet realizamos quiz\u00e1s el primer paro a un gobierno nacional y popular como el de Alberto Fern\u00e1ndez, m\u00e1s aun en una crisis como la de la pandemia de Covid 19. Si bien el reclamo b\u00e1sico es el de salario, para entender un poco hay que remontarse a la gesti\u00f3n anterior que redujo el poder adquisitivo de los salarios de los estatales a la mitad, rebaj\u00f3 el \u00e1rea de Ministerio a una simple Secretar\u00eda, despidi\u00f3 cientos de trabajadores del INTI y redujo de partidas presupuestarias llevando al sector de ciencia y t\u00e9cnica casi a la asfixia. Esto lleg\u00f3 a su m\u00e1xima expresi\u00f3n en 2016\u00a0 producto del achicamiento en 500 ingresos al CONICET, lo que llev\u00f3 a la toma del Ministerio y de varias delegaciones de organismo en todo el pa\u00eds&#8221;.<\/p>\n<p>El dirigente agreg\u00f3 que &#8220;en ese contexto comenzamos el a\u00f1o con grandes expectativas, cuando volvimos a tener Ministerio, con el doctor Roberto Salvareza a la cabeza, la presidencia de Ana Franchi en Conicet, el aumento escalonado de hasta el 50% de los estipendios de becarios, que saludamos. Lamentablemente estos pasos alentadores se vieron interrumpidos no solo por la crisis econ\u00f3mica que ya ven\u00eda arrastr\u00e1ndose sino adem\u00e1s por la crisis mundial de la pandemia que agrav\u00f3 nuestra crisis econ\u00f3mica&#8221;.<\/p>\n<p>&#8220;Como trabajadores entendimos que hab\u00eda que hacer un esfuerzo, pero tambi\u00e9n esper\u00e1bamos que la paritaria del Estado nacional, para mayo, tuviera al menos dos resultados: una oferta salarial que no fuera nula \u2013para dejar de perder poder adquisitivo\u2013 y un recuento de las afiliaciones en el \u00e1mbito del Estado nacional, para mostrar que\u00a0 de que este gremio estuviera siempre en la calle llevara a una decisi\u00f3n pol\u00edtica del gobierno de no seguir bancando a un gremio oportunista y traidor como UPCN&#8221;, afirm\u00f3 el paritario.<\/p>\n<p>Y se quej\u00f3 porque &#8220;ninguna de estas dos cosas sucedieron&#8221;, pero rescat\u00f3 que &#8220;si vimos c\u00f3mo el Estado se esforzaba en sostener, en el marco de la crisis sanitaria y econ\u00f3mica, a los sectores vulnerables y carenciados por diversos mecanismos&#8221;.<\/p>\n<p><strong>Sin tiempo para esperar<\/strong><\/p>\n<p><img loading=\"lazy\" decoding=\"async\" class=\" wp-image-21599 alignleft\" src=\"https:\/\/atecordoba.org\/wp-content\/uploads\/2020\/09\/sives-1-300x224.jpeg\" alt=\"\" width=\"438\" height=\"327\" srcset=\"https:\/\/atecordoba.org\/wp-content\/uploads\/2020\/09\/sives-1-300x224.jpeg 300w, https:\/\/atecordoba.org\/wp-content\/uploads\/2020\/09\/sives-1-1024x766.jpeg 1024w, https:\/\/atecordoba.org\/wp-content\/uploads\/2020\/09\/sives-1-768x575.jpeg 768w, https:\/\/atecordoba.org\/wp-content\/uploads\/2020\/09\/sives-1-750x561.jpeg 750w, https:\/\/atecordoba.org\/wp-content\/uploads\/2020\/09\/sives-1-1140x853.jpeg 1140w, https:\/\/atecordoba.org\/wp-content\/uploads\/2020\/09\/sives-1.jpeg 1156w\" sizes=\"auto, (max-width: 438px) 100vw, 438px\" \/>&#8220;Sin embrago, dijo Sives, los meses pasaron, el capital concentrado despidi\u00f3 trabajadores y los precios siguieron aumentando,\u00a0 a pesar que podr\u00edamos suponer que el achicamiento de la demanda iba a reducir los precios \u2013cosa que nunca ocurri\u00f3\u2013.\u00a0 En ese marco, el hartazgo de las y los compa\u00f1eros pone en discusi\u00f3n quien paga esta crisis.\u00a0Es por eso que la necesidad desemboca\u00a0 en una serie de asambleas en todo el pa\u00eds, con movilizaci\u00f3n de compa\u00f1eros v\u00eda encuentros virtuales, charlas que vienen subiendo en intensidad a partir de la demanda de un aumento salarial&#8221;.<\/p>\n<p>As\u00ed Sives describi\u00f3 un proceso que &#8220;dio como resultado una Jornada Nacional de Protesta por el salario pero tambi\u00e9n para llevar al \u00e1mbito p\u00fablico la discusi\u00f3n sobre la distribuci\u00f3n de la riqueza en Argentina. Acompa\u00f1amos esta jornada de lucha con el reclamo para que se apruebe el impuesto a las grandes fortunas y se discuta la distribuci\u00f3n de la riqueza en el pa\u00eds&#8221;.<\/p>\n<p>Y concluy\u00f3: &#8220;este no fue un paro a la gesti\u00f3n sino que busca poner en discusi\u00f3n quien paga los costos de la crisis sanitaria y econ\u00f3mica. En el Conicet entendemos que los trabajadores ya pagamos mucho&#8221;.<\/p>\n<p>&nbsp;<\/p>\n","protected":false},"excerpt":{"rendered":"<p>La Jornada Nacional de Protesta realizada ayer por las y los trabajadores de Conicet, convocada por ATE, tuvo su expresi\u00f3n en C\u00f3rdoba Capital, con una actividad desarrollada en la Plaza V\u00e9lez S\u00e1rsfield. All\u00ed el Consejo Directivo Provincial dijo presente para acompa\u00f1ar el reclamo por recomposici\u00f3n salarial y apertura de paritarias, con la presencia del secretario [&hellip;]<\/p>\n","protected":false},"author":7,"featured_media":21595,"comment_status":"open","ping_status":"open","sticky":true,"template":"","format":"standard","meta":{"_exactmetrics_skip_tracking":false,"_exactmetrics_sitenote_active":false,"_exactmetrics_sitenote_note":"","_exactmetrics_sitenote_category":0,"jnews-multi-image_gallery":[],"jnews_single_post":{"source_name":"","source_url":"","via_name":"","via_url":"","override_template":"0","override":[{"template":"1","single_blog_custom":"","parallax":"1","fullscreen":"0","layout":"right-sidebar","sidebar":"default-sidebar","second_sidebar":"default-sidebar","sticky_sidebar":"1","share_position":"top","share_float_style":"share-monocrhome","show_share_counter":"1","show_view_counter":"1","show_featured":"1","show_post_meta":"1","show_post_author":"1","show_post_author_image":"1","show_post_date":"1","post_date_format":"default","post_date_format_custom":"Y\/m\/d","show_post_category":"1","show_post_reading_time":"0","post_reading_time_wpm":"300","show_zoom_button":"0","zoom_button_out_step":"2","zoom_button_in_step":"3","show_post_tag":"1","show_prev_next_post":"1","show_popup_post":"1","number_popup_post":"1","show_author_box":"0","show_post_related":"0","show_inline_post_related":"0"}],"override_image_size":"0","image_override":[{"single_post_thumbnail_size":"crop-500","single_post_gallery_size":"crop-500"}],"trending_post":"0","trending_post_position":"meta","trending_post_label":"Trending","sponsored_post":"0","sponsored_post_label":"Sponsored by","sponsored_post_name":"","sponsored_post_url":"","sponsored_post_logo_enable":"0","sponsored_post_logo":"","sponsored_post_desc":""},"jnews_primary_category":{"id":""},"jnews_social_meta":{"fb_title":"","fb_description":"","fb_image":"","twitter_title":"","twitter_description":"","twitter_image":""},"jnews_review":[],"enable_review":"0","type":"percentage","name":"","summary":"","brand":"","sku":"","good":[{"good_text":""}],"bad":[{"bad_text":""}],"score_override":"","override_value":"","rating":[{"rating_text":"","rating_number":"10"}],"price":[{"shop":"","price":"","link":"","icon":""}],"jnews_override_counter":{"override_view_counter":"0","view_counter_number":"0","override_share_counter":"0","share_counter_number":"0","override_like_counter":"0","like_counter_number":"0","override_dislike_counter":"0","dislike_counter_number":"0"},"jnews_post_split":{"enable_post_split":"0","post_split":[{"template":"1","tag":"h2","numbering":"asc","mode":"normal"}]},"footnotes":""},"categories":[341,18],"tags":[133],"class_list":["post-21594","post","type-post","status-publish","format-standard","has-post-thumbnail","hentry","category-cdp","category-nacionales","tag-conicet-cientificos-argentinos-ajuste"],"jetpack_featured_media_url":"https:\/\/atecordoba.org\/wp-content\/uploads\/2020\/09\/WhatsApp-Image-2020-09-04-at-13.29.02.jpeg","_links":{"self":[{"href":"https:\/\/atecordoba.org\/index.php?rest_route=\/wp\/v2\/posts\/21594","targetHints":{"allow":["GET"]}}],"collection":[{"href":"https:\/\/atecordoba.org\/index.php?rest_route=\/wp\/v2\/posts"}],"about":[{"href":"https:\/\/atecordoba.org\/index.php?rest_route=\/wp\/v2\/types\/post"}],"author":[{"embeddable":true,"href":"https:\/\/atecordoba.org\/index.php?rest_route=\/wp\/v2\/users\/7"}],"replies":[{"embeddable":true,"href":"https:\/\/atecordoba.org\/index.php?rest_route=%2Fwp%2Fv2%2Fcomments&post=21594"}],"version-history":[{"count":4,"href":"https:\/\/atecordoba.org\/index.php?rest_route=\/wp\/v2\/posts\/21594\/revisions"}],"predecessor-version":[{"id":21605,"href":"https:\/\/atecordoba.org\/index.php?rest_route=\/wp\/v2\/posts\/21594\/revisions\/21605"}],"wp:featuredmedia":[{"embeddable":true,"href":"https:\/\/atecordoba.org\/index.php?rest_route=\/wp\/v2\/media\/21595"}],"wp:attachment":[{"href":"https:\/\/atecordoba.org\/index.php?rest_route=%2Fwp%2Fv2%2Fmedia&parent=21594"}],"wp:term":[{"taxonomy":"category","embeddable":true,"href":"https:\/\/atecordoba.org\/index.php?rest_route=%2Fwp%2Fv2%2Fcategories&post=21594"},{"taxonomy":"post_tag","embeddable":true,"href":"https:\/\/atecordoba.org\/index.php?rest_route=%2Fwp%2Fv2%2Ftags&post=21594"}],"curies":[{"name":"wp","href":"https:\/\/api.w.org\/{rel}","templated":true}]}}