{"id":21587,"date":"2020-09-03T15:39:47","date_gmt":"2020-09-03T18:39:47","guid":{"rendered":"https:\/\/atecordoba.org\/?p=21587"},"modified":"2020-09-03T15:39:47","modified_gmt":"2020-09-03T18:39:47","slug":"el-presidente-de-ffmm-afirmo-que-reincorporaran-trabajadores-despedidos-por-el-macrismopero-pidio-paciencia","status":"publish","type":"post","link":"https:\/\/atecordoba.org\/?p=21587","title":{"rendered":"El presidente de FFMM afirm\u00f3 que reincorporar\u00e1n trabajadores despedidos por el macrismopero pidi\u00f3 paciencia"},"content":{"rendered":"<p>(fuente Puntal Villa Mar\u00eda)<\/p>\n<p><img loading=\"lazy\" decoding=\"async\" class=\" wp-image-21588 aligncenter\" src=\"https:\/\/atecordoba.org\/wp-content\/uploads\/2020\/09\/FM-villa-maria-300x146.jpg\" alt=\"\" width=\"600\" height=\"292\" srcset=\"https:\/\/atecordoba.org\/wp-content\/uploads\/2020\/09\/FM-villa-maria-300x146.jpg 300w, https:\/\/atecordoba.org\/wp-content\/uploads\/2020\/09\/FM-villa-maria-768x373.jpg 768w, https:\/\/atecordoba.org\/wp-content\/uploads\/2020\/09\/FM-villa-maria-750x364.jpg 750w, https:\/\/atecordoba.org\/wp-content\/uploads\/2020\/09\/FM-villa-maria.jpg 960w\" sizes=\"auto, (max-width: 600px) 100vw, 600px\" \/><\/p>\n<article class=\"article-body first\">\n<div class=\"article-content selectionShareable\">\n<div class=\"cuerpo\" data-twitter-link=\"\">\n<p>El presidente de Fabricaciones Militares, Iv\u00e1n Durig\u00f3n, dialog\u00f3 con este medio y afirm\u00f3 que la pol\u00edtica que prevalece es la reincorporaci\u00f3n de los\u00a0<a class=\"agrupador\" href=\"https:\/\/www.puntalvillamaria.com.ar\/trabajadores-a779\" rel=\"779\">trabajadores<\/a>, que incluso la comparten desde el gobierno nacional, el Ministerio de Defensa y desde la misma directiva que \u00e9l preside.<\/p>\n<\/div>\n<\/div>\n<\/article>\n<div class=\"banner-libre\"><\/div>\n<article class=\"article-body\">\n<div class=\"article-content selectionShareable\">\n<div class=\"cuerpo\" data-twitter-link=\"\">\n<p>No obstante, subray\u00f3 que podr\u00e1n restituirse los 55 puestos de trabajo cuando los niveles de\u00a0<a class=\"agrupador\" href=\"https:\/\/www.puntalvillamaria.com.ar\/produccion-a1722\" rel=\"1722\">producci\u00f3n<\/a>\u00a0aumenten, que incluso las personas despedidas poseen la prioridad. \u201cPido disculpas y resulta odioso pedirle a un trabajador que no puede llevar el pan a su mesa, que tenga paciencia\u201d, asever\u00f3.<\/p>\n<p>En relaci\u00f3n a la situaci\u00f3n de la sociedad estatal, agreg\u00f3 que ante la situaci\u00f3n reinante y la mala gesti\u00f3n de los \u00faltimos cuatro a\u00f1os deben implementar un esquema desde la seriedad y \u201csin el af\u00e1n de respuestas r\u00e1pidas\u201d.<\/p>\n<p>En consecuencia, fundament\u00f3: \u201cNos gustar\u00eda sumar a todos ma\u00f1ana, pero despedirlos en dos meses porque no hay trabajo no es nuestra idea\u201d. Sobre el proyecto, detall\u00f3 que la intenci\u00f3n es \u201cser serios y trabajar de manera prolija, acomodando la producci\u00f3n\u201d.<\/p>\n<p>Respecto a Villa Mar\u00eda y la situaci\u00f3n de los 55 despedidos que quieren retornar a sus puestos, expres\u00f3: \u201cA la comunidad de Villa Mar\u00eda, decirle que tanto las pol\u00edticas nacionales como las del ministro Rossi (ministro de Defensa de la Naci\u00f3n) van en ese sentido y la idea es poder beneficiar a cada una de las\u00a0<a class=\"agrupador\" href=\"https:\/\/www.puntalvillamaria.com.ar\/fabricas-a8055\" rel=\"8055\">f\u00e1bricas<\/a>\u00a0en lo que respecta a la soberan\u00eda sobre la industria para la defensa y el desarrollo en las comunidades donde est\u00e1n instaladas\u201d.<\/p>\n<p><strong>Situaci\u00f3n<\/strong><\/p>\n<p>En torno a la realidad de las distintas entidades en el pa\u00eds, el presidente declar\u00f3: \u201cLo voy a repetir hasta el cansancio, la culpa de la situaci\u00f3n actual de la F\u00e1brica Militar no tiene que ver con los excesos de los trabajadores porque es lo que nos hicieron creer\u201d y sigui\u00f3: \u201cEn realidad fue el mal manejo y hasta perverso en algunos de casos que origin\u00f3 el deterioro de las f\u00e1bricas y de cada una de las unidades productivas\u201d.<\/p>\n<p>Sobre el rol de los trabajadores, expres\u00f3 que deben ser reconocidas sus acciones por revertir algunas situaciones en las f\u00e1bricas. Incluso, record\u00f3 que en el presupuesto 2020 elaborado por la gesti\u00f3n anterior estaban estipulados los despidos a 300 personas. De ser as\u00ed, estim\u00f3 que hubiera desaparecido una de las entidades.<\/p>\n<p>Respecto a la proyecci\u00f3n y las inversiones, indic\u00f3: \u201cSe miran con lupa y las determinamos en cuanto nos permita reincorporar a m\u00e1s trabajadores, no es para ver cu\u00e1nto m\u00e1s gana la Sociedad del\u00a0<a class=\"agrupador\" href=\"https:\/\/www.puntalvillamaria.com.ar\/estado-a889\" rel=\"889\">Estado<\/a>, porque Fabricaciones Militares viene a introducirse al negocio para contribuir al desarrollo de la Argentina, no para ganar plata\u201d.<\/p>\n<p>Asimismo, sostuvo que en la medida que sea mejorada la producci\u00f3n, podr\u00e1n generar m\u00e1s empleo y reincorporar a los trabajadores porque est\u00e1n \u201cconvencidos de que es el mejor de los sentidos\u201d y trabajan \u201cfuerte para plasmar esa posibilidad\u201d.<\/p>\n<p><strong>Producci\u00f3n<\/strong><\/p>\n<p>\u201cLa producci\u00f3n est\u00e1 en una situaci\u00f3n en la cual si vos la forz\u00e1s un poquito termina rompi\u00e9ndose. Eso genera un problema para la unidad productiva\u201d, explic\u00f3 Durig\u00f3n.<\/p>\n<p>Por este motivo ratific\u00f3 que deben ser \u201cmuy cuidadosos\u201d y que para ello cuentan con el apoyo de los directores de las f\u00e1bricas y la \u201cindudable voluntad de los trabajadores en apoyar el proceso con las ganas que le est\u00e1n poniendo\u201d.<\/p>\n<p>En este sentido, coment\u00f3 que los asalariados manifestaron la intenci\u00f3n de acompa\u00f1ar el proceso porque le han \u201cpuesto ganas en los momentos que estuvieron escollados como no lo har\u00edan ahora que tienen expectativas\u201d.<\/p>\n<p>Por otro lado, apunt\u00f3 que en la \u00faltima gesti\u00f3n fue deteriorado todo el sistema industrial argentino, por lo que \u201cafect\u00f3 mucho m\u00e1s a Fabricaciones Militares\u201d. Adem\u00e1s, que la ca\u00edda de la actividad privada tambi\u00e9n repercuti\u00f3 en la demanda.<\/p>\n<p>Asimismo, mencion\u00f3 que los directivos anteriores \u201cproduc\u00edan m\u00e1s, vend\u00edan m\u00e1s y m\u00e1s se perd\u00eda, por error o pura desidia\u201d, lo que llev\u00f3 a reformular el sistema de costo de las unidades productivas pero que a\u00fan est\u00e1n por fuera de los niveles competitivos.<\/p>\n<p>Aun as\u00ed remarc\u00f3 la calidad de los productos que desde la sociedad del Estado son producidos y ejemplific\u00f3 que en Villa Mar\u00eda son reconocidos a nivel nacional y regional. Sin embargo, exterioriz\u00f3 que deben recuperar la producci\u00f3n porque \u201calgunas f\u00e1bricas hace cuatro a\u00f1os que no se activan\u201d.<\/p>\n<p><strong>Articulaci\u00f3n<\/strong><\/p>\n<p>Respecto a los proyectos para ambas f\u00e1bricas en C\u00f3rdoba, Durig\u00f3n confirm\u00f3 que han tenido conversaciones previas con el ministro de Industria, Comercio y Miner\u00eda de la provincia, Eduardo Accastello.<\/p>\n<p>\u201cLa intenci\u00f3n es empezar a trabajar de manera conjunta porque es una cuesti\u00f3n de no entender c\u00f3mo en C\u00f3rdoba no demandan material de los que fabricamos nosotros\u201d, manifest\u00f3 y agreg\u00f3 que un proyecto similar avanz\u00f3 en Santa Fe.<\/p>\n<p>Sobre la articulaci\u00f3n, expres\u00f3: \u201cLa verdad es que necesitamos trabajar de manera conjunta e indudablemente cualquier medida que se tome en este sentido va a beneficiar no solo a Villa Mar\u00eda sino a toda la provincia\u201d.<\/p>\n<p>En torno a los convenios firmados, Durig\u00f3n expuso que est\u00e1n trabajando en todos los sentidos por la reactivaci\u00f3n y que los acuerdos afectan m\u00e1s a R\u00edo Tercero pero que Villa Mar\u00eda \u201cse ve involucrada porque posee una producci\u00f3n encadenada, por lo que va a producir beneficio\u201d.<\/p>\n<p>\u201cEstamos desarrollando este nuevo esquema con muchas expectativas, teniendo en cuenta la pandemia ya que nos ha afectado much\u00edsimo\u201d, testific\u00f3.<\/p>\n<p class=\"element element-paragraph\"><strong>Con la comunidad<\/strong><\/p>\n<p>Antes de la nota, Durig\u00f3n cont\u00f3 que tuvo una reuni\u00f3n con el Ministerio, aen la que adem\u00e1s de posibles convenios por explosivos, hablaron de la p\u00e9rdida de relaci\u00f3n con la sociedad.<\/p>\n<p>All\u00ed describi\u00f3 que est\u00e1n elaborando proyectos con el fin de generar v\u00ednculos directos con pymes y productores peque\u00f1os donde est\u00e1n erradicadas las f\u00e1bricas, \u201cpara que crezcan todos y presten un servicio mayor a la comunidad\u201d.<\/p>\n<p>En este sentido, precis\u00f3 que fue la idea fundante de descentralizar las f\u00e1bricas en distintos lugares y que en este momento eval\u00faan el desarrollo de cada uno de los productores debido a los est\u00e1ndares que deben poseer los insumos por el alto riesgo de los productos.<\/p>\n<p>\u201cEst\u00e1 demostrado que en algunos lugares poseen igual o mejor calidad de los insumos que compramos en el exterior. Con esto, tratamos de desarrollar el mercado interno relacionado a pol\u00edticas nacionales de desarrollo industrial\u201d, indic\u00f3.<\/p>\n<p class=\"element element-paragraph\"><strong>Sociedad del Estado<\/strong><\/p>\n<p>Sobre la decisi\u00f3n de continuar con esta figura legal, el titular de la instituci\u00f3n -que es especialista en abogac\u00eda del Estado- garantiz\u00f3 que permitir\u00e1 cumplir con el fin de promover la comercializaci\u00f3n e industrializaci\u00f3n por lo que es \u201cbuen\u00edsima y bien utilizada\u201d.<\/p>\n<p>Por otro lado, esclareci\u00f3 que existe un temor por parte de los trabajadores o la sociedad misma debido a que \u201cen la experiencia argentina las sociedades del Estado significaban la preprivatizaci\u00f3n\u201d y se\u00f1al\u00f3: \u201cDecidimos seguir como Sociedad del Estado porque sabemos que no vamos a ir a ese fin. Vamos a tratar de generar todas las herramientas para facilitar el ingreso y los beneficios de las f\u00e1bricas\u201d.<\/p>\n<\/div>\n<\/div>\n<\/article>\n","protected":false},"excerpt":{"rendered":"<p>(fuente Puntal Villa Mar\u00eda) El presidente de Fabricaciones Militares, Iv\u00e1n Durig\u00f3n, dialog\u00f3 con este medio y afirm\u00f3 que la pol\u00edtica que prevalece es la reincorporaci\u00f3n de los\u00a0trabajadores, que incluso la comparten desde el gobierno nacional, el Ministerio de Defensa y desde la misma directiva que \u00e9l preside. No obstante, subray\u00f3 que podr\u00e1n restituirse los 55 [&hellip;]<\/p>\n","protected":false},"author":7,"featured_media":21588,"comment_status":"open","ping_status":"open","sticky":true,"template":"","format":"standard","meta":{"_exactmetrics_skip_tracking":false,"_exactmetrics_sitenote_active":false,"_exactmetrics_sitenote_note":"","_exactmetrics_sitenote_category":0,"jnews-multi-image_gallery":[],"jnews_single_post":{"source_name":"","source_url":"","via_name":"","via_url":"","override_template":"0","override":[{"template":"1","single_blog_custom":"","parallax":"1","fullscreen":"0","layout":"right-sidebar","sidebar":"default-sidebar","second_sidebar":"default-sidebar","sticky_sidebar":"1","share_position":"top","share_float_style":"share-monocrhome","show_share_counter":"1","show_view_counter":"1","show_featured":"1","show_post_meta":"1","show_post_author":"1","show_post_author_image":"1","show_post_date":"1","post_date_format":"default","post_date_format_custom":"Y\/m\/d","show_post_category":"1","show_post_reading_time":"0","post_reading_time_wpm":"300","show_zoom_button":"0","zoom_button_out_step":"2","zoom_button_in_step":"3","show_post_tag":"1","show_prev_next_post":"1","show_popup_post":"1","number_popup_post":"1","show_author_box":"0","show_post_related":"0","show_inline_post_related":"0"}],"override_image_size":"0","image_override":[{"single_post_thumbnail_size":"crop-500","single_post_gallery_size":"crop-500"}],"trending_post":"0","trending_post_position":"meta","trending_post_label":"Trending","sponsored_post":"0","sponsored_post_label":"Sponsored by","sponsored_post_name":"","sponsored_post_url":"","sponsored_post_logo_enable":"0","sponsored_post_logo":"","sponsored_post_desc":""},"jnews_primary_category":{"id":""},"jnews_social_meta":{"fb_title":"","fb_description":"","fb_image":"","twitter_title":"","twitter_description":"","twitter_image":""},"jnews_review":[],"enable_review":"0","type":"percentage","name":"","summary":"","brand":"","sku":"","good":[{"good_text":""}],"bad":[{"bad_text":""}],"score_override":"","override_value":"","rating":[{"rating_text":"","rating_number":"10"}],"price":[{"shop":"","price":"","link":"","icon":""}],"jnews_override_counter":{"override_view_counter":"0","view_counter_number":"0","override_share_counter":"0","share_counter_number":"0","override_like_counter":"0","like_counter_number":"0","override_dislike_counter":"0","dislike_counter_number":"0"},"jnews_post_split":{"enable_post_split":"0","post_split":[{"template":"1","tag":"h2","numbering":"asc","mode":"normal"}]},"footnotes":""},"categories":[18,34,14],"tags":[411],"class_list":["post-21587","post","type-post","status-publish","format-standard","has-post-thumbnail","hentry","category-nacionales","category-seccionales","category-villa-maria","tag-reincorporacion-despedidos-del-macrismo"],"jetpack_featured_media_url":"https:\/\/atecordoba.org\/wp-content\/uploads\/2020\/09\/FM-villa-maria.jpg","_links":{"self":[{"href":"https:\/\/atecordoba.org\/index.php?rest_route=\/wp\/v2\/posts\/21587","targetHints":{"allow":["GET"]}}],"collection":[{"href":"https:\/\/atecordoba.org\/index.php?rest_route=\/wp\/v2\/posts"}],"about":[{"href":"https:\/\/atecordoba.org\/index.php?rest_route=\/wp\/v2\/types\/post"}],"author":[{"embeddable":true,"href":"https:\/\/atecordoba.org\/index.php?rest_route=\/wp\/v2\/users\/7"}],"replies":[{"embeddable":true,"href":"https:\/\/atecordoba.org\/index.php?rest_route=%2Fwp%2Fv2%2Fcomments&post=21587"}],"version-history":[{"count":1,"href":"https:\/\/atecordoba.org\/index.php?rest_route=\/wp\/v2\/posts\/21587\/revisions"}],"predecessor-version":[{"id":21589,"href":"https:\/\/atecordoba.org\/index.php?rest_route=\/wp\/v2\/posts\/21587\/revisions\/21589"}],"wp:featuredmedia":[{"embeddable":true,"href":"https:\/\/atecordoba.org\/index.php?rest_route=\/wp\/v2\/media\/21588"}],"wp:attachment":[{"href":"https:\/\/atecordoba.org\/index.php?rest_route=%2Fwp%2Fv2%2Fmedia&parent=21587"}],"wp:term":[{"taxonomy":"category","embeddable":true,"href":"https:\/\/atecordoba.org\/index.php?rest_route=%2Fwp%2Fv2%2Fcategories&post=21587"},{"taxonomy":"post_tag","embeddable":true,"href":"https:\/\/atecordoba.org\/index.php?rest_route=%2Fwp%2Fv2%2Ftags&post=21587"}],"curies":[{"name":"wp","href":"https:\/\/api.w.org\/{rel}","templated":true}]}}