{"id":21570,"date":"2020-09-03T15:10:59","date_gmt":"2020-09-03T18:10:59","guid":{"rendered":"https:\/\/atecordoba.org\/?p=21570"},"modified":"2020-09-03T15:13:39","modified_gmt":"2020-09-03T18:13:39","slug":"ate-convoca-a-plenario-general-de-delegadxs-para-construir-una-jornada-provincial-de-lucha","status":"publish","type":"post","link":"https:\/\/atecordoba.org\/?p=21570","title":{"rendered":"ATE convoca a Plenario General de Delegadxs para construir una Jornada Provincial de Lucha"},"content":{"rendered":"<div class=\"epyt-video-wrapper\"><iframe loading=\"lazy\"  style=\"display: block; margin: 0px auto;\"  id=\"_ytid_13980\"  width=\"480\" height=\"270\"  data-origwidth=\"480\" data-origheight=\"270\" src=\"https:\/\/www.youtube.com\/embed\/KguY5aaMdJc?enablejsapi=1&#038;autoplay=0&#038;cc_load_policy=0&#038;cc_lang_pref=&#038;iv_load_policy=3&#038;loop=0&#038;rel=0&#038;fs=1&#038;playsinline=0&#038;autohide=2&#038;theme=dark&#038;color=red&#038;controls=1&#038;disablekb=0&#038;\" class=\"__youtube_prefs__  epyt-is-override  no-lazyload\" title=\"YouTube player\"  allow=\"fullscreen; accelerometer; autoplay; clipboard-write; encrypted-media; gyroscope; picture-in-picture; web-share\" referrerpolicy=\"strict-origin-when-cross-origin\" allowfullscreen data-no-lazy=\"1\" data-skipgform_ajax_framebjll=\"\"><\/iframe><\/div>\n<p>En el marco de la <a href=\"https:\/\/atecordoba.org\/?p=21550\">medida de fuerza que convocaron las y los trabajadores del Conicet<\/a> en reclamo de urgentes mejoras salariales, se realiz\u00f3 una gran asamblea donde se resolvi\u00f3 la la programaci\u00f3n de un Plenario General de Delegadxos, a los fines de construir una Jornada de Lucha provincial.\u00a0El acto se llev\u00f3 a cabo en la Plaza V\u00e9lez Sarsfield, frente al Patio Olmos.<\/p>\n<p><img loading=\"lazy\" decoding=\"async\" class=\" wp-image-21571 aligncenter\" src=\"https:\/\/atecordoba.org\/wp-content\/uploads\/2020\/09\/WhatsApp-Image-2020-09-03-at-13.01.41-300x138.jpeg\" alt=\"\" width=\"602\" height=\"277\" srcset=\"https:\/\/atecordoba.org\/wp-content\/uploads\/2020\/09\/WhatsApp-Image-2020-09-03-at-13.01.41-300x138.jpeg 300w, https:\/\/atecordoba.org\/wp-content\/uploads\/2020\/09\/WhatsApp-Image-2020-09-03-at-13.01.41-1024x472.jpeg 1024w, https:\/\/atecordoba.org\/wp-content\/uploads\/2020\/09\/WhatsApp-Image-2020-09-03-at-13.01.41-768x354.jpeg 768w, https:\/\/atecordoba.org\/wp-content\/uploads\/2020\/09\/WhatsApp-Image-2020-09-03-at-13.01.41-750x346.jpeg 750w, https:\/\/atecordoba.org\/wp-content\/uploads\/2020\/09\/WhatsApp-Image-2020-09-03-at-13.01.41-1140x525.jpeg 1140w, https:\/\/atecordoba.org\/wp-content\/uploads\/2020\/09\/WhatsApp-Image-2020-09-03-at-13.01.41.jpeg 1280w\" sizes=\"auto, (max-width: 602px) 100vw, 602px\" \/><\/p>\n<p>En la oportunidad, el secretario General del Consejo Directivo Provincial de ATE C\u00f3rdoba, Federico Giuliani, traslad\u00f3 a los presentes que &#8220;claramente este sindicato estar\u00e1 al lado del reclamo de las y los compa\u00f1eros. Esta semana hicimos tres jornadas de lucha: el martes en Villa Libertador, el mi\u00e9rcoles en el Ministerio de Justicia y hoy ac\u00e1, junto a las y los trabajadores del Conicet. Adem\u00e1s, venimos de una jornada provincial del 8 de julio, finalizada en un acto en Fadea&#8221;.<img loading=\"lazy\" decoding=\"async\" class=\" wp-image-21573 alignright\" src=\"https:\/\/atecordoba.org\/wp-content\/uploads\/2020\/09\/WhatsApp-Image-2020-09-03-at-13.01.41-1-300x138.jpeg\" alt=\"\" width=\"476\" height=\"219\" srcset=\"https:\/\/atecordoba.org\/wp-content\/uploads\/2020\/09\/WhatsApp-Image-2020-09-03-at-13.01.41-1-300x138.jpeg 300w, https:\/\/atecordoba.org\/wp-content\/uploads\/2020\/09\/WhatsApp-Image-2020-09-03-at-13.01.41-1-1024x472.jpeg 1024w, https:\/\/atecordoba.org\/wp-content\/uploads\/2020\/09\/WhatsApp-Image-2020-09-03-at-13.01.41-1-768x354.jpeg 768w, https:\/\/atecordoba.org\/wp-content\/uploads\/2020\/09\/WhatsApp-Image-2020-09-03-at-13.01.41-1-750x346.jpeg 750w, https:\/\/atecordoba.org\/wp-content\/uploads\/2020\/09\/WhatsApp-Image-2020-09-03-at-13.01.41-1-1140x525.jpeg 1140w, https:\/\/atecordoba.org\/wp-content\/uploads\/2020\/09\/WhatsApp-Image-2020-09-03-at-13.01.41-1.jpeg 1280w\" sizes=\"auto, (max-width: 476px) 100vw, 476px\" \/><\/p>\n<p>El dirigente afirm\u00f3 que &#8220;la mirada del proceso de salida de esta crisis debe ser de manera integral porque eso los movimientos territoriales tienen un rol clave, poniendo en evidencia la desigualdad y la pobreza de nuestras barriadas populares y poniendo el cuerpo junto a las madres que cada d\u00eda armar la olla porque nuestros pibes y pibas se nos mueren de hambre. All\u00ed estamos tambi\u00e9n llevando nuestro apoyo.\u00a0El Estado no est\u00e1 presente en estos lugares y por eso destacamos el papel de los merenderos y los comedores populares que ocupan el rol que no cumple el Estado&#8221;.<\/p>\n<p><img loading=\"lazy\" decoding=\"async\" class=\" wp-image-21574 alignleft\" src=\"https:\/\/atecordoba.org\/wp-content\/uploads\/2020\/09\/WhatsApp-Image-2020-09-03-at-13.01.37-300x157.jpeg\" alt=\"\" width=\"535\" height=\"280\" srcset=\"https:\/\/atecordoba.org\/wp-content\/uploads\/2020\/09\/WhatsApp-Image-2020-09-03-at-13.01.37-300x157.jpeg 300w, https:\/\/atecordoba.org\/wp-content\/uploads\/2020\/09\/WhatsApp-Image-2020-09-03-at-13.01.37-1024x536.jpeg 1024w, https:\/\/atecordoba.org\/wp-content\/uploads\/2020\/09\/WhatsApp-Image-2020-09-03-at-13.01.37-768x402.jpeg 768w, https:\/\/atecordoba.org\/wp-content\/uploads\/2020\/09\/WhatsApp-Image-2020-09-03-at-13.01.37-750x392.jpeg 750w, https:\/\/atecordoba.org\/wp-content\/uploads\/2020\/09\/WhatsApp-Image-2020-09-03-at-13.01.37.jpeg 1080w\" sizes=\"auto, (max-width: 535px) 100vw, 535px\" \/>&#8220;En ese marco hay que decir que la pelea de los estatales tampoco es sectorizada. Estamos en una pelea muy intensa en el Municipio de San Francisco por trabajo en negro, por mejores salarios, por el pase a planta permanente de los trabajadores; frente a Fadea estuvimos reclamando por la reincorporaci\u00f3n de las y los trabajadores despedidos del macrismo y que a ocho meses de asumido el nuevo gobierno nacional aun no fueron llamados a trabajar&#8221;, dijo.<\/p>\n<p>Giuliani avanz\u00f3 describiendo la pelea que ATE lleva adelante en distintos puntos del territorio provincial y anunci\u00f3 que &#8220;como secretaria General de ATE C\u00f3rdoba, que tiene representaci\u00f3n en cada rinc\u00f3n de la provincia, vamos por un plenario general de delegados y delegadas municipales, provinciales y nacionales para construir una jornada provincial de lucha, que le marque a nuestra conducci\u00f3n nacional de que es necesaria una jornada nacional de protesta, para volver a poner en agenda la problem\u00e1tica de los trabajadores del Estado&#8221;.<img loading=\"lazy\" decoding=\"async\" class=\" wp-image-21575 alignright\" src=\"https:\/\/atecordoba.org\/wp-content\/uploads\/2020\/09\/WhatsApp-Image-2020-09-03-at-13.01.37-2-300x225.jpeg\" alt=\"\" width=\"428\" height=\"321\" srcset=\"https:\/\/atecordoba.org\/wp-content\/uploads\/2020\/09\/WhatsApp-Image-2020-09-03-at-13.01.37-2-300x225.jpeg 300w, https:\/\/atecordoba.org\/wp-content\/uploads\/2020\/09\/WhatsApp-Image-2020-09-03-at-13.01.37-2-1024x768.jpeg 1024w, https:\/\/atecordoba.org\/wp-content\/uploads\/2020\/09\/WhatsApp-Image-2020-09-03-at-13.01.37-2-768x576.jpeg 768w, https:\/\/atecordoba.org\/wp-content\/uploads\/2020\/09\/WhatsApp-Image-2020-09-03-at-13.01.37-2-750x563.jpeg 750w, https:\/\/atecordoba.org\/wp-content\/uploads\/2020\/09\/WhatsApp-Image-2020-09-03-at-13.01.37-2-1140x855.jpeg 1140w, https:\/\/atecordoba.org\/wp-content\/uploads\/2020\/09\/WhatsApp-Image-2020-09-03-at-13.01.37-2.jpeg 1280w\" sizes=\"auto, (max-width: 428px) 100vw, 428px\" \/><\/p>\n<p><strong>Estado y calle<\/strong><\/p>\n<p>Giuliani se refiri\u00f3 al Conicet para asegurar que &#8220;no hay ciencia y tecnolog\u00eda, no hay desarrollo productivo, no hay reactivaci\u00f3n de la soberan\u00eda popular con trabajadores y trabajadoras precarizadas, en sus casas, pagando su conectividad mientras cuidan a sus pibes y sus pibas, sin franja horaria y sobrexplotados por el Estado&#8221;.<\/p>\n<p>&#8220;Nuestra agenda es pase a planta permanente y apertura de paritarias en el Estado nacional de manera urgente, porque estamos en septiembre y no logramos aun cerrar la paritaria 2019, tampoco pudimos discutir un solo peso de lo que corresponde a este a\u00f1o. La pandemia pone en evidencia la alt\u00edsima desigualdad social, la alt\u00edsima inflaci\u00f3n, estamos en la provincia que paga las tarifas m\u00e1s caras de Argentina y no recibimos un peso. Por eso tenemos que recuperar r\u00e1pidamente la calle&#8221;, dijo.<\/p>\n<p><img loading=\"lazy\" decoding=\"async\" class=\" wp-image-21576 alignleft\" src=\"https:\/\/atecordoba.org\/wp-content\/uploads\/2020\/09\/WhatsApp-Image-2020-09-03-at-13.01.41-2-300x138.jpeg\" alt=\"\" width=\"480\" height=\"221\" srcset=\"https:\/\/atecordoba.org\/wp-content\/uploads\/2020\/09\/WhatsApp-Image-2020-09-03-at-13.01.41-2-300x138.jpeg 300w, https:\/\/atecordoba.org\/wp-content\/uploads\/2020\/09\/WhatsApp-Image-2020-09-03-at-13.01.41-2-1024x472.jpeg 1024w, https:\/\/atecordoba.org\/wp-content\/uploads\/2020\/09\/WhatsApp-Image-2020-09-03-at-13.01.41-2-768x354.jpeg 768w, https:\/\/atecordoba.org\/wp-content\/uploads\/2020\/09\/WhatsApp-Image-2020-09-03-at-13.01.41-2-750x346.jpeg 750w, https:\/\/atecordoba.org\/wp-content\/uploads\/2020\/09\/WhatsApp-Image-2020-09-03-at-13.01.41-2-1140x525.jpeg 1140w, https:\/\/atecordoba.org\/wp-content\/uploads\/2020\/09\/WhatsApp-Image-2020-09-03-at-13.01.41-2.jpeg 1280w\" sizes=\"auto, (max-width: 480px) 100vw, 480px\" \/>En tal sentido, el dirigente se\u00f1al\u00f3 que &#8220;la calle no puede ser de la derecha golpista ni tampoco de la oligarqu\u00eda recalcitrante. Nosotros tenemos que convocar al debate y despu\u00e9s la forma de construir unidad es poniendo el cuerpo en la calle, que exprese que los trabajadores y las trabajadoras no vamos a pagar una crisis que no generamos&#8221;.<\/p>\n<p><strong>Unidad de la clase trabajadora<\/strong><\/p>\n<p>Por \u00faltimo, el secretario General de ATE afirm\u00f3 que &#8220;los compa\u00f1eros del Conicet tienen nuestra solidaridad y por eso hay que decir que no hay colores en ATE, hay diversidad propia de cualquier proceso de construcci\u00f3n, hay matices porque no creemos en los pensamientos homog\u00e9neos, pero el enemigo no est\u00e1 ac\u00e1 sino que es la patronal que nos precariza todos los d\u00edas, son los intendentes de cualquier signo, es el gobernador Schiaretti que tiene al Grupo de los Seis que le marca la agenda. Y es el gobierno nacional que nuevamente muestra su tibieza dando marcha atr\u00e1s con la expropiaci\u00f3n de Vicent\u00edn y con el pago de la deuda externa. Ah\u00ed no puede haber diferencia ni obst\u00e1culos que impidan que podamos construir la unidad de la clase trabajadora&#8221;.<img loading=\"lazy\" decoding=\"async\" class=\" wp-image-21577 alignright\" src=\"https:\/\/atecordoba.org\/wp-content\/uploads\/2020\/09\/WhatsApp-Image-2020-09-03-at-13.01.39-3-300x138.jpeg\" alt=\"\" width=\"559\" height=\"257\" srcset=\"https:\/\/atecordoba.org\/wp-content\/uploads\/2020\/09\/WhatsApp-Image-2020-09-03-at-13.01.39-3-300x138.jpeg 300w, https:\/\/atecordoba.org\/wp-content\/uploads\/2020\/09\/WhatsApp-Image-2020-09-03-at-13.01.39-3-1024x472.jpeg 1024w, https:\/\/atecordoba.org\/wp-content\/uploads\/2020\/09\/WhatsApp-Image-2020-09-03-at-13.01.39-3-768x354.jpeg 768w, https:\/\/atecordoba.org\/wp-content\/uploads\/2020\/09\/WhatsApp-Image-2020-09-03-at-13.01.39-3-750x346.jpeg 750w, https:\/\/atecordoba.org\/wp-content\/uploads\/2020\/09\/WhatsApp-Image-2020-09-03-at-13.01.39-3-1140x525.jpeg 1140w, https:\/\/atecordoba.org\/wp-content\/uploads\/2020\/09\/WhatsApp-Image-2020-09-03-at-13.01.39-3.jpeg 1280w\" sizes=\"auto, (max-width: 559px) 100vw, 559px\" \/><\/p>\n<p>Y agreg\u00f3: &#8220;en ATE la que manda es la asamblea, y si la asamblea decide que hay plenario general de delegados de ATE C\u00f3rdoba, va a suceder.\u00a0La disputa por el sentido es clave para lograr la unidad. Los compa\u00f1eros y las compa\u00f1eras del Conicet tambi\u00e9n son trabajadores, no son solo profesionales. Necesitamos una universidad al servicio del pueblo y no de la megaminer\u00eda extractivista, no de este modelo de saqueo que deja pobreza, miseria y hambre&#8221;.<\/p>\n<p>&#8220;Por eso necesitamos organizarnos, no hay pelea individual que sirva para cambiar esta realidad, no hay pelea autoconvocada, tenemos los sindicatos para organizarnos. ATE abre las puertas y se pone a disposici\u00f3n, afiliemos, elijamos delegados y organicemos la lucha&#8221;, finaliz\u00f3.<\/p>\n<div id='gallery_1' class='gallery galleryid-21570 gallery-columns-3 gallery-size-large'><figure class='gallery-item'>\n                <div class='gallery-icon portrait'>\n                    <a href='https:\/\/atecordoba.org\/wp-content\/uploads\/2020\/09\/WhatsApp-Image-2020-09-03-at-13.01.40-1.jpeg'><img loading=\"lazy\" decoding=\"async\" width=\"472\" height=\"1024\" src=\"\" class=\"attachment-large size-large lazyload\" alt=\"\" data-src=\"https:\/\/atecordoba.org\/wp-content\/uploads\/2020\/09\/WhatsApp-Image-2020-09-03-at-13.01.40-1-472x1024.jpeg\" data-sizes=\"auto\" data-srcset=\"https:\/\/atecordoba.org\/wp-content\/uploads\/2020\/09\/WhatsApp-Image-2020-09-03-at-13.01.40-1-472x1024.jpeg 472w, https:\/\/atecordoba.org\/wp-content\/uploads\/2020\/09\/WhatsApp-Image-2020-09-03-at-13.01.40-1-138x300.jpeg 138w, https:\/\/atecordoba.org\/wp-content\/uploads\/2020\/09\/WhatsApp-Image-2020-09-03-at-13.01.40-1.jpeg 590w\" data-expand=\"700\" \/><\/a>\n                <\/div><\/figure><figure class='gallery-item'>\n                <div class='gallery-icon portrait'>\n                    <a href='https:\/\/atecordoba.org\/wp-content\/uploads\/2020\/09\/WhatsApp-Image-2020-09-03-at-13.01.40-2.jpeg'><img loading=\"lazy\" decoding=\"async\" width=\"472\" height=\"1024\" src=\"\" class=\"attachment-large size-large lazyload\" alt=\"\" data-src=\"https:\/\/atecordoba.org\/wp-content\/uploads\/2020\/09\/WhatsApp-Image-2020-09-03-at-13.01.40-2-472x1024.jpeg\" data-sizes=\"auto\" data-srcset=\"https:\/\/atecordoba.org\/wp-content\/uploads\/2020\/09\/WhatsApp-Image-2020-09-03-at-13.01.40-2-472x1024.jpeg 472w, https:\/\/atecordoba.org\/wp-content\/uploads\/2020\/09\/WhatsApp-Image-2020-09-03-at-13.01.40-2-138x300.jpeg 138w, https:\/\/atecordoba.org\/wp-content\/uploads\/2020\/09\/WhatsApp-Image-2020-09-03-at-13.01.40-2.jpeg 590w\" data-expand=\"700\" \/><\/a>\n                <\/div><\/figure><figure class='gallery-item'>\n                <div class='gallery-icon landscape'>\n                    <a href='https:\/\/atecordoba.org\/wp-content\/uploads\/2020\/09\/WhatsApp-Image-2020-09-03-at-13.01.40.jpeg'><img loading=\"lazy\" decoding=\"async\" width=\"1024\" height=\"471\" src=\"\" class=\"attachment-large size-large lazyload\" alt=\"\" data-src=\"https:\/\/atecordoba.org\/wp-content\/uploads\/2020\/09\/WhatsApp-Image-2020-09-03-at-13.01.40-1024x471.jpeg\" data-sizes=\"auto\" data-srcset=\"https:\/\/atecordoba.org\/wp-content\/uploads\/2020\/09\/WhatsApp-Image-2020-09-03-at-13.01.40-1024x471.jpeg 1024w, https:\/\/atecordoba.org\/wp-content\/uploads\/2020\/09\/WhatsApp-Image-2020-09-03-at-13.01.40-300x138.jpeg 300w, https:\/\/atecordoba.org\/wp-content\/uploads\/2020\/09\/WhatsApp-Image-2020-09-03-at-13.01.40-768x353.jpeg 768w, https:\/\/atecordoba.org\/wp-content\/uploads\/2020\/09\/WhatsApp-Image-2020-09-03-at-13.01.40-750x345.jpeg 750w, https:\/\/atecordoba.org\/wp-content\/uploads\/2020\/09\/WhatsApp-Image-2020-09-03-at-13.01.40-1140x525.jpeg 1140w, https:\/\/atecordoba.org\/wp-content\/uploads\/2020\/09\/WhatsApp-Image-2020-09-03-at-13.01.40.jpeg 1280w\" data-expand=\"700\" \/><\/a>\n                <\/div><\/figure><br style=\"clear: both\" \/><figure class='gallery-item'>\n                <div class='gallery-icon landscape'>\n                    <a href='https:\/\/atecordoba.org\/wp-content\/uploads\/2020\/09\/WhatsApp-Image-2020-09-03-at-13.01.41-1-1.jpeg'><img loading=\"lazy\" decoding=\"async\" width=\"1024\" height=\"472\" src=\"\" class=\"attachment-large size-large lazyload\" alt=\"\" data-src=\"https:\/\/atecordoba.org\/wp-content\/uploads\/2020\/09\/WhatsApp-Image-2020-09-03-at-13.01.41-1-1-1024x472.jpeg\" data-sizes=\"auto\" data-srcset=\"https:\/\/atecordoba.org\/wp-content\/uploads\/2020\/09\/WhatsApp-Image-2020-09-03-at-13.01.41-1-1-1024x472.jpeg 1024w, https:\/\/atecordoba.org\/wp-content\/uploads\/2020\/09\/WhatsApp-Image-2020-09-03-at-13.01.41-1-1-300x138.jpeg 300w, https:\/\/atecordoba.org\/wp-content\/uploads\/2020\/09\/WhatsApp-Image-2020-09-03-at-13.01.41-1-1-768x354.jpeg 768w, https:\/\/atecordoba.org\/wp-content\/uploads\/2020\/09\/WhatsApp-Image-2020-09-03-at-13.01.41-1-1-750x346.jpeg 750w, https:\/\/atecordoba.org\/wp-content\/uploads\/2020\/09\/WhatsApp-Image-2020-09-03-at-13.01.41-1-1-1140x525.jpeg 1140w, https:\/\/atecordoba.org\/wp-content\/uploads\/2020\/09\/WhatsApp-Image-2020-09-03-at-13.01.41-1-1.jpeg 1280w\" data-expand=\"700\" \/><\/a>\n                <\/div><\/figure><figure class='gallery-item'>\n                <div class='gallery-icon portrait'>\n                    <a href='https:\/\/atecordoba.org\/wp-content\/uploads\/2020\/09\/WhatsApp-Image-2020-09-03-at-13.01.42-2.jpeg'><img loading=\"lazy\" decoding=\"async\" width=\"472\" height=\"1024\" src=\"\" class=\"attachment-large size-large lazyload\" alt=\"\" data-src=\"https:\/\/atecordoba.org\/wp-content\/uploads\/2020\/09\/WhatsApp-Image-2020-09-03-at-13.01.42-2-472x1024.jpeg\" data-sizes=\"auto\" data-srcset=\"https:\/\/atecordoba.org\/wp-content\/uploads\/2020\/09\/WhatsApp-Image-2020-09-03-at-13.01.42-2-472x1024.jpeg 472w, https:\/\/atecordoba.org\/wp-content\/uploads\/2020\/09\/WhatsApp-Image-2020-09-03-at-13.01.42-2-138x300.jpeg 138w, https:\/\/atecordoba.org\/wp-content\/uploads\/2020\/09\/WhatsApp-Image-2020-09-03-at-13.01.42-2.jpeg 590w\" data-expand=\"700\" \/><\/a>\n                <\/div><\/figure><figure class='gallery-item'>\n                <div class='gallery-icon landscape'>\n                    <a href='https:\/\/atecordoba.org\/wp-content\/uploads\/2020\/09\/WhatsApp-Image-2020-09-03-at-13.01.39-2.jpeg'><img loading=\"lazy\" decoding=\"async\" width=\"1024\" height=\"472\" src=\"\" class=\"attachment-large size-large lazyload\" alt=\"\" data-src=\"https:\/\/atecordoba.org\/wp-content\/uploads\/2020\/09\/WhatsApp-Image-2020-09-03-at-13.01.39-2-1024x472.jpeg\" data-sizes=\"auto\" data-srcset=\"https:\/\/atecordoba.org\/wp-content\/uploads\/2020\/09\/WhatsApp-Image-2020-09-03-at-13.01.39-2-1024x472.jpeg 1024w, https:\/\/atecordoba.org\/wp-content\/uploads\/2020\/09\/WhatsApp-Image-2020-09-03-at-13.01.39-2-300x138.jpeg 300w, https:\/\/atecordoba.org\/wp-content\/uploads\/2020\/09\/WhatsApp-Image-2020-09-03-at-13.01.39-2-768x354.jpeg 768w, https:\/\/atecordoba.org\/wp-content\/uploads\/2020\/09\/WhatsApp-Image-2020-09-03-at-13.01.39-2-750x346.jpeg 750w, https:\/\/atecordoba.org\/wp-content\/uploads\/2020\/09\/WhatsApp-Image-2020-09-03-at-13.01.39-2-1140x525.jpeg 1140w, https:\/\/atecordoba.org\/wp-content\/uploads\/2020\/09\/WhatsApp-Image-2020-09-03-at-13.01.39-2.jpeg 1280w\" data-expand=\"700\" \/><\/a>\n                <\/div><\/figure><br style=\"clear: both\" \/><figure class='gallery-item'>\n                <div class='gallery-icon portrait'>\n                    <a href='https:\/\/atecordoba.org\/wp-content\/uploads\/2020\/09\/WhatsApp-Image-2020-09-03-at-13.01.39-1.jpeg'><img loading=\"lazy\" decoding=\"async\" width=\"576\" height=\"1024\" src=\"\" class=\"attachment-large size-large lazyload\" alt=\"\" data-src=\"https:\/\/atecordoba.org\/wp-content\/uploads\/2020\/09\/WhatsApp-Image-2020-09-03-at-13.01.39-1-576x1024.jpeg\" data-sizes=\"auto\" data-srcset=\"https:\/\/atecordoba.org\/wp-content\/uploads\/2020\/09\/WhatsApp-Image-2020-09-03-at-13.01.39-1-576x1024.jpeg 576w, https:\/\/atecordoba.org\/wp-content\/uploads\/2020\/09\/WhatsApp-Image-2020-09-03-at-13.01.39-1-169x300.jpeg 169w, https:\/\/atecordoba.org\/wp-content\/uploads\/2020\/09\/WhatsApp-Image-2020-09-03-at-13.01.39-1.jpeg 720w\" data-expand=\"700\" \/><\/a>\n                <\/div><\/figure>\n                <br style='clear: both' \/>\n            <\/div>\n\n","protected":false},"excerpt":{"rendered":"<p>En el marco de la medida de fuerza que convocaron las y los trabajadores del Conicet en reclamo de urgentes mejoras salariales, se realiz\u00f3 una gran asamblea donde se resolvi\u00f3 la la programaci\u00f3n de un Plenario General de Delegadxos, a los fines de construir una Jornada de Lucha provincial.\u00a0El acto se llev\u00f3 a cabo en [&hellip;]<\/p>\n","protected":false},"author":7,"featured_media":21572,"comment_status":"open","ping_status":"open","sticky":true,"template":"","format":"standard","meta":{"_exactmetrics_skip_tracking":false,"_exactmetrics_sitenote_active":false,"_exactmetrics_sitenote_note":"","_exactmetrics_sitenote_category":0,"jnews-multi-image_gallery":[],"jnews_single_post":{"source_name":"","source_url":"","via_name":"","via_url":"","override_template":"0","override":[{"template":"1","single_blog_custom":"","parallax":"1","fullscreen":"0","layout":"right-sidebar","sidebar":"default-sidebar","second_sidebar":"default-sidebar","sticky_sidebar":"1","share_position":"top","share_float_style":"share-monocrhome","show_share_counter":"1","show_view_counter":"1","show_featured":"1","show_post_meta":"1","show_post_author":"1","show_post_author_image":"1","show_post_date":"1","post_date_format":"default","post_date_format_custom":"Y\/m\/d","show_post_category":"1","show_post_reading_time":"0","post_reading_time_wpm":"300","show_zoom_button":"0","zoom_button_out_step":"2","zoom_button_in_step":"3","show_post_tag":"1","show_prev_next_post":"1","show_popup_post":"1","number_popup_post":"1","show_author_box":"0","show_post_related":"0","show_inline_post_related":"0"}],"override_image_size":"0","image_override":[{"single_post_thumbnail_size":"crop-500","single_post_gallery_size":"crop-500"}],"trending_post":"0","trending_post_position":"meta","trending_post_label":"Trending","sponsored_post":"0","sponsored_post_label":"Sponsored by","sponsored_post_name":"","sponsored_post_url":"","sponsored_post_logo_enable":"0","sponsored_post_logo":"","sponsored_post_desc":""},"jnews_primary_category":{"id":""},"jnews_social_meta":{"fb_title":"","fb_description":"","fb_image":"","twitter_title":"","twitter_description":"","twitter_image":""},"jnews_review":[],"enable_review":"0","type":"percentage","name":"","summary":"","brand":"","sku":"","good":[{"good_text":""}],"bad":[{"bad_text":""}],"score_override":"","override_value":"","rating":[{"rating_text":"","rating_number":"10"}],"price":[{"shop":"","price":"","link":"","icon":""}],"jnews_override_counter":{"override_view_counter":"0","view_counter_number":"0","override_share_counter":"0","share_counter_number":"0","override_like_counter":"0","like_counter_number":"0","override_dislike_counter":"0","dislike_counter_number":"0"},"jnews_post_split":{"enable_post_split":"0","post_split":[{"template":"1","tag":"h2","numbering":"asc","mode":"normal"}]},"footnotes":""},"categories":[341,18,34],"tags":[61,544],"class_list":["post-21570","post","type-post","status-publish","format-standard","has-post-thumbnail","hentry","category-cdp","category-nacionales","category-seccionales","tag-conicet","tag-plenario-general-de-delegados"],"jetpack_featured_media_url":"https:\/\/atecordoba.org\/wp-content\/uploads\/2020\/09\/WhatsApp-Image-2020-09-03-at-13.01.39.jpeg","_links":{"self":[{"href":"https:\/\/atecordoba.org\/index.php?rest_route=\/wp\/v2\/posts\/21570","targetHints":{"allow":["GET"]}}],"collection":[{"href":"https:\/\/atecordoba.org\/index.php?rest_route=\/wp\/v2\/posts"}],"about":[{"href":"https:\/\/atecordoba.org\/index.php?rest_route=\/wp\/v2\/types\/post"}],"author":[{"embeddable":true,"href":"https:\/\/atecordoba.org\/index.php?rest_route=\/wp\/v2\/users\/7"}],"replies":[{"embeddable":true,"href":"https:\/\/atecordoba.org\/index.php?rest_route=%2Fwp%2Fv2%2Fcomments&post=21570"}],"version-history":[{"count":2,"href":"https:\/\/atecordoba.org\/index.php?rest_route=\/wp\/v2\/posts\/21570\/revisions"}],"predecessor-version":[{"id":21586,"href":"https:\/\/atecordoba.org\/index.php?rest_route=\/wp\/v2\/posts\/21570\/revisions\/21586"}],"wp:featuredmedia":[{"embeddable":true,"href":"https:\/\/atecordoba.org\/index.php?rest_route=\/wp\/v2\/media\/21572"}],"wp:attachment":[{"href":"https:\/\/atecordoba.org\/index.php?rest_route=%2Fwp%2Fv2%2Fmedia&parent=21570"}],"wp:term":[{"taxonomy":"category","embeddable":true,"href":"https:\/\/atecordoba.org\/index.php?rest_route=%2Fwp%2Fv2%2Fcategories&post=21570"},{"taxonomy":"post_tag","embeddable":true,"href":"https:\/\/atecordoba.org\/index.php?rest_route=%2Fwp%2Fv2%2Ftags&post=21570"}],"curies":[{"name":"wp","href":"https:\/\/api.w.org\/{rel}","templated":true}]}}