{"id":21558,"date":"2020-09-03T11:41:16","date_gmt":"2020-09-03T14:41:16","guid":{"rendered":"https:\/\/atecordoba.org\/?p=21558"},"modified":"2020-09-03T11:42:01","modified_gmt":"2020-09-03T14:42:01","slug":"ate-reafirma-su-presencia-en-san-francisco-con-una-asamblea-en-el-corralon-municipal","status":"publish","type":"post","link":"https:\/\/atecordoba.org\/?p=21558","title":{"rendered":"ATE reafirma su presencia en San Francisco con una asamblea en el Corral\u00f3n Municipal"},"content":{"rendered":"<p><img loading=\"lazy\" decoding=\"async\" class=\" wp-image-21560 aligncenter\" src=\"https:\/\/atecordoba.org\/wp-content\/uploads\/2020\/09\/118780491_784682305629460_3251632131441978717_n-300x225.jpg\" alt=\"\" width=\"599\" height=\"449\" srcset=\"https:\/\/atecordoba.org\/wp-content\/uploads\/2020\/09\/118780491_784682305629460_3251632131441978717_n-300x225.jpg 300w, https:\/\/atecordoba.org\/wp-content\/uploads\/2020\/09\/118780491_784682305629460_3251632131441978717_n-768x576.jpg 768w, https:\/\/atecordoba.org\/wp-content\/uploads\/2020\/09\/118780491_784682305629460_3251632131441978717_n-750x563.jpg 750w, https:\/\/atecordoba.org\/wp-content\/uploads\/2020\/09\/118780491_784682305629460_3251632131441978717_n.jpg 960w\" sizes=\"auto, (max-width: 599px) 100vw, 599px\" \/>Tras la intervenci\u00f3n judicial habilitando las asambleas de ATE en la Municipalidad de San Francisco, las y los trabajadores abrieron cause a sus reclamos hist\u00f3ricos por mejoras salariales y de condiciones de trabajo.<\/p>\n<p>Si el lunes pasada se realiz\u00f3 una importante asamblea en la Direcci\u00f3n de Cultura, hoy fue el caso del Corral\u00f3n Municipal, donde desde la primeras horas del d\u00eda las y los compa\u00f1eros desplegaron sus banderas mientras abordaron de manera conjunta y colectiva.<\/p>\n<p>Tal como se\u00f1al\u00f3 Gladys Medina, delegada normalizadora de ATE San Francisco, los salarios municipales han estado congelados todo el a\u00f1o, por lo tanto las y los compa\u00f1eros exigen una recomposici\u00f3n urgente.<\/p>\n<p>En el Corral\u00f3n el reclamo com\u00fan a todos los sectores se focaliza tambi\u00e9n en las necesaria mejora en las condiciones de trabajo y le pase a planta permanente.<\/p>\n<p>La conducci\u00f3n de ATE prev\u00e9 continuar con las asambleas en la Municipalidad, a la espera que el Ejecutivo abra canales de di\u00e1logo para recibir los reclamos de las y los municipales.<\/p>\n<div id='gallery_1' class='gallery galleryid-21558 gallery-columns-2 gallery-size-large'><figure class='gallery-item'>\n                <div class='gallery-icon landscape'>\n                    <a href='https:\/\/atecordoba.org\/wp-content\/uploads\/2020\/09\/118790513_784680018963022_6658071523641284166_n.jpg'><img loading=\"lazy\" decoding=\"async\" width=\"960\" height=\"720\" src=\"\" class=\"attachment-large size-large lazyload\" alt=\"\" data-src=\"https:\/\/atecordoba.org\/wp-content\/uploads\/2020\/09\/118790513_784680018963022_6658071523641284166_n.jpg\" data-sizes=\"auto\" data-srcset=\"https:\/\/atecordoba.org\/wp-content\/uploads\/2020\/09\/118790513_784680018963022_6658071523641284166_n.jpg 960w, https:\/\/atecordoba.org\/wp-content\/uploads\/2020\/09\/118790513_784680018963022_6658071523641284166_n-300x225.jpg 300w, https:\/\/atecordoba.org\/wp-content\/uploads\/2020\/09\/118790513_784680018963022_6658071523641284166_n-768x576.jpg 768w, https:\/\/atecordoba.org\/wp-content\/uploads\/2020\/09\/118790513_784680018963022_6658071523641284166_n-750x563.jpg 750w\" data-expand=\"700\" \/><\/a>\n                <\/div><\/figure><figure class='gallery-item'>\n                <div class='gallery-icon landscape'>\n                    <a href='https:\/\/atecordoba.org\/wp-content\/uploads\/2020\/09\/118848589_784679978963026_7250992342461460454_n.jpg'><img loading=\"lazy\" decoding=\"async\" width=\"960\" height=\"720\" src=\"\" class=\"attachment-large size-large lazyload\" alt=\"\" data-src=\"https:\/\/atecordoba.org\/wp-content\/uploads\/2020\/09\/118848589_784679978963026_7250992342461460454_n.jpg\" data-sizes=\"auto\" data-srcset=\"https:\/\/atecordoba.org\/wp-content\/uploads\/2020\/09\/118848589_784679978963026_7250992342461460454_n.jpg 960w, https:\/\/atecordoba.org\/wp-content\/uploads\/2020\/09\/118848589_784679978963026_7250992342461460454_n-300x225.jpg 300w, https:\/\/atecordoba.org\/wp-content\/uploads\/2020\/09\/118848589_784679978963026_7250992342461460454_n-768x576.jpg 768w, https:\/\/atecordoba.org\/wp-content\/uploads\/2020\/09\/118848589_784679978963026_7250992342461460454_n-750x563.jpg 750w\" data-expand=\"700\" \/><\/a>\n                <\/div><\/figure><br style=\"clear: both\" \/>\n            <\/div>\n\n","protected":false},"excerpt":{"rendered":"<p>Tras la intervenci\u00f3n judicial habilitando las asambleas de ATE en la Municipalidad de San Francisco, las y los trabajadores abrieron cause a sus reclamos hist\u00f3ricos por mejoras salariales y de condiciones de trabajo. Si el lunes pasada se realiz\u00f3 una importante asamblea en la Direcci\u00f3n de Cultura, hoy fue el caso del Corral\u00f3n Municipal, donde [&hellip;]<\/p>\n","protected":false},"author":7,"featured_media":21560,"comment_status":"open","ping_status":"open","sticky":false,"template":"","format":"standard","meta":{"_exactmetrics_skip_tracking":false,"_exactmetrics_sitenote_active":false,"_exactmetrics_sitenote_note":"","_exactmetrics_sitenote_category":0,"jnews-multi-image_gallery":[],"jnews_single_post":{"source_name":"","source_url":"","via_name":"","via_url":"","override_template":"0","override":[{"template":"1","single_blog_custom":"","parallax":"1","fullscreen":"0","layout":"right-sidebar","sidebar":"default-sidebar","second_sidebar":"default-sidebar","sticky_sidebar":"1","share_position":"top","share_float_style":"share-monocrhome","show_share_counter":"1","show_view_counter":"1","show_featured":"1","show_post_meta":"1","show_post_author":"1","show_post_author_image":"1","show_post_date":"1","post_date_format":"default","post_date_format_custom":"Y\/m\/d","show_post_category":"1","show_post_reading_time":"0","post_reading_time_wpm":"300","show_zoom_button":"0","zoom_button_out_step":"2","zoom_button_in_step":"3","show_post_tag":"1","show_prev_next_post":"1","show_popup_post":"1","number_popup_post":"1","show_author_box":"0","show_post_related":"0","show_inline_post_related":"0"}],"override_image_size":"0","image_override":[{"single_post_thumbnail_size":"crop-500","single_post_gallery_size":"crop-500"}],"trending_post":"0","trending_post_position":"meta","trending_post_label":"Trending","sponsored_post":"0","sponsored_post_label":"Sponsored by","sponsored_post_name":"","sponsored_post_url":"","sponsored_post_logo_enable":"0","sponsored_post_logo":"","sponsored_post_desc":""},"jnews_primary_category":{"id":""},"jnews_social_meta":{"fb_title":"","fb_description":"","fb_image":"","twitter_title":"","twitter_description":"","twitter_image":""},"jnews_review":[],"enable_review":"0","type":"percentage","name":"","summary":"","brand":"","sku":"","good":[{"good_text":""}],"bad":[{"bad_text":""}],"score_override":"","override_value":"","rating":[{"rating_text":"","rating_number":"10"}],"price":[{"shop":"","price":"","link":"","icon":""}],"jnews_override_counter":{"override_view_counter":"0","view_counter_number":"0","override_share_counter":"0","share_counter_number":"0","override_like_counter":"0","like_counter_number":"0","override_dislike_counter":"0","dislike_counter_number":"0"},"jnews_post_split":{"enable_post_split":"0","post_split":[{"template":"1","tag":"h2","numbering":"asc","mode":"normal"}]},"footnotes":""},"categories":[20,148],"tags":[543],"class_list":["post-21558","post","type-post","status-publish","format-standard","has-post-thumbnail","hentry","category-municipales","category-san-justo","tag-corralon-municipal"],"jetpack_featured_media_url":"https:\/\/atecordoba.org\/wp-content\/uploads\/2020\/09\/118780491_784682305629460_3251632131441978717_n.jpg","_links":{"self":[{"href":"https:\/\/atecordoba.org\/index.php?rest_route=\/wp\/v2\/posts\/21558","targetHints":{"allow":["GET"]}}],"collection":[{"href":"https:\/\/atecordoba.org\/index.php?rest_route=\/wp\/v2\/posts"}],"about":[{"href":"https:\/\/atecordoba.org\/index.php?rest_route=\/wp\/v2\/types\/post"}],"author":[{"embeddable":true,"href":"https:\/\/atecordoba.org\/index.php?rest_route=\/wp\/v2\/users\/7"}],"replies":[{"embeddable":true,"href":"https:\/\/atecordoba.org\/index.php?rest_route=%2Fwp%2Fv2%2Fcomments&post=21558"}],"version-history":[{"count":2,"href":"https:\/\/atecordoba.org\/index.php?rest_route=\/wp\/v2\/posts\/21558\/revisions"}],"predecessor-version":[{"id":21563,"href":"https:\/\/atecordoba.org\/index.php?rest_route=\/wp\/v2\/posts\/21558\/revisions\/21563"}],"wp:featuredmedia":[{"embeddable":true,"href":"https:\/\/atecordoba.org\/index.php?rest_route=\/wp\/v2\/media\/21560"}],"wp:attachment":[{"href":"https:\/\/atecordoba.org\/index.php?rest_route=%2Fwp%2Fv2%2Fmedia&parent=21558"}],"wp:term":[{"taxonomy":"category","embeddable":true,"href":"https:\/\/atecordoba.org\/index.php?rest_route=%2Fwp%2Fv2%2Fcategories&post=21558"},{"taxonomy":"post_tag","embeddable":true,"href":"https:\/\/atecordoba.org\/index.php?rest_route=%2Fwp%2Fv2%2Ftags&post=21558"}],"curies":[{"name":"wp","href":"https:\/\/api.w.org\/{rel}","templated":true}]}}