{"id":21550,"date":"2020-09-02T17:14:32","date_gmt":"2020-09-02T20:14:32","guid":{"rendered":"https:\/\/atecordoba.org\/?p=21550"},"modified":"2020-09-02T17:19:13","modified_gmt":"2020-09-02T20:19:13","slug":"las-y-los-trabajadores-del-conicet-reclaman-aumento-salarial-y-paran-manana-en-cordoba","status":"publish","type":"post","link":"https:\/\/atecordoba.org\/?p=21550","title":{"rendered":"Las y los trabajadores del Conicet reclaman aumento salarial y paran ma\u00f1ana en C\u00f3rdoba"},"content":{"rendered":"<p><img loading=\"lazy\" decoding=\"async\" class=\" wp-image-21551 alignleft\" src=\"https:\/\/atecordoba.org\/wp-content\/uploads\/2020\/09\/flyer-paro-conicet-3-9-212x300.jpeg\" alt=\"\" width=\"382\" height=\"541\" srcset=\"https:\/\/atecordoba.org\/wp-content\/uploads\/2020\/09\/flyer-paro-conicet-3-9-212x300.jpeg 212w, https:\/\/atecordoba.org\/wp-content\/uploads\/2020\/09\/flyer-paro-conicet-3-9-723x1024.jpeg 723w, https:\/\/atecordoba.org\/wp-content\/uploads\/2020\/09\/flyer-paro-conicet-3-9-768x1087.jpeg 768w, https:\/\/atecordoba.org\/wp-content\/uploads\/2020\/09\/flyer-paro-conicet-3-9-750x1062.jpeg 750w, https:\/\/atecordoba.org\/wp-content\/uploads\/2020\/09\/flyer-paro-conicet-3-9.jpeg 904w\" sizes=\"auto, (max-width: 382px) 100vw, 382px\" \/>En un comunicado que emitieron hoy, las y los trabajadores del organismo de investigaci\u00f3n cient\u00edfica, de gran reconocimiento social durante la lucha contra la pandemia, expresaron que \u201cel gobierno del presidente Macri dej\u00f3 al sector cient\u00edfico tecnol\u00f3gico en un contexto de desfinanciaci\u00f3n, con salarios que sufrieron una dr\u00e1stica p\u00e9rdida de su poder adquisitivo. Frente a ello, la actual gesti\u00f3n del presidente Fern\u00e1ndez comienza con se\u00f1ales favorables: la recuperaci\u00f3n del Ministerio de CyT, el a\u00fan m\u00e1s importante aumento en los salarios de becarixs doctorales y posdoctorales, el incremento de cupos en los ingresos a la carrera de investigaci\u00f3n\u201d.<\/p>\n<p>Y agregan: \u201csin embargo, en el marco de la profundizaci\u00f3n de la crisis econ\u00f3mica que ha conllevado la pandemia, a\u00fan est\u00e1 pendiente una recomposici\u00f3n salarial integral para el conjunto de lxs trabajadorxs del CONICET y del Estado Nacional en general. Hoy, el tener que trabajar en aislamiento ha trastocado la cotidianidad, siendo que gran parte de lxs trabajadorxs del CONICET debemos adem\u00e1s dictar clases (en una nueva modalidad virtual para la que no se estaba adecuadamente preparadxs), cuidar de menores, adolescentes cuya escolaridad tambi\u00e9n se ve afectada por el aislamiento, y adultxs mayores en forma permanente, mientras el costo de vida sigue aumentando. Como resultado, la erosi\u00f3n salarial y la falta de perspectiva de una actualizaci\u00f3n en el corto plazo, llev\u00f3 a que el personal del CONICET intensificara progresivamente su reclamo por mejora de sueldo\u201d.<\/p>\n<p>En ese marco, \u201cdespu\u00e9s de haber tenido asambleas regionales en todo el pa\u00eds, y confluyendo en un plenario nacional de delegadxs, desde ATE CONICET llamamos a Jornada Nacional de Protesta con Paro para este jueves 3 de septiembre\u201d.<\/p>\n<p><strong>Reclamos:<\/strong><\/p>\n<p>&#8211; Por recuperaci\u00f3n del salario v\u00eda paritaria en el Estado Nacional<\/p>\n<p>&#8211; Por paritaria sectorial para la construcci\u00f3n de un Convenio Colectivo de Trabajo espec\u00edfico para todes les trabajadores del organismo.<\/p>\n<p>&#8211; Porque entendemos que un bono no es recomposici\u00f3n.<\/p>\n<p>&#8211; Porque apoyamos un impuesto a las Grandes Fortunas, que le brinde al Estado financiamiento para salir de la crisis y que mejore el reparto de la riqueza en el pa\u00eds.<\/p>\n","protected":false},"excerpt":{"rendered":"<p>En un comunicado que emitieron hoy, las y los trabajadores del organismo de investigaci\u00f3n cient\u00edfica, de gran reconocimiento social durante la lucha contra la pandemia, expresaron que \u201cel gobierno del presidente Macri dej\u00f3 al sector cient\u00edfico tecnol\u00f3gico en un contexto de desfinanciaci\u00f3n, con salarios que sufrieron una dr\u00e1stica p\u00e9rdida de su poder adquisitivo. Frente a [&hellip;]<\/p>\n","protected":false},"author":7,"featured_media":21551,"comment_status":"open","ping_status":"open","sticky":true,"template":"","format":"standard","meta":{"_exactmetrics_skip_tracking":false,"_exactmetrics_sitenote_active":false,"_exactmetrics_sitenote_note":"","_exactmetrics_sitenote_category":0,"jnews-multi-image_gallery":[],"jnews_single_post":{"source_name":"","source_url":"","via_name":"","via_url":"","override_template":"0","override":[{"template":"1","single_blog_custom":"","parallax":"1","fullscreen":"0","layout":"right-sidebar","sidebar":"default-sidebar","second_sidebar":"default-sidebar","sticky_sidebar":"1","share_position":"top","share_float_style":"share-monocrhome","show_share_counter":"1","show_view_counter":"1","show_featured":"1","show_post_meta":"1","show_post_author":"1","show_post_author_image":"1","show_post_date":"1","post_date_format":"default","post_date_format_custom":"Y\/m\/d","show_post_category":"1","show_post_reading_time":"0","post_reading_time_wpm":"300","show_zoom_button":"0","zoom_button_out_step":"2","zoom_button_in_step":"3","show_post_tag":"1","show_prev_next_post":"1","show_popup_post":"1","number_popup_post":"1","show_author_box":"0","show_post_related":"0","show_inline_post_related":"0"}],"override_image_size":"0","image_override":[{"single_post_thumbnail_size":"crop-500","single_post_gallery_size":"crop-500"}],"trending_post":"0","trending_post_position":"meta","trending_post_label":"Trending","sponsored_post":"0","sponsored_post_label":"Sponsored by","sponsored_post_name":"","sponsored_post_url":"","sponsored_post_logo_enable":"0","sponsored_post_logo":"","sponsored_post_desc":""},"jnews_primary_category":{"id":""},"jnews_social_meta":{"fb_title":"","fb_description":"","fb_image":"","twitter_title":"","twitter_description":"","twitter_image":""},"jnews_review":[],"enable_review":"0","type":"percentage","name":"","summary":"","brand":"","sku":"","good":[{"good_text":""}],"bad":[{"bad_text":""}],"score_override":"","override_value":"","rating":[{"rating_text":"","rating_number":"10"}],"price":[{"shop":"","price":"","link":"","icon":""}],"jnews_override_counter":{"override_view_counter":"0","view_counter_number":"0","override_share_counter":"0","share_counter_number":"0","override_like_counter":"0","like_counter_number":"0","override_dislike_counter":"0","dislike_counter_number":"0"},"jnews_post_split":{"enable_post_split":"0","post_split":[{"template":"1","tag":"h2","numbering":"asc","mode":"normal"}]},"footnotes":""},"categories":[341,18],"tags":[542,61,409],"class_list":["post-21550","post","type-post","status-publish","format-standard","has-post-thumbnail","hentry","category-cdp","category-nacionales","tag-cientificos-argentinos","tag-conicet","tag-recomposicion-salarial"],"jetpack_featured_media_url":"https:\/\/atecordoba.org\/wp-content\/uploads\/2020\/09\/flyer-paro-conicet-3-9.jpeg","_links":{"self":[{"href":"https:\/\/atecordoba.org\/index.php?rest_route=\/wp\/v2\/posts\/21550","targetHints":{"allow":["GET"]}}],"collection":[{"href":"https:\/\/atecordoba.org\/index.php?rest_route=\/wp\/v2\/posts"}],"about":[{"href":"https:\/\/atecordoba.org\/index.php?rest_route=\/wp\/v2\/types\/post"}],"author":[{"embeddable":true,"href":"https:\/\/atecordoba.org\/index.php?rest_route=\/wp\/v2\/users\/7"}],"replies":[{"embeddable":true,"href":"https:\/\/atecordoba.org\/index.php?rest_route=%2Fwp%2Fv2%2Fcomments&post=21550"}],"version-history":[{"count":3,"href":"https:\/\/atecordoba.org\/index.php?rest_route=\/wp\/v2\/posts\/21550\/revisions"}],"predecessor-version":[{"id":21554,"href":"https:\/\/atecordoba.org\/index.php?rest_route=\/wp\/v2\/posts\/21550\/revisions\/21554"}],"wp:featuredmedia":[{"embeddable":true,"href":"https:\/\/atecordoba.org\/index.php?rest_route=\/wp\/v2\/media\/21551"}],"wp:attachment":[{"href":"https:\/\/atecordoba.org\/index.php?rest_route=%2Fwp%2Fv2%2Fmedia&parent=21550"}],"wp:term":[{"taxonomy":"category","embeddable":true,"href":"https:\/\/atecordoba.org\/index.php?rest_route=%2Fwp%2Fv2%2Fcategories&post=21550"},{"taxonomy":"post_tag","embeddable":true,"href":"https:\/\/atecordoba.org\/index.php?rest_route=%2Fwp%2Fv2%2Ftags&post=21550"}],"curies":[{"name":"wp","href":"https:\/\/api.w.org\/{rel}","templated":true}]}}