{"id":21528,"date":"2020-09-02T16:49:49","date_gmt":"2020-09-02T19:49:49","guid":{"rendered":"https:\/\/atecordoba.org\/?p=21528"},"modified":"2020-09-02T17:48:03","modified_gmt":"2020-09-02T20:48:03","slug":"ate-llevo-los-reclamos-de-la-senaf-al-ministerio-de-justicia","status":"publish","type":"post","link":"https:\/\/atecordoba.org\/?p=21528","title":{"rendered":"ATE llev\u00f3 los reclamos de la SENAF al Ministerio de Justicia"},"content":{"rendered":"<p><img loading=\"lazy\" decoding=\"async\" class=\" wp-image-21529 aligncenter\" src=\"https:\/\/atecordoba.org\/wp-content\/uploads\/2020\/09\/20200902_130634-300x169.jpg\" alt=\"\" width=\"604\" height=\"340\" srcset=\"https:\/\/atecordoba.org\/wp-content\/uploads\/2020\/09\/20200902_130634-300x169.jpg 300w, https:\/\/atecordoba.org\/wp-content\/uploads\/2020\/09\/20200902_130634-1024x577.jpg 1024w, https:\/\/atecordoba.org\/wp-content\/uploads\/2020\/09\/20200902_130634-768x433.jpg 768w, https:\/\/atecordoba.org\/wp-content\/uploads\/2020\/09\/20200902_130634-1536x866.jpg 1536w, https:\/\/atecordoba.org\/wp-content\/uploads\/2020\/09\/20200902_130634-2048x1155.jpg 2048w, https:\/\/atecordoba.org\/wp-content\/uploads\/2020\/09\/20200902_130634-750x423.jpg 750w, https:\/\/atecordoba.org\/wp-content\/uploads\/2020\/09\/20200902_130634-1140x643.jpg 1140w\" sizes=\"auto, (max-width: 604px) 100vw, 604px\" \/><\/p>\n<p>En el marco de una serie de reclamos que ATE viene planteando al gobierno provincial sobre la situaci\u00f3n en el sector salud y el \u00e1rea social las \u00faltimas dos semanas, hoy se realiz\u00f3 una concentraci\u00f3n frente a la sede del Ministerio de Justicia y DDHH de la provincia, en calle Alvear al 100.<\/p>\n<p>Nuestro gremio, junto a otras organizaciones como UTS y corrientes sindicales de diversas lineas pol\u00edticas, <img loading=\"lazy\" decoding=\"async\" class=\" wp-image-21530 alignright\" src=\"https:\/\/atecordoba.org\/wp-content\/uploads\/2020\/09\/20200902_132442-300x169.jpg\" alt=\"\" width=\"417\" height=\"235\" srcset=\"https:\/\/atecordoba.org\/wp-content\/uploads\/2020\/09\/20200902_132442-300x169.jpg 300w, https:\/\/atecordoba.org\/wp-content\/uploads\/2020\/09\/20200902_132442-1024x577.jpg 1024w, https:\/\/atecordoba.org\/wp-content\/uploads\/2020\/09\/20200902_132442-768x433.jpg 768w, https:\/\/atecordoba.org\/wp-content\/uploads\/2020\/09\/20200902_132442-1536x866.jpg 1536w, https:\/\/atecordoba.org\/wp-content\/uploads\/2020\/09\/20200902_132442-2048x1155.jpg 2048w, https:\/\/atecordoba.org\/wp-content\/uploads\/2020\/09\/20200902_132442-750x423.jpg 750w, https:\/\/atecordoba.org\/wp-content\/uploads\/2020\/09\/20200902_132442-1140x643.jpg 1140w\" sizes=\"auto, (max-width: 417px) 100vw, 417px\" \/>reclam\u00f3 que el ministro Juli\u00e1n L\u00f3pez intervenga ante el despido de una trabajadora que se desempe\u00f1a en el \u00e1rea penal Juvenil de la Secretaria de Ni\u00f1ez, Adolescencia y Familia (<br \/>\nSENAF) y el traslado arbitrario y fuera de toda norma de una delegada de ATE, omitiendo que la tutela sindical protege su actuaci\u00f3n gremial e impide cualquier traslado para garantizar que las y los trabajadores puedan hacer efectiva su representaci\u00f3n sindical.<\/p>\n<p>La SENAF es foco de sucesivas denuncias por la p\u00e9simas condiciones de trabajo, los magros salarios y los maltratos con que los funcionarios someten al personal para evitar quejas e imponer el miedo en el organismo. Quien encabeza esta pol\u00edtica en el organismo es el secretario Jos\u00e9 Pi\u00f1eiro, responsable m\u00e1ximo de la situaci\u00f3n que se vive y funcionario que se niega a abrir un <img loading=\"lazy\" decoding=\"async\" class=\" wp-image-21531 alignleft\" src=\"https:\/\/atecordoba.org\/wp-content\/uploads\/2020\/09\/20200902_124851-300x169.jpg\" alt=\"\" width=\"479\" height=\"270\" srcset=\"https:\/\/atecordoba.org\/wp-content\/uploads\/2020\/09\/20200902_124851-300x169.jpg 300w, https:\/\/atecordoba.org\/wp-content\/uploads\/2020\/09\/20200902_124851-1024x577.jpg 1024w, https:\/\/atecordoba.org\/wp-content\/uploads\/2020\/09\/20200902_124851-768x433.jpg 768w, https:\/\/atecordoba.org\/wp-content\/uploads\/2020\/09\/20200902_124851-1536x866.jpg 1536w, https:\/\/atecordoba.org\/wp-content\/uploads\/2020\/09\/20200902_124851-2048x1155.jpg 2048w, https:\/\/atecordoba.org\/wp-content\/uploads\/2020\/09\/20200902_124851-750x423.jpg 750w, https:\/\/atecordoba.org\/wp-content\/uploads\/2020\/09\/20200902_124851-1140x643.jpg 1140w\" sizes=\"auto, (max-width: 479px) 100vw, 479px\" \/>espacio de di\u00e1logo para encausar los justos reclamos, en un marco de alarmante falta de respuestas atento a que se trata de trabajadoras y trabajadores que atienden a menores en conflicto con la ley o v\u00edctimas de violencia de todo tipo, m\u00e1s aun en esta etapa de pandemia y hacinamiento de las familias por la cuarentena.<\/p>\n<p>En tal sentido, el secretario General de ATE C\u00f3rdoba, hizo entrega de una nota en el Ministerio. A su salida explic\u00f3 que &#8220;venimos a reclamarle al ministro de Justicia que reincorpore a la compa\u00f1era despedida y restituya a la delegada a su lugar de trabajo, porque es grave una pol\u00edtica antisindical que viola oda la legislaci\u00f3n laboral vigente&#8221;.<\/p>\n<p>Adem\u00e1s, el dirigente plante\u00f3 &#8220;la grave situaci\u00f3n del organismo, con pol\u00edticas de arrastre de la SENAF, relacionadas con la alt\u00edsima precarizaci\u00f3n laboral, ya que m\u00e1s de la mitad de los y las trabajadoras del organismo est\u00e1n en negro, monotributistas la gran mayor\u00eda, otros como becarios e incluso voluntarios, que cobran 7700 pesos al mes, salarios de miseria e indignos que paga el gobierno de C\u00f3rdoba&#8221;.<\/p>\n<p><img loading=\"lazy\" decoding=\"async\" class=\" wp-image-21532 alignright\" src=\"https:\/\/atecordoba.org\/wp-content\/uploads\/2020\/09\/20200902_124102-300x169.jpg\" alt=\"\" width=\"504\" height=\"284\" srcset=\"https:\/\/atecordoba.org\/wp-content\/uploads\/2020\/09\/20200902_124102-300x169.jpg 300w, https:\/\/atecordoba.org\/wp-content\/uploads\/2020\/09\/20200902_124102-1024x577.jpg 1024w, https:\/\/atecordoba.org\/wp-content\/uploads\/2020\/09\/20200902_124102-768x433.jpg 768w, https:\/\/atecordoba.org\/wp-content\/uploads\/2020\/09\/20200902_124102-1536x866.jpg 1536w, https:\/\/atecordoba.org\/wp-content\/uploads\/2020\/09\/20200902_124102-2048x1155.jpg 2048w, https:\/\/atecordoba.org\/wp-content\/uploads\/2020\/09\/20200902_124102-750x423.jpg 750w, https:\/\/atecordoba.org\/wp-content\/uploads\/2020\/09\/20200902_124102-1140x643.jpg 1140w\" sizes=\"auto, (max-width: 504px) 100vw, 504px\" \/><\/p>\n<p>Giuliani denunci\u00f3 que las p\u00e9simas condiciones laborales, m\u00e1s aun en contexto de pandemia, se expresan en la falta de &#8220;medidas de bioseguridad e insumos de prevenci\u00f3n. Tambi\u00e9n denunciamos la sobreexplotaci\u00f3n laboral que hay: no se cumple las horas espec\u00edficas que dice la ley y esto da cuenta del desprecio evidente del gobierno provincial hacia nuestros sectores y las pol\u00edticas p\u00fablicas. Convengamos que la Senaf trata problem\u00e1ticas de sectores postergados de la sociedad, con violencia de g\u00e9nero, con violencia infantil, con abandono, condiciones muy extremas que ameritan que los trabajadores y las trabajadoras puedan cumplir su tarea como se debe&#8221;.<\/p>\n<p>&nbsp;<\/p>\n<p>&#8220;Pero hay una falta de pol\u00edtica del gobierno para fortalecer esta \u00e1rea. Sobre todo dentro de una pandemia, donde los sectores vulnerables no pueden vivir la cuarentena de la misma forma que los sectores altos. En las barriadas, donde no van los funcionarios, hay pobreza, desigualdad social, hacinamiento, falta de trabajo, la droga, el gatillo f\u00e1cil. En fin, se ve que a Schiaretti no le importa cuidar la ni\u00f1ez y la adolescencia de los y las cordobesas, y por eso tiene a los trabajadores en estas condiciones&#8221;, afirm\u00f3.<\/p>\n<p><img loading=\"lazy\" decoding=\"async\" class=\" wp-image-21533 aligncenter\" src=\"https:\/\/atecordoba.org\/wp-content\/uploads\/2020\/09\/20200902_123945-300x169.jpg\" alt=\"\" width=\"598\" height=\"337\" srcset=\"https:\/\/atecordoba.org\/wp-content\/uploads\/2020\/09\/20200902_123945-300x169.jpg 300w, https:\/\/atecordoba.org\/wp-content\/uploads\/2020\/09\/20200902_123945-1024x577.jpg 1024w, https:\/\/atecordoba.org\/wp-content\/uploads\/2020\/09\/20200902_123945-768x433.jpg 768w, https:\/\/atecordoba.org\/wp-content\/uploads\/2020\/09\/20200902_123945-1536x866.jpg 1536w, https:\/\/atecordoba.org\/wp-content\/uploads\/2020\/09\/20200902_123945-2048x1155.jpg 2048w, https:\/\/atecordoba.org\/wp-content\/uploads\/2020\/09\/20200902_123945-750x423.jpg 750w, https:\/\/atecordoba.org\/wp-content\/uploads\/2020\/09\/20200902_123945-1140x643.jpg 1140w\" sizes=\"auto, (max-width: 598px) 100vw, 598px\" \/><\/p>\n<p><strong>Falta de di\u00e1logo y violencia laboral<\/strong><\/p>\n<p>El secretario General de ATE apunt\u00f3 a que &#8220;no es casualidad que hace 20 d\u00edas presentamos un petitorio al secretario de la SENAF Jos\u00e9 Pi\u00f1eiro reclamando por nuestra condiciones de trabajo y donde solicitamos una audiencia para plantear mediante el di\u00e1logo un camino para resolver situaciones de acoso laboral, maltratos por parte de los funcionarios a las trabajadoras, atento a que la mayor\u00eda de las que trabajan en la Senaf son mujeres. <img loading=\"lazy\" decoding=\"async\" class=\" wp-image-21535 alignleft\" src=\"https:\/\/atecordoba.org\/wp-content\/uploads\/2020\/09\/20200902_124522-300x169.jpg\" alt=\"\" width=\"509\" height=\"287\" srcset=\"https:\/\/atecordoba.org\/wp-content\/uploads\/2020\/09\/20200902_124522-300x169.jpg 300w, https:\/\/atecordoba.org\/wp-content\/uploads\/2020\/09\/20200902_124522-1024x577.jpg 1024w, https:\/\/atecordoba.org\/wp-content\/uploads\/2020\/09\/20200902_124522-768x433.jpg 768w, https:\/\/atecordoba.org\/wp-content\/uploads\/2020\/09\/20200902_124522-1536x866.jpg 1536w, https:\/\/atecordoba.org\/wp-content\/uploads\/2020\/09\/20200902_124522-2048x1155.jpg 2048w, https:\/\/atecordoba.org\/wp-content\/uploads\/2020\/09\/20200902_124522-750x423.jpg 750w, https:\/\/atecordoba.org\/wp-content\/uploads\/2020\/09\/20200902_124522-1140x643.jpg 1140w\" sizes=\"auto, (max-width: 509px) 100vw, 509px\" \/>Es curioso que en un momento de auge de movimiento feminista y de reivindicaci\u00f3n de los derechos de las mujeres, sea en estos sectores del Estado, donde se trata la problem\u00e1tica de la violencia donde la patronal maltrate a las trabajadoras.\u00a0Ante el pedido formal de audiencia de ATE, Pi\u00f1eiro nos responde con un despido y el traslado de una delegada. As\u00ed muestra el gobierno su pol\u00edtica de imponer el miedo para impedir que los trabajadores se organicen en sus reivindicaciones&#8221;.<\/p>\n<p>Y concluy\u00f3: &#8220;desde ATE dispusimos hacer pie en este sector tan postergado. Remarcamos que toda esta situaci\u00f3n no se hubiese producido de esta manera si no estuviera la connivencia de la burocracia sindical, el SEP viene teniendo pol\u00edticas concretas para precarizar, para tercerizar, y que eso genero el disciplinamiento de los trabajadores. En ese contexto, vamos a hacer pie y fortalecernos, elegir delegados y delegadas. Vinimos a pedir hablar con el ministro de Justicia porque est\u00e1 visto que con Pi\u00f1eiro no se puede. Habr\u00e1 que ver si hay voluntad de di\u00e1logo y si no lo no, definiremos un plan de lucha&#8221;.<\/p>\n<p><img loading=\"lazy\" decoding=\"async\" class=\" wp-image-21536 alignright\" src=\"https:\/\/atecordoba.org\/wp-content\/uploads\/2020\/09\/WhatsApp-Image-2020-09-02-at-13.25.52-300x169.jpeg\" alt=\"\" width=\"488\" height=\"275\" srcset=\"https:\/\/atecordoba.org\/wp-content\/uploads\/2020\/09\/WhatsApp-Image-2020-09-02-at-13.25.52-300x169.jpeg 300w, https:\/\/atecordoba.org\/wp-content\/uploads\/2020\/09\/WhatsApp-Image-2020-09-02-at-13.25.52-1024x576.jpeg 1024w, https:\/\/atecordoba.org\/wp-content\/uploads\/2020\/09\/WhatsApp-Image-2020-09-02-at-13.25.52-768x432.jpeg 768w, https:\/\/atecordoba.org\/wp-content\/uploads\/2020\/09\/WhatsApp-Image-2020-09-02-at-13.25.52-750x422.jpeg 750w, https:\/\/atecordoba.org\/wp-content\/uploads\/2020\/09\/WhatsApp-Image-2020-09-02-at-13.25.52-1140x641.jpeg 1140w, https:\/\/atecordoba.org\/wp-content\/uploads\/2020\/09\/WhatsApp-Image-2020-09-02-at-13.25.52.jpeg 1280w\" sizes=\"auto, (max-width: 488px) 100vw, 488px\" \/><\/p>\n<p><strong>Despedida por pedir la ART<\/strong><\/p>\n<p>A su turno, la trabajadora despedida, Itat\u00ed Caceres, relat\u00f3 que &#8220;trabajaba en el \u00e1rea Penal Juvenil de Senaf y hace 15 d\u00edas me pasan a un programa que trabaja chicos en situaci\u00f3n de calle. Ante esto, ped\u00ed que me digan qu\u00e9 cobertura iba a tener como monotributista para ir a la calle con la seguridad de estar cubierta, m\u00e1s en una situaci\u00f3n de pandemia donde nos tenemos que cuidar. Acto seguido me despidieron&#8221;.<\/p>\n<p>La trabajadora social particip\u00f3 de la concentraci\u00f3n junto a otras compa\u00f1eras en su misma situaci\u00f3n de monotributistas calzadas con m\u00e1scaras de mono para expresar el miedo a ser identificadas en una protesta que derive en su despido.<\/p>\n<p><img loading=\"lazy\" decoding=\"async\" class=\"wp-image-21537 aligncenter\" src=\"https:\/\/atecordoba.org\/wp-content\/uploads\/2020\/09\/20200902_121825_Burst07-300x169.jpg\" alt=\"\" width=\"524\" height=\"295\" srcset=\"https:\/\/atecordoba.org\/wp-content\/uploads\/2020\/09\/20200902_121825_Burst07-300x169.jpg 300w, https:\/\/atecordoba.org\/wp-content\/uploads\/2020\/09\/20200902_121825_Burst07-1024x577.jpg 1024w, https:\/\/atecordoba.org\/wp-content\/uploads\/2020\/09\/20200902_121825_Burst07-768x433.jpg 768w, https:\/\/atecordoba.org\/wp-content\/uploads\/2020\/09\/20200902_121825_Burst07-1536x866.jpg 1536w, https:\/\/atecordoba.org\/wp-content\/uploads\/2020\/09\/20200902_121825_Burst07-2048x1155.jpg 2048w, https:\/\/atecordoba.org\/wp-content\/uploads\/2020\/09\/20200902_121825_Burst07-750x423.jpg 750w, https:\/\/atecordoba.org\/wp-content\/uploads\/2020\/09\/20200902_121825_Burst07-1140x643.jpg 1140w\" sizes=\"auto, (max-width: 524px) 100vw, 524px\" \/><\/p>\n<p>&#8220;Llegamos a esta situaci\u00f3n -explic\u00f3 C\u00e1ceres- despu\u00e9s de agotar todas las instancias de di\u00e1logo con las autoridades del ministerio. Nos pusimos las caretas por nuestra condiciones de precarizadas, somos monotributistas y de ah\u00ed los monos. Cobramos la mitad del sueldo de un contratado o el personal de planta para realizar la misma tarea. No tenemos cobertura, seguro ni obra social&#8221;.<\/p>\n<p>La trabajadora explic\u00f3 que &#8220;en Penal Juvenil hacemos el acompa\u00f1amiento y abordaje de los j\u00f3venes en conflicto con la ley, trabajamos con las familias para que cuando los chicos resuelven su situaci\u00f3n procesal puedan volver a su casa&#8221;<\/p>\n<div class=\"epyt-video-wrapper\"><iframe loading=\"lazy\"  style=\"display: block; margin: 0px auto;\"  id=\"_ytid_46825\"  width=\"480\" height=\"270\"  data-origwidth=\"480\" data-origheight=\"270\" src=\"https:\/\/www.youtube.com\/embed\/GJlTQkp8Ouc?enablejsapi=1&#038;autoplay=0&#038;cc_load_policy=0&#038;cc_lang_pref=&#038;iv_load_policy=3&#038;loop=0&#038;rel=0&#038;fs=1&#038;playsinline=0&#038;autohide=2&#038;theme=dark&#038;color=red&#038;controls=1&#038;disablekb=0&#038;\" class=\"__youtube_prefs__  epyt-is-override  no-lazyload\" title=\"YouTube player\"  allow=\"fullscreen; accelerometer; autoplay; clipboard-write; encrypted-media; gyroscope; picture-in-picture; web-share\" referrerpolicy=\"strict-origin-when-cross-origin\" allowfullscreen data-no-lazy=\"1\" data-skipgform_ajax_framebjll=\"\"><\/iframe><\/div>\n<p>&nbsp;<\/p>\n<p style=\"text-align: center;\"><strong>Documento presentado ante el ministro de Justicia Juli\u00e1n L\u00f3pez<\/strong><\/p>\n<div id='gallery_1' class='gallery galleryid-21528 gallery-columns-3 gallery-size-large'><figure class='gallery-item'>\n                <div class='gallery-icon portrait'>\n                    <a href='https:\/\/atecordoba.org\/wp-content\/uploads\/2020\/09\/nota-senaf-2-9-2020_0001.jpg'><img loading=\"lazy\" decoding=\"async\" width=\"724\" height=\"1024\" src=\"\" class=\"attachment-large size-large lazyload\" alt=\"\" data-src=\"https:\/\/atecordoba.org\/wp-content\/uploads\/2020\/09\/nota-senaf-2-9-2020_0001-724x1024.jpg\" data-sizes=\"auto\" data-srcset=\"https:\/\/atecordoba.org\/wp-content\/uploads\/2020\/09\/nota-senaf-2-9-2020_0001-724x1024.jpg 724w, https:\/\/atecordoba.org\/wp-content\/uploads\/2020\/09\/nota-senaf-2-9-2020_0001-212x300.jpg 212w, https:\/\/atecordoba.org\/wp-content\/uploads\/2020\/09\/nota-senaf-2-9-2020_0001-768x1086.jpg 768w, https:\/\/atecordoba.org\/wp-content\/uploads\/2020\/09\/nota-senaf-2-9-2020_0001-1086x1536.jpg 1086w, https:\/\/atecordoba.org\/wp-content\/uploads\/2020\/09\/nota-senaf-2-9-2020_0001-1449x2048.jpg 1449w, https:\/\/atecordoba.org\/wp-content\/uploads\/2020\/09\/nota-senaf-2-9-2020_0001-750x1060.jpg 750w, https:\/\/atecordoba.org\/wp-content\/uploads\/2020\/09\/nota-senaf-2-9-2020_0001-1140x1612.jpg 1140w, https:\/\/atecordoba.org\/wp-content\/uploads\/2020\/09\/nota-senaf-2-9-2020_0001.jpg 1653w\" data-expand=\"700\" \/><\/a>\n                <\/div><\/figure><figure class='gallery-item'>\n                <div class='gallery-icon portrait'>\n                    <a href='https:\/\/atecordoba.org\/wp-content\/uploads\/2020\/09\/nota-senaf-2-9-2020_0002.jpg'><img loading=\"lazy\" decoding=\"async\" width=\"724\" height=\"1024\" src=\"\" class=\"attachment-large size-large lazyload\" alt=\"\" data-src=\"https:\/\/atecordoba.org\/wp-content\/uploads\/2020\/09\/nota-senaf-2-9-2020_0002-724x1024.jpg\" data-sizes=\"auto\" data-srcset=\"https:\/\/atecordoba.org\/wp-content\/uploads\/2020\/09\/nota-senaf-2-9-2020_0002-724x1024.jpg 724w, https:\/\/atecordoba.org\/wp-content\/uploads\/2020\/09\/nota-senaf-2-9-2020_0002-212x300.jpg 212w, https:\/\/atecordoba.org\/wp-content\/uploads\/2020\/09\/nota-senaf-2-9-2020_0002-768x1086.jpg 768w, https:\/\/atecordoba.org\/wp-content\/uploads\/2020\/09\/nota-senaf-2-9-2020_0002-1086x1536.jpg 1086w, https:\/\/atecordoba.org\/wp-content\/uploads\/2020\/09\/nota-senaf-2-9-2020_0002-1449x2048.jpg 1449w, https:\/\/atecordoba.org\/wp-content\/uploads\/2020\/09\/nota-senaf-2-9-2020_0002-750x1060.jpg 750w, https:\/\/atecordoba.org\/wp-content\/uploads\/2020\/09\/nota-senaf-2-9-2020_0002-1140x1612.jpg 1140w, https:\/\/atecordoba.org\/wp-content\/uploads\/2020\/09\/nota-senaf-2-9-2020_0002.jpg 1653w\" data-expand=\"700\" \/><\/a>\n                <\/div><\/figure><figure class='gallery-item'>\n                <div class='gallery-icon portrait'>\n                    <a href='https:\/\/atecordoba.org\/wp-content\/uploads\/2020\/09\/nota-senaf-2-9-2020_0003.jpg'><img loading=\"lazy\" decoding=\"async\" width=\"724\" height=\"1024\" src=\"\" class=\"attachment-large size-large lazyload\" alt=\"\" data-src=\"https:\/\/atecordoba.org\/wp-content\/uploads\/2020\/09\/nota-senaf-2-9-2020_0003-724x1024.jpg\" data-sizes=\"auto\" data-srcset=\"https:\/\/atecordoba.org\/wp-content\/uploads\/2020\/09\/nota-senaf-2-9-2020_0003-724x1024.jpg 724w, https:\/\/atecordoba.org\/wp-content\/uploads\/2020\/09\/nota-senaf-2-9-2020_0003-212x300.jpg 212w, https:\/\/atecordoba.org\/wp-content\/uploads\/2020\/09\/nota-senaf-2-9-2020_0003-768x1086.jpg 768w, https:\/\/atecordoba.org\/wp-content\/uploads\/2020\/09\/nota-senaf-2-9-2020_0003-1086x1536.jpg 1086w, https:\/\/atecordoba.org\/wp-content\/uploads\/2020\/09\/nota-senaf-2-9-2020_0003-1449x2048.jpg 1449w, https:\/\/atecordoba.org\/wp-content\/uploads\/2020\/09\/nota-senaf-2-9-2020_0003-750x1060.jpg 750w, https:\/\/atecordoba.org\/wp-content\/uploads\/2020\/09\/nota-senaf-2-9-2020_0003-1140x1612.jpg 1140w, https:\/\/atecordoba.org\/wp-content\/uploads\/2020\/09\/nota-senaf-2-9-2020_0003.jpg 1653w\" data-expand=\"700\" \/><\/a>\n                <\/div><\/figure><br style=\"clear: both\" \/>\n            <\/div>\n\n","protected":false},"excerpt":{"rendered":"<p>En el marco de una serie de reclamos que ATE viene planteando al gobierno provincial sobre la situaci\u00f3n en el sector salud y el \u00e1rea social las \u00faltimas dos semanas, hoy se realiz\u00f3 una concentraci\u00f3n frente a la sede del Ministerio de Justicia y DDHH de la provincia, en calle Alvear al 100. Nuestro gremio, [&hellip;]<\/p>\n","protected":false},"author":7,"featured_media":21529,"comment_status":"open","ping_status":"open","sticky":true,"template":"","format":"standard","meta":{"_exactmetrics_skip_tracking":false,"_exactmetrics_sitenote_active":false,"_exactmetrics_sitenote_note":"","_exactmetrics_sitenote_category":0,"jnews-multi-image_gallery":[],"jnews_single_post":{"source_name":"","source_url":"","via_name":"","via_url":"","override_template":"0","override":[{"template":"1","single_blog_custom":"","parallax":"1","fullscreen":"0","layout":"right-sidebar","sidebar":"default-sidebar","second_sidebar":"default-sidebar","sticky_sidebar":"1","share_position":"top","share_float_style":"share-monocrhome","show_share_counter":"1","show_view_counter":"1","show_featured":"1","show_post_meta":"1","show_post_author":"1","show_post_author_image":"1","show_post_date":"1","post_date_format":"default","post_date_format_custom":"Y\/m\/d","show_post_category":"1","show_post_reading_time":"0","post_reading_time_wpm":"300","show_zoom_button":"0","zoom_button_out_step":"2","zoom_button_in_step":"3","show_post_tag":"1","show_prev_next_post":"1","show_popup_post":"1","number_popup_post":"1","show_author_box":"0","show_post_related":"0","show_inline_post_related":"0"}],"override_image_size":"0","image_override":[{"single_post_thumbnail_size":"crop-500","single_post_gallery_size":"crop-500"}],"trending_post":"0","trending_post_position":"meta","trending_post_label":"Trending","sponsored_post":"0","sponsored_post_label":"Sponsored by","sponsored_post_name":"","sponsored_post_url":"","sponsored_post_logo_enable":"0","sponsored_post_logo":"","sponsored_post_desc":""},"jnews_primary_category":{"id":""},"jnews_social_meta":{"fb_title":"","fb_description":"","fb_image":"","twitter_title":"","twitter_description":"","twitter_image":""},"jnews_review":[],"enable_review":"0","type":"percentage","name":"","summary":"","brand":"","sku":"","good":[{"good_text":""}],"bad":[{"bad_text":""}],"score_override":"","override_value":"","rating":[{"rating_text":"","rating_number":"10"}],"price":[{"shop":"","price":"","link":"","icon":""}],"jnews_override_counter":{"override_view_counter":"0","view_counter_number":"0","override_share_counter":"0","share_counter_number":"0","override_like_counter":"0","like_counter_number":"0","override_dislike_counter":"0","dislike_counter_number":"0"},"jnews_post_split":{"enable_post_split":"0","post_split":[{"template":"1","tag":"h2","numbering":"asc","mode":"normal"}]},"footnotes":""},"categories":[341,8],"tags":[390,539,515,457,540,541],"class_list":["post-21528","post","type-post","status-publish","format-standard","has-post-thumbnail","hentry","category-cdp","category-provinciales","tag-condiciones-de-trabajo","tag-despido","tag-maltratos","tag-senaf","tag-traslado-delegada","tag-violencia-laboral"],"jetpack_featured_media_url":"https:\/\/atecordoba.org\/wp-content\/uploads\/2020\/09\/20200902_130634-scaled.jpg","_links":{"self":[{"href":"https:\/\/atecordoba.org\/index.php?rest_route=\/wp\/v2\/posts\/21528","targetHints":{"allow":["GET"]}}],"collection":[{"href":"https:\/\/atecordoba.org\/index.php?rest_route=\/wp\/v2\/posts"}],"about":[{"href":"https:\/\/atecordoba.org\/index.php?rest_route=\/wp\/v2\/types\/post"}],"author":[{"embeddable":true,"href":"https:\/\/atecordoba.org\/index.php?rest_route=\/wp\/v2\/users\/7"}],"replies":[{"embeddable":true,"href":"https:\/\/atecordoba.org\/index.php?rest_route=%2Fwp%2Fv2%2Fcomments&post=21528"}],"version-history":[{"count":9,"href":"https:\/\/atecordoba.org\/index.php?rest_route=\/wp\/v2\/posts\/21528\/revisions"}],"predecessor-version":[{"id":21557,"href":"https:\/\/atecordoba.org\/index.php?rest_route=\/wp\/v2\/posts\/21528\/revisions\/21557"}],"wp:featuredmedia":[{"embeddable":true,"href":"https:\/\/atecordoba.org\/index.php?rest_route=\/wp\/v2\/media\/21529"}],"wp:attachment":[{"href":"https:\/\/atecordoba.org\/index.php?rest_route=%2Fwp%2Fv2%2Fmedia&parent=21528"}],"wp:term":[{"taxonomy":"category","embeddable":true,"href":"https:\/\/atecordoba.org\/index.php?rest_route=%2Fwp%2Fv2%2Fcategories&post=21528"},{"taxonomy":"post_tag","embeddable":true,"href":"https:\/\/atecordoba.org\/index.php?rest_route=%2Fwp%2Fv2%2Ftags&post=21528"}],"curies":[{"name":"wp","href":"https:\/\/api.w.org\/{rel}","templated":true}]}}