{"id":21521,"date":"2020-09-02T14:46:12","date_gmt":"2020-09-02T17:46:12","guid":{"rendered":"https:\/\/atecordoba.org\/?p=21521"},"modified":"2020-09-02T14:53:01","modified_gmt":"2020-09-02T17:53:01","slug":"covid-19-se-haran-testeos-masivos-en-el-hospital-de-villa-dolores","status":"publish","type":"post","link":"https:\/\/atecordoba.org\/?p=21521","title":{"rendered":"COVID-19: Se har\u00e1n testeos masivos en el Hospital de Villa Dolores"},"content":{"rendered":"<p><img loading=\"lazy\" decoding=\"async\" class=\" wp-image-21522 alignleft\" src=\"https:\/\/atecordoba.org\/wp-content\/uploads\/2020\/09\/Hugo-Galaburri-Hospital-Villa-Dolores-300x184.jpg\" alt=\"\" width=\"350\" height=\"232\" \/><\/p>\n<p>En un programa emitido hoy en el Multimedio de la Cooperativa El\u00e9ctrica Mixta del Oeste y Otros Servicios P\u00fablicos Ltda (CEMDO) de Villa Dolores,<strong> Jorge Galaburri,<\/strong> de ATE Traslasierra -trabajador del Hospital de esa localidad-,<strong> inform\u00f3 la disposici\u00f3n del Ministerio de Salud del Gobierno de la Provincia de C\u00f3rdoba de realizar testeos masivos en el Hospital de Villa Dolores a todo el personal de salud -y otros como vigilancia, pasantes, etc- que desempe\u00f1a funciones all\u00ed.<\/strong> El pedido de &#8220;testeos, sistem\u00e1ticos, peri\u00f3dicos y a todo el personal es un reclamo que ATE C\u00f3rdoba viene llevando adelante desde el inicio de la pandemia&#8221;, remarc\u00f3 Galaburri.<br \/>\n&#8220;Es una preocupaci\u00f3n muy grande para la trabajadora y el trabajador de la salud que est\u00e1 abocado 100 por ciento a la pandemia el saber si puede estar siendo portador del virus&#8221;, explic\u00f3 Galaburri quien agreg\u00f3 que &#8220;esta era una deuda del Gobierno para con nuestro sector y desde ATE tomamos nota y actuamos haciendo los reclamos correspondientes&#8221;.<br \/>\nEn ese sentido, el representante del sindicato agradeci\u00f3 a las autoridades de ATE a nivel provincial por el \u00edmpetu en el reclamo: &#8220;desde nuestras localidades valoramos mucho todo lo que se est\u00e1 haciendo en el Consejo Directivo Provincial, el empuje que realiza el Secretario General Federico Giuliani -y su equipo- para sacar adelante cada reclamo de los trabajadores y trabajadoras&#8221;. &#8220;La realidad en ATE se discute de manera horizontal, las decisiones y los pedidos llegan a las conducciones superiores en el caso que no logremos solucionarlas localmente, y all\u00ed se arbitran todos los medios para llegar a buen puerto, por eso ATE crece cada vez m\u00e1s en nuestra regi\u00f3n&#8221;, destac\u00f3 Galaburry.<br \/>\nEl representante del Hospital de Villa Dolores remarc\u00f3 que desde el sindicato esperan que estos testeos se realicen efectivamente cada 14 d\u00edas &#8220;como han informado las autoridades sanitarias&#8221;. &#8220;Para dejarnos m\u00e1s tranquilos a cada uno de nosotros, a nuestras familias, a la sociedad, de que en los establecimientos de salud no se est\u00e1 propagando el virus y que, si llegara a suceder, podamos controlarlo a tiempo&#8221;, explic\u00f3 Galaburri.<\/p>\n<p>&nbsp;<\/p>\n<div class=\"fb-video\" data-href=\"https:\/\/www.facebook.com\/cemdomultimedio\/videos\/325760538738439\/\" data-show-text=\"false\" data-width=\"\">\n<blockquote cite=\"https:\/\/developers.facebook.com\/cemdomultimedio\/videos\/325760538738439\/\" class=\"fb-xfbml-parse-ignore\"><p><a href=\"https:\/\/developers.facebook.com\/cemdomultimedio\/videos\/325760538738439\/\">Jorge Pajaro Galaburri &#8211; Ate. Traslasierra<\/a><\/p>\n<p>Jorge Pajaro Galaburri &#8211; Ate. Traslasierra<br \/>\nMultimedio en Vivo<br \/>\nWhatsapp 3544 586374<br \/>\nwww.cemdo.com.ar<br \/>\nStream en vivo 24hs<\/p>\n<p>Publicado por <a href=\"https:\/\/www.facebook.com\/cemdomultimedio\/\">Multimedio CEMDO<\/a> en Mi\u00e9rcoles, 2 de septiembre de 2020<\/p><\/blockquote>\n<\/div>\n","protected":false},"excerpt":{"rendered":"<p>En un programa emitido hoy en el Multimedio de la Cooperativa El\u00e9ctrica Mixta del Oeste y Otros Servicios P\u00fablicos Ltda (CEMDO) de Villa Dolores, Jorge Galaburri, de ATE Traslasierra -trabajador del Hospital de esa localidad-, inform\u00f3 la disposici\u00f3n del Ministerio de Salud del Gobierno de la Provincia de C\u00f3rdoba de realizar testeos masivos en el [&hellip;]<\/p>\n","protected":false},"author":6,"featured_media":21522,"comment_status":"open","ping_status":"open","sticky":false,"template":"","format":"standard","meta":{"_exactmetrics_skip_tracking":false,"_exactmetrics_sitenote_active":false,"_exactmetrics_sitenote_note":"","_exactmetrics_sitenote_category":0,"jnews-multi-image_gallery":[],"jnews_single_post":{"source_name":"","source_url":"","via_name":"","via_url":"","override_template":"0","override":[{"template":"1","single_blog_custom":"","parallax":"1","fullscreen":"0","layout":"right-sidebar","sidebar":"default-sidebar","second_sidebar":"default-sidebar","sticky_sidebar":"1","share_position":"top","share_float_style":"share-monocrhome","show_share_counter":"1","show_view_counter":"1","show_featured":"1","show_post_meta":"1","show_post_author":"1","show_post_author_image":"1","show_post_date":"1","post_date_format":"default","post_date_format_custom":"Y\/m\/d","show_post_category":"1","show_post_reading_time":"0","post_reading_time_wpm":"300","show_zoom_button":"0","zoom_button_out_step":"2","zoom_button_in_step":"3","show_post_tag":"1","show_prev_next_post":"1","show_popup_post":"1","number_popup_post":"1","show_author_box":"0","show_post_related":"0","show_inline_post_related":"0"}],"override_image_size":"0","image_override":[{"single_post_thumbnail_size":"crop-500","single_post_gallery_size":"crop-500"}],"trending_post":"0","trending_post_position":"meta","trending_post_label":"Trending","sponsored_post":"0","sponsored_post_label":"Sponsored by","sponsored_post_name":"","sponsored_post_url":"","sponsored_post_logo_enable":"0","sponsored_post_logo":"","sponsored_post_desc":""},"jnews_primary_category":{"id":""},"jnews_social_meta":{"fb_title":"","fb_description":"","fb_image":"","twitter_title":"","twitter_description":"","twitter_image":""},"jnews_review":[],"enable_review":"0","type":"percentage","name":"","summary":"","brand":"","sku":"","good":[{"good_text":""}],"bad":[{"bad_text":""}],"score_override":"","override_value":"","rating":[{"rating_text":"","rating_number":"10"}],"price":[{"shop":"","price":"","link":"","icon":""}],"jnews_override_counter":{"override_view_counter":"0","view_counter_number":"0","override_share_counter":"0","share_counter_number":"0","override_like_counter":"0","like_counter_number":"0","override_dislike_counter":"0","dislike_counter_number":"0"},"jnews_post_split":{"enable_post_split":"0","post_split":[{"template":"1","tag":"h2","numbering":"asc","mode":"normal"}]},"footnotes":""},"categories":[150,104,8],"tags":[],"class_list":["post-21521","post","type-post","status-publish","format-standard","has-post-thumbnail","hentry","category-cruz-del-eje","category-departamento-de-salud","category-provinciales"],"jetpack_featured_media_url":"https:\/\/atecordoba.org\/wp-content\/uploads\/2020\/09\/Hugo-Galaburri-Hospital-Villa-Dolores.jpg","_links":{"self":[{"href":"https:\/\/atecordoba.org\/index.php?rest_route=\/wp\/v2\/posts\/21521","targetHints":{"allow":["GET"]}}],"collection":[{"href":"https:\/\/atecordoba.org\/index.php?rest_route=\/wp\/v2\/posts"}],"about":[{"href":"https:\/\/atecordoba.org\/index.php?rest_route=\/wp\/v2\/types\/post"}],"author":[{"embeddable":true,"href":"https:\/\/atecordoba.org\/index.php?rest_route=\/wp\/v2\/users\/6"}],"replies":[{"embeddable":true,"href":"https:\/\/atecordoba.org\/index.php?rest_route=%2Fwp%2Fv2%2Fcomments&post=21521"}],"version-history":[{"count":5,"href":"https:\/\/atecordoba.org\/index.php?rest_route=\/wp\/v2\/posts\/21521\/revisions"}],"predecessor-version":[{"id":21527,"href":"https:\/\/atecordoba.org\/index.php?rest_route=\/wp\/v2\/posts\/21521\/revisions\/21527"}],"wp:featuredmedia":[{"embeddable":true,"href":"https:\/\/atecordoba.org\/index.php?rest_route=\/wp\/v2\/media\/21522"}],"wp:attachment":[{"href":"https:\/\/atecordoba.org\/index.php?rest_route=%2Fwp%2Fv2%2Fmedia&parent=21521"}],"wp:term":[{"taxonomy":"category","embeddable":true,"href":"https:\/\/atecordoba.org\/index.php?rest_route=%2Fwp%2Fv2%2Fcategories&post=21521"},{"taxonomy":"post_tag","embeddable":true,"href":"https:\/\/atecordoba.org\/index.php?rest_route=%2Fwp%2Fv2%2Ftags&post=21521"}],"curies":[{"name":"wp","href":"https:\/\/api.w.org\/{rel}","templated":true}]}}