{"id":21518,"date":"2020-09-01T15:56:46","date_gmt":"2020-09-01T18:56:46","guid":{"rendered":"https:\/\/atecordoba.org\/?p=21518"},"modified":"2020-09-01T15:56:46","modified_gmt":"2020-09-01T18:56:46","slug":"el-ate-iosfa-toma-impulso-para-una-campana-de-afiliaciones","status":"publish","type":"post","link":"https:\/\/atecordoba.org\/?p=21518","title":{"rendered":"El ATE- IOSFA toma impulso para una campa\u00f1a de afiliaciones"},"content":{"rendered":"<p><img loading=\"lazy\" decoding=\"async\" class=\" wp-image-21519 aligncenter\" src=\"https:\/\/atecordoba.org\/wp-content\/uploads\/2020\/09\/zoom-iosfa-300x300.jpeg\" alt=\"\" width=\"599\" height=\"599\" srcset=\"https:\/\/atecordoba.org\/wp-content\/uploads\/2020\/09\/zoom-iosfa-300x300.jpeg 300w, https:\/\/atecordoba.org\/wp-content\/uploads\/2020\/09\/zoom-iosfa-150x150.jpeg 150w, https:\/\/atecordoba.org\/wp-content\/uploads\/2020\/09\/zoom-iosfa-75x75.jpeg 75w, https:\/\/atecordoba.org\/wp-content\/uploads\/2020\/09\/zoom-iosfa.jpeg 540w\" sizes=\"auto, (max-width: 599px) 100vw, 599px\" \/>Con la participaci\u00f3n de delegados y felegadas del Instituto Obra Social Fuerzas Armadas (Iosfa) de La Falda, Cosqu\u00edn, R\u00edo Cuarto, Villa General Belgrano, Ascochinga, Colonia Miguel Paredes y C\u00f3rdoba Capital se llev\u00f3 adelante ayer una asamblea por zoom junto al secretario General de ATE C\u00f3rdoba, Federico Giuliani, y el referente nacional del sector, compa\u00f1ero Rub\u00e9n L\u00f3pez.<\/p>\n<p>En la oportunidad se debatieron problem\u00e1ticas relacionadas al salario, la alt\u00edsima precarizaci\u00f3n laboral y las p\u00e9simas condiciones laborales, entre ellas el teletrabajo en un sector que tiene en su mayor\u00eda a mujeres explotadas por el Estado Nacional, maltratadas por los militares y con salarios de pobreza.<\/p>\n<p>En las conclusiones, las y los compa\u00f1eros resolvieron llevar adelante una nueva campa\u00f1a de afiliaci\u00f3n, elecciones de m\u00e1s delegados y delegadas en los sectores de trabajo y plan de lucha a plantear en el pr\u00f3ximo Plenario Nacional de Iosfa.<\/p>\n","protected":false},"excerpt":{"rendered":"<p>Con la participaci\u00f3n de delegados y felegadas del Instituto Obra Social Fuerzas Armadas (Iosfa) de La Falda, Cosqu\u00edn, R\u00edo Cuarto, Villa General Belgrano, Ascochinga, Colonia Miguel Paredes y C\u00f3rdoba Capital se llev\u00f3 adelante ayer una asamblea por zoom junto al secretario General de ATE C\u00f3rdoba, Federico Giuliani, y el referente nacional del sector, compa\u00f1ero Rub\u00e9n [&hellip;]<\/p>\n","protected":false},"author":7,"featured_media":21519,"comment_status":"open","ping_status":"open","sticky":true,"template":"","format":"standard","meta":{"_exactmetrics_skip_tracking":false,"_exactmetrics_sitenote_active":false,"_exactmetrics_sitenote_note":"","_exactmetrics_sitenote_category":0,"jnews-multi-image_gallery":[],"jnews_single_post":{"source_name":"","source_url":"","via_name":"","via_url":"","override_template":"0","override":[{"template":"1","single_blog_custom":"","parallax":"1","fullscreen":"0","layout":"right-sidebar","sidebar":"default-sidebar","second_sidebar":"default-sidebar","sticky_sidebar":"1","share_position":"top","share_float_style":"share-monocrhome","show_share_counter":"1","show_view_counter":"1","show_featured":"1","show_post_meta":"1","show_post_author":"1","show_post_author_image":"1","show_post_date":"1","post_date_format":"default","post_date_format_custom":"Y\/m\/d","show_post_category":"1","show_post_reading_time":"0","post_reading_time_wpm":"300","show_zoom_button":"0","zoom_button_out_step":"2","zoom_button_in_step":"3","show_post_tag":"1","show_prev_next_post":"1","show_popup_post":"1","number_popup_post":"1","show_author_box":"0","show_post_related":"0","show_inline_post_related":"0"}],"override_image_size":"0","image_override":[{"single_post_thumbnail_size":"crop-500","single_post_gallery_size":"crop-500"}],"trending_post":"0","trending_post_position":"meta","trending_post_label":"Trending","sponsored_post":"0","sponsored_post_label":"Sponsored by","sponsored_post_name":"","sponsored_post_url":"","sponsored_post_logo_enable":"0","sponsored_post_logo":"","sponsored_post_desc":""},"jnews_primary_category":{"id":""},"jnews_social_meta":{"fb_title":"","fb_description":"","fb_image":"","twitter_title":"","twitter_description":"","twitter_image":""},"jnews_review":[],"enable_review":"0","type":"percentage","name":"","summary":"","brand":"","sku":"","good":[{"good_text":""}],"bad":[{"bad_text":""}],"score_override":"","override_value":"","rating":[{"rating_text":"","rating_number":"10"}],"price":[{"shop":"","price":"","link":"","icon":""}],"jnews_override_counter":{"override_view_counter":"0","view_counter_number":"0","override_share_counter":"0","share_counter_number":"0","override_like_counter":"0","like_counter_number":"0","override_dislike_counter":"0","dislike_counter_number":"0"},"jnews_post_split":{"enable_post_split":"0","post_split":[{"template":"1","tag":"h2","numbering":"asc","mode":"normal"}]},"footnotes":""},"categories":[341,18],"tags":[],"class_list":["post-21518","post","type-post","status-publish","format-standard","has-post-thumbnail","hentry","category-cdp","category-nacionales"],"jetpack_featured_media_url":"https:\/\/atecordoba.org\/wp-content\/uploads\/2020\/09\/zoom-iosfa.jpeg","_links":{"self":[{"href":"https:\/\/atecordoba.org\/index.php?rest_route=\/wp\/v2\/posts\/21518","targetHints":{"allow":["GET"]}}],"collection":[{"href":"https:\/\/atecordoba.org\/index.php?rest_route=\/wp\/v2\/posts"}],"about":[{"href":"https:\/\/atecordoba.org\/index.php?rest_route=\/wp\/v2\/types\/post"}],"author":[{"embeddable":true,"href":"https:\/\/atecordoba.org\/index.php?rest_route=\/wp\/v2\/users\/7"}],"replies":[{"embeddable":true,"href":"https:\/\/atecordoba.org\/index.php?rest_route=%2Fwp%2Fv2%2Fcomments&post=21518"}],"version-history":[{"count":1,"href":"https:\/\/atecordoba.org\/index.php?rest_route=\/wp\/v2\/posts\/21518\/revisions"}],"predecessor-version":[{"id":21520,"href":"https:\/\/atecordoba.org\/index.php?rest_route=\/wp\/v2\/posts\/21518\/revisions\/21520"}],"wp:featuredmedia":[{"embeddable":true,"href":"https:\/\/atecordoba.org\/index.php?rest_route=\/wp\/v2\/media\/21519"}],"wp:attachment":[{"href":"https:\/\/atecordoba.org\/index.php?rest_route=%2Fwp%2Fv2%2Fmedia&parent=21518"}],"wp:term":[{"taxonomy":"category","embeddable":true,"href":"https:\/\/atecordoba.org\/index.php?rest_route=%2Fwp%2Fv2%2Fcategories&post=21518"},{"taxonomy":"post_tag","embeddable":true,"href":"https:\/\/atecordoba.org\/index.php?rest_route=%2Fwp%2Fv2%2Ftags&post=21518"}],"curies":[{"name":"wp","href":"https:\/\/api.w.org\/{rel}","templated":true}]}}