{"id":21507,"date":"2020-09-01T15:25:42","date_gmt":"2020-09-01T18:25:42","guid":{"rendered":"https:\/\/atecordoba.org\/?p=21507"},"modified":"2020-09-01T15:29:52","modified_gmt":"2020-09-01T18:29:52","slug":"giuliani-en-villa-libertador-vamos-a-dar-la-pelea-para-defender-el-derecho-de-estas-trabajadoras-de-salud-mental-y-el-derecho-de-los-vecinos-a-la-gratuita-y-de-calidad","status":"publish","type":"post","link":"https:\/\/atecordoba.org\/?p=21507","title":{"rendered":"Giuliani en Villa Libertador: \u201cVamos a dar la pelea para defender el derecho de estas trabajadoras de salud mental y el derecho de los vecinos a la salud gratuita y de calidad\u201d"},"content":{"rendered":"<div class=\"epyt-video-wrapper\"><iframe loading=\"lazy\"  style=\"display: block; margin: 0px auto;\"  id=\"_ytid_81435\"  width=\"480\" height=\"270\"  data-origwidth=\"480\" data-origheight=\"270\" src=\"https:\/\/www.youtube.com\/embed\/cIJg9xcS4uM?enablejsapi=1&#038;autoplay=0&#038;cc_load_policy=0&#038;cc_lang_pref=&#038;iv_load_policy=3&#038;loop=0&#038;rel=0&#038;fs=1&#038;playsinline=0&#038;autohide=2&#038;theme=dark&#038;color=red&#038;controls=1&#038;disablekb=0&#038;\" class=\"__youtube_prefs__  epyt-is-override  no-lazyload\" title=\"YouTube player\"  allow=\"fullscreen; accelerometer; autoplay; clipboard-write; encrypted-media; gyroscope; picture-in-picture; web-share\" referrerpolicy=\"strict-origin-when-cross-origin\" allowfullscreen data-no-lazy=\"1\" data-skipgform_ajax_framebjll=\"\"><\/iframe><\/div>\n<p>Hoy por la ma\u00f1ana se realiz\u00f3 una radio abierta en Villa Libertador, una barriada ubicada en el sur de C\u00f3rdoba Capital, que mantiene en pie el reclamo del sector y de las trabajadoras del Salud Mental para reabrir el consultorio cerrado por orden del Ministerio de Salud de la provincia.<\/p>\n<p>La clausura y el traslado arbitrario e intempestivo de las trabajadoras se produjo en abril pasado, aduciendo problemas edilicios que se iban a encarar en plena pandemia pero aun cinco meses despu\u00e9s no se inici\u00f3 ninguna tarea significativa de reparaci\u00f3n del lugar y los vecinos se encuentran en ascuas sin poder realizarse la atenci\u00f3n que acostumbraban.<img loading=\"lazy\" decoding=\"async\" class=\" wp-image-21509 alignright\" src=\"https:\/\/atecordoba.org\/wp-content\/uploads\/2020\/09\/WhatsApp-Image-2020-09-01-at-12.33.16-169x300.jpeg\" alt=\"\" width=\"272\" height=\"483\" srcset=\"https:\/\/atecordoba.org\/wp-content\/uploads\/2020\/09\/WhatsApp-Image-2020-09-01-at-12.33.16-169x300.jpeg 169w, https:\/\/atecordoba.org\/wp-content\/uploads\/2020\/09\/WhatsApp-Image-2020-09-01-at-12.33.16-576x1024.jpeg 576w, https:\/\/atecordoba.org\/wp-content\/uploads\/2020\/09\/WhatsApp-Image-2020-09-01-at-12.33.16.jpeg 581w\" sizes=\"auto, (max-width: 272px) 100vw, 272px\" \/><\/p>\n<p>&nbsp;<\/p>\n<p>En la oportunidad estuvo presente el secretario General de ATE, Federico Giuliani, junto a militantes de nuestro gremio, las trabajadoras del consultorio, organizaciones sociales y vecinas y vecinos del lugar.<\/p>\n<p>Vale recordar que Villa Libertador es uno de los barrios humildes m\u00e1s castigados en la ciudad por la falta de infraestructura, al punto que la falta de red de cloacas llev\u00f3 al colapso sanitario del barrio, con casas que se rajan y desmoronan por hundimiento de pozos ciegos. Incluso se sucedieron casos de vecinos fallecidos por esta situaci\u00f3n, que genera evidentemente una alarma en las familias, traumatizadas por las aguas servidas que fluyen por los cordones cunetas y que destruyen el pavimento. Todo un coctel que exige la presencia de equipos de atenci\u00f3n en salud para contener y cuidar a las y los vecinos.<\/p>\n<p>Son precisamente esos habitantes del barrio los principales impulsores de las protestas, acompa\u00f1ando a ATE junto a diversas organizaciones sociales y barriales que hoy participaron de la protesta.<\/p>\n<p>La vecina Claudia Casas explic\u00f3 que \u201cdesde hace 5 meses estamos acompa\u00f1ando al equipo de salud, repudiando el atropello del gobierno en la figura de Adriana S\u00e1nchez y el ministro de Salud Diego Cardoso. Sacaron una casa de salud mental, que est\u00e1 destinada a cubrir la atenci\u00f3n de 50 mil habitantes de la zona sur y hoy est\u00e1 cerrada. Adem\u00e1s quieren transformar el espacio para otra actividad, no para su destino espec\u00edfico\u201d.<\/p>\n<p><img loading=\"lazy\" decoding=\"async\" class=\" wp-image-21510 aligncenter\" src=\"https:\/\/atecordoba.org\/wp-content\/uploads\/2020\/09\/WhatsApp-Image-2020-09-01-at-11.09.34-300x146.jpeg\" alt=\"\" width=\"602\" height=\"293\" srcset=\"https:\/\/atecordoba.org\/wp-content\/uploads\/2020\/09\/WhatsApp-Image-2020-09-01-at-11.09.34-300x146.jpeg 300w, https:\/\/atecordoba.org\/wp-content\/uploads\/2020\/09\/WhatsApp-Image-2020-09-01-at-11.09.34-1024x498.jpeg 1024w, https:\/\/atecordoba.org\/wp-content\/uploads\/2020\/09\/WhatsApp-Image-2020-09-01-at-11.09.34-768x373.jpeg 768w, https:\/\/atecordoba.org\/wp-content\/uploads\/2020\/09\/WhatsApp-Image-2020-09-01-at-11.09.34-750x364.jpeg 750w, https:\/\/atecordoba.org\/wp-content\/uploads\/2020\/09\/WhatsApp-Image-2020-09-01-at-11.09.34-1140x554.jpeg 1140w, https:\/\/atecordoba.org\/wp-content\/uploads\/2020\/09\/WhatsApp-Image-2020-09-01-at-11.09.34.jpeg 1280w\" sizes=\"auto, (max-width: 602px) 100vw, 602px\" \/><\/p>\n<p>Casas se\u00f1al\u00f3 angustiada que \u201clo peor es el vandalismo, la persecuci\u00f3n ideol\u00f3gica contra las trabajadoras, traslad\u00e1ndolas a otros barrios a largas distancias. Estas autoridades no respetan la democracia ni los derechos de los trabajadores, as\u00ed como el derecho a la salud mental de Villa Libertador\u201d.<\/p>\n<p><img loading=\"lazy\" decoding=\"async\" class=\" wp-image-21513 alignleft\" src=\"https:\/\/atecordoba.org\/wp-content\/uploads\/2020\/09\/WhatsApp-Image-2020-09-01-at-11.09.39-300x157.jpeg\" alt=\"\" width=\"434\" height=\"227\" srcset=\"https:\/\/atecordoba.org\/wp-content\/uploads\/2020\/09\/WhatsApp-Image-2020-09-01-at-11.09.39-300x157.jpeg 300w, https:\/\/atecordoba.org\/wp-content\/uploads\/2020\/09\/WhatsApp-Image-2020-09-01-at-11.09.39-1024x537.jpeg 1024w, https:\/\/atecordoba.org\/wp-content\/uploads\/2020\/09\/WhatsApp-Image-2020-09-01-at-11.09.39-768x402.jpeg 768w, https:\/\/atecordoba.org\/wp-content\/uploads\/2020\/09\/WhatsApp-Image-2020-09-01-at-11.09.39-750x393.jpeg 750w, https:\/\/atecordoba.org\/wp-content\/uploads\/2020\/09\/WhatsApp-Image-2020-09-01-at-11.09.39.jpeg 1080w\" sizes=\"auto, (max-width: 434px) 100vw, 434px\" \/>En esa l\u00ednea, la trabajadora del lugar, compa\u00f1era Nora Gal\u00e1n, dijo que \u201cel Equipo de Salud Mental est\u00e1 en Villa Libertador desde 1985 y es de los m\u00e1s antiguos de la provincia, trabajando codo a codo con la comunidad desde su inicio. Algunas trabajamos hace 25 a\u00f1os en el lugar. La trayectoria de inserci\u00f3n en el barrio es fundamental y va pasando entre los profesionales a trav\u00e9s de la transmisi\u00f3n de conocimiento que vienen haciendo los equipos cuando se van renovando. Por eso, para la atenci\u00f3n primaria de la salud lo indicado es sostener los equipos y m\u00e1s a\u00fan durante una pandemia\u201d.<\/p>\n<p><strong>La dignidad de los olvidados<\/strong><\/p>\n<p>Despu\u00e9s de realizar la radio abierta y convocar a los vecinos a acercarse al acto, hizo uso de la palabra Federico Giuliani.<\/p>\n<p><img loading=\"lazy\" decoding=\"async\" class=\" wp-image-21511 alignright\" src=\"https:\/\/atecordoba.org\/wp-content\/uploads\/2020\/09\/WhatsApp-Image-2020-09-01-at-11.09.35-146x300.jpeg\" alt=\"\" width=\"279\" height=\"573\" srcset=\"https:\/\/atecordoba.org\/wp-content\/uploads\/2020\/09\/WhatsApp-Image-2020-09-01-at-11.09.35-146x300.jpeg 146w, https:\/\/atecordoba.org\/wp-content\/uploads\/2020\/09\/WhatsApp-Image-2020-09-01-at-11.09.35-498x1024.jpeg 498w, https:\/\/atecordoba.org\/wp-content\/uploads\/2020\/09\/WhatsApp-Image-2020-09-01-at-11.09.35.jpeg 622w\" sizes=\"auto, (max-width: 279px) 100vw, 279px\" \/><\/p>\n<p>El dirigente inici\u00f3 su discurso enviando \u201cnuestras fuerzas al cura villero V\u00edctor Acha\u201d, p\u00e1rroco hist\u00f3rico de Villa Libertador, perseguido por la dictadura, con la complicidad del arzobispo Ra\u00fal Primatesta y la jerarqu\u00eda cat\u00f3lica de entonces. Acha sufre las consecuencias de un accidente y lucha por recuperarse a sus m\u00e1s de 80 a\u00f1os.<\/p>\n<p>Seguidamente, Giuliani asegur\u00f3 que \u201cestamos ac\u00e1, en la margen sur de la ciudad, para mostrar que los olvidados no solo tenemos dignidad sino que tambi\u00e9n tenemos vocaci\u00f3n para organizar la esperanza y cambiar la realidad de injusticia por una realidad de justicia social\u201d.<\/p>\n<p>Y acus\u00f3 al gobierno provincial porque \u201cparece que hay ciudadanos de clase A, que viven en el centro, en los countries, en los barrios cerrados y otros de clase B. Nosotros no estamos ac\u00e1 para venir a mendigar nada ni a pedir migajas a los que mandan, venimos a hacer respetar nuestros derechos\u201d.<\/p>\n<p>Giuliani dijo que \u201ctenemos derecho a una salud p\u00fablica. No nos tenemos que conformar solo con la resistencia, sino que hay que luchar para hacer efectivo el derecho a tener cloacas, luz, pavimento y los servicios como tienen en el centro\u201d.<\/p>\n<p>\u201cPor eso ante esta ciudad que nos quieren vender para unos pocos y otra colapsada. En plena pandemia, por una decisi\u00f3n arbitraria e intempestiva del Ministerio de Salud, cierra la sede del equipo de salud mental afectando tanto a los habitantes de la zona como a las trabajadoras, que hace m\u00e1s de 20 a\u00f1os trabajan y desarrollan sus tareas en este lugar, trasladadas de manera compulsiva\u201d, denunci\u00f3 Giuliani .<\/p>\n<p>\u201cLa sede \u2013agreg\u00f3- \u00a0no es solo un espacio f\u00edsico, tambi\u00e9n es la representaci\u00f3n que el Estado est\u00e1 presente, tambi\u00e9n son las historias de vida que pasaron por ac\u00e1 durante todo este tiempo. Por eso vamos a remarcar la insensibilidad social que tiene el gobierno de Schiaretti, pero tambi\u00e9n le profundo desprecio que muestra para todo lo que tenga que ver con lo p\u00fablico y con nuestras mayor\u00edas populares\u201d.<\/p>\n<p><strong>ATE da la pelea<\/strong><\/p>\n<p>Para el secretario General de ATE \u201cla pelea es gremial y claramente ATE se pone la frente desde el primer momento para la defensa de los derechos de las trabajadoras. \u00a0No es casualidad que sean todas mujeres quienes trabajan ac\u00e1 y que reciban este maltrato de neto corte machista y patriarcal\u201d. \u201cAc\u00e1 hay persecuci\u00f3n pol\u00edtica y gremial, porque ATE no traiciona y se planta ante la patronal, porque somos aut\u00f3nomos y no tenemos pelos en la lengua para decir que este gobierno que est\u00e1 hace 21 a\u00f1os en C\u00f3rdoba vino a sacarle derechos\u00a0 a nuestro pueblo\u201d, remarc\u00f3.<\/p>\n<p><img loading=\"lazy\" decoding=\"async\" class=\" wp-image-21514 aligncenter\" src=\"https:\/\/atecordoba.org\/wp-content\/uploads\/2020\/09\/WhatsApp-Image-2020-09-01-at-13.55.02-300x146.jpeg\" alt=\"\" width=\"604\" height=\"294\" srcset=\"https:\/\/atecordoba.org\/wp-content\/uploads\/2020\/09\/WhatsApp-Image-2020-09-01-at-13.55.02-300x146.jpeg 300w, https:\/\/atecordoba.org\/wp-content\/uploads\/2020\/09\/WhatsApp-Image-2020-09-01-at-13.55.02-1024x498.jpeg 1024w, https:\/\/atecordoba.org\/wp-content\/uploads\/2020\/09\/WhatsApp-Image-2020-09-01-at-13.55.02-768x373.jpeg 768w, https:\/\/atecordoba.org\/wp-content\/uploads\/2020\/09\/WhatsApp-Image-2020-09-01-at-13.55.02-750x364.jpeg 750w, https:\/\/atecordoba.org\/wp-content\/uploads\/2020\/09\/WhatsApp-Image-2020-09-01-at-13.55.02-1140x554.jpeg 1140w, https:\/\/atecordoba.org\/wp-content\/uploads\/2020\/09\/WhatsApp-Image-2020-09-01-at-13.55.02.jpeg 1280w\" sizes=\"auto, (max-width: 604px) 100vw, 604px\" \/><\/p>\n<p>El dirigente explic\u00f3 que nuestra organizaci\u00f3n hizo las presentaciones administrativas y planea explorar la v\u00eda legal, \u201cpero no podemos perder la calle porque es el lugar donde tenemos que marcarle la agenda a los que m\u00e1s tienen. La dignidad no se declama sino que se construye poniendo el cuerpo como lo estamos haciendo hoy\u201d.<\/p>\n<p>Y finaliz\u00f3 afirmando que \u201cpor eso es importante remarcar que la construcci\u00f3n de solidaridad con las organizaciones sociales y territoriales es fundamental. La tarea es tambi\u00e9n social y cultural, tiene que ver con la presencia de la Iglesia y tiene que ver con una definici\u00f3n pol\u00edtica, la salud no es un servicio, no es un negocio como para Schiaretti, es un derecho y lo vamos a hacer cumplir\u201d.<\/p>\n<p>&nbsp;<\/p>\n<p>&nbsp;<\/p>\n<p>&nbsp;<\/p>\n<p>&nbsp;<\/p>\n<p>&nbsp;<\/p>\n","protected":false},"excerpt":{"rendered":"<p>Hoy por la ma\u00f1ana se realiz\u00f3 una radio abierta en Villa Libertador, una barriada ubicada en el sur de C\u00f3rdoba Capital, que mantiene en pie el reclamo del sector y de las trabajadoras del Salud Mental para reabrir el consultorio cerrado por orden del Ministerio de Salud de la provincia. La clausura y el traslado [&hellip;]<\/p>\n","protected":false},"author":7,"featured_media":21511,"comment_status":"open","ping_status":"open","sticky":true,"template":"","format":"standard","meta":{"_exactmetrics_skip_tracking":false,"_exactmetrics_sitenote_active":false,"_exactmetrics_sitenote_note":"","_exactmetrics_sitenote_category":0,"jnews-multi-image_gallery":[],"jnews_single_post":{"source_name":"","source_url":"","via_name":"","via_url":"","override_template":"0","override":[{"template":"1","single_blog_custom":"","parallax":"1","fullscreen":"0","layout":"right-sidebar","sidebar":"default-sidebar","second_sidebar":"default-sidebar","sticky_sidebar":"1","share_position":"top","share_float_style":"share-monocrhome","show_share_counter":"1","show_view_counter":"1","show_featured":"1","show_post_meta":"1","show_post_author":"1","show_post_author_image":"1","show_post_date":"1","post_date_format":"default","post_date_format_custom":"Y\/m\/d","show_post_category":"1","show_post_reading_time":"0","post_reading_time_wpm":"300","show_zoom_button":"0","zoom_button_out_step":"2","zoom_button_in_step":"3","show_post_tag":"1","show_prev_next_post":"1","show_popup_post":"1","number_popup_post":"1","show_author_box":"0","show_post_related":"0","show_inline_post_related":"0"}],"override_image_size":"0","image_override":[{"single_post_thumbnail_size":"crop-500","single_post_gallery_size":"crop-500"}],"trending_post":"0","trending_post_position":"meta","trending_post_label":"Trending","sponsored_post":"0","sponsored_post_label":"Sponsored by","sponsored_post_name":"","sponsored_post_url":"","sponsored_post_logo_enable":"0","sponsored_post_logo":"","sponsored_post_desc":""},"jnews_primary_category":{"id":""},"jnews_social_meta":{"fb_title":"","fb_description":"","fb_image":"","twitter_title":"","twitter_description":"","twitter_image":""},"jnews_review":[],"enable_review":"0","type":"percentage","name":"","summary":"","brand":"","sku":"","good":[{"good_text":""}],"bad":[{"bad_text":""}],"score_override":"","override_value":"","rating":[{"rating_text":"","rating_number":"10"}],"price":[{"shop":"","price":"","link":"","icon":""}],"jnews_override_counter":{"override_view_counter":"0","view_counter_number":"0","override_share_counter":"0","share_counter_number":"0","override_like_counter":"0","like_counter_number":"0","override_dislike_counter":"0","dislike_counter_number":"0"},"jnews_post_split":{"enable_post_split":"0","post_split":[{"template":"1","tag":"h2","numbering":"asc","mode":"normal"}]},"footnotes":""},"categories":[104,8],"tags":[538,470],"class_list":["post-21507","post","type-post","status-publish","format-standard","has-post-thumbnail","hentry","category-departamento-de-salud","category-provinciales","tag-equipo-salud-mental","tag-villa-libertador"],"jetpack_featured_media_url":"https:\/\/atecordoba.org\/wp-content\/uploads\/2020\/09\/WhatsApp-Image-2020-09-01-at-11.09.35.jpeg","_links":{"self":[{"href":"https:\/\/atecordoba.org\/index.php?rest_route=\/wp\/v2\/posts\/21507","targetHints":{"allow":["GET"]}}],"collection":[{"href":"https:\/\/atecordoba.org\/index.php?rest_route=\/wp\/v2\/posts"}],"about":[{"href":"https:\/\/atecordoba.org\/index.php?rest_route=\/wp\/v2\/types\/post"}],"author":[{"embeddable":true,"href":"https:\/\/atecordoba.org\/index.php?rest_route=\/wp\/v2\/users\/7"}],"replies":[{"embeddable":true,"href":"https:\/\/atecordoba.org\/index.php?rest_route=%2Fwp%2Fv2%2Fcomments&post=21507"}],"version-history":[{"count":3,"href":"https:\/\/atecordoba.org\/index.php?rest_route=\/wp\/v2\/posts\/21507\/revisions"}],"predecessor-version":[{"id":21517,"href":"https:\/\/atecordoba.org\/index.php?rest_route=\/wp\/v2\/posts\/21507\/revisions\/21517"}],"wp:featuredmedia":[{"embeddable":true,"href":"https:\/\/atecordoba.org\/index.php?rest_route=\/wp\/v2\/media\/21511"}],"wp:attachment":[{"href":"https:\/\/atecordoba.org\/index.php?rest_route=%2Fwp%2Fv2%2Fmedia&parent=21507"}],"wp:term":[{"taxonomy":"category","embeddable":true,"href":"https:\/\/atecordoba.org\/index.php?rest_route=%2Fwp%2Fv2%2Fcategories&post=21507"},{"taxonomy":"post_tag","embeddable":true,"href":"https:\/\/atecordoba.org\/index.php?rest_route=%2Fwp%2Fv2%2Ftags&post=21507"}],"curies":[{"name":"wp","href":"https:\/\/api.w.org\/{rel}","templated":true}]}}