{"id":21500,"date":"2020-08-31T16:15:24","date_gmt":"2020-08-31T19:15:24","guid":{"rendered":"https:\/\/atecordoba.org\/?p=21500"},"modified":"2020-08-31T16:15:24","modified_gmt":"2020-08-31T19:15:24","slug":"ate-realiza-su-primera-asamblea-general-en-la-municipalidad-de-san-francisco","status":"publish","type":"post","link":"https:\/\/atecordoba.org\/?p=21500","title":{"rendered":"ATE realiza su primera asamblea general en la Municipalidad de San Francisco"},"content":{"rendered":"<p><img loading=\"lazy\" decoding=\"async\" class=\" wp-image-21502 aligncenter\" src=\"https:\/\/atecordoba.org\/wp-content\/uploads\/2020\/08\/118652522_782448275852863_7113482270738984096_n-300x225.jpg\" alt=\"\" width=\"596\" height=\"447\" srcset=\"https:\/\/atecordoba.org\/wp-content\/uploads\/2020\/08\/118652522_782448275852863_7113482270738984096_n-300x225.jpg 300w, https:\/\/atecordoba.org\/wp-content\/uploads\/2020\/08\/118652522_782448275852863_7113482270738984096_n-768x576.jpg 768w, https:\/\/atecordoba.org\/wp-content\/uploads\/2020\/08\/118652522_782448275852863_7113482270738984096_n-750x563.jpg 750w, https:\/\/atecordoba.org\/wp-content\/uploads\/2020\/08\/118652522_782448275852863_7113482270738984096_n.jpg 960w\" sizes=\"auto, (max-width: 596px) 100vw, 596px\" \/>Las y los compa\u00f1eros municipales de San Francisco dieron hoy un paso fundamental en la organizaci\u00f3n de ATE en el sector al realizar esta ma\u00f1ana la primera asamblea general de nuestro gremio, frente a la Direcci\u00f3n de Cultura.<\/p>\n<p>El llamado las y los trabajadores tuvo una muy buena respuesta, con la participaci\u00f3n de afiliados y no afiliados a nuestro gremio.<\/p>\n<p>ATE ten\u00eda prohibido hacer asambleas pero a partir de una resoluci\u00f3n judicial, por medio de una medida cautelar pedida por nuestro gremio, una jueza<a href=\"https:\/\/atecordoba.org\/?p=21199\"> habilit\u00f3 a ATE<\/a>, orden\u00e1ndole a la Municipalidad que no interfiera en la actividad sindical.<\/p>\n<p>En ese marco, hoy se realiz\u00f3 la primera asamblea donde &#8220;se planteo el tema salarial porque desde comienzo de a\u00f1o que los sueldos est\u00e1n congelados, sin moverse en lo m\u00e1s m\u00ednimo&#8221;, explic\u00f3 Gladys Medina, delegada normalizadora de ATE en San Francisco. <img loading=\"lazy\" decoding=\"async\" class=\" wp-image-21503 alignright\" src=\"https:\/\/atecordoba.org\/wp-content\/uploads\/2020\/08\/118730046_782448439186180_9103098151096656594_n-300x225.jpg\" alt=\"\" width=\"439\" height=\"329\" srcset=\"https:\/\/atecordoba.org\/wp-content\/uploads\/2020\/08\/118730046_782448439186180_9103098151096656594_n-300x225.jpg 300w, https:\/\/atecordoba.org\/wp-content\/uploads\/2020\/08\/118730046_782448439186180_9103098151096656594_n-768x576.jpg 768w, https:\/\/atecordoba.org\/wp-content\/uploads\/2020\/08\/118730046_782448439186180_9103098151096656594_n-750x563.jpg 750w, https:\/\/atecordoba.org\/wp-content\/uploads\/2020\/08\/118730046_782448439186180_9103098151096656594_n.jpg 960w\" sizes=\"auto, (max-width: 439px) 100vw, 439px\" \/><\/p>\n<p>En la oportunidad se acord\u00f3 &#8220;la necesidad de lograr la estabilidad del pase a planta permanente de compa\u00f1eras y compa\u00f1eros que tienen muchos a\u00f1os en la Municipalidad.\u00a0De la misma forma acordamos exigir que el personal ultra precarizado bajo la figura de los Planes de Emergencia Ocupacional sea contratado como legalmente corresponde. Hoy son trabajadores en negro que no pueden seguir en esa condici\u00f3n&#8221;, afirm\u00f3 Medina.<\/p>\n<p>Al mismo tiempo, se declar\u00f3 el estado de asamblea permanente en distintos sectores para poder visibilizar los reclamos ante la ciudad y ante el Departamento Ejecutivo, que no recibe a ATE.<\/p>\n<p>&#8220;Se multiplican las quejas de las y los compa\u00f1eros por lo que est\u00e1n viviendo pero el Ejecutivo no da ninguna respuesta, ni por el pedido aumento ni por las condiciones de trabajo. Contrariamente, los funcionarios est\u00e1n mandando amenazas por debajo, sutiles, acus\u00e1ndonos que ponemos en riesgo la situaci\u00f3n de los trabajadores, que los van a despedir si vienen a las asambleas de ATE, movi\u00e9ndose a la usanza de los patrones&#8221;, denunci\u00f3 la dirigente.<\/p>\n<p>Sin embargo, la compa\u00f1era sostuvo que &#8220;estamos firmes en que debemos escuchar el reclamo de los trabajadores y ma\u00f1ana comenzamos a las 7 de la ma\u00f1ana con asamblea permanente en el Corral\u00f3n Municipal. Vamos a continuar por es justo el reclamo&#8221;, finaliz\u00f3 Medina.<\/p>\n<p><img loading=\"lazy\" decoding=\"async\" class=\" wp-image-21504 aligncenter\" src=\"https:\/\/atecordoba.org\/wp-content\/uploads\/2020\/08\/asamblea-san-francisco-300x225.jpg\" alt=\"\" width=\"602\" height=\"451\" srcset=\"https:\/\/atecordoba.org\/wp-content\/uploads\/2020\/08\/asamblea-san-francisco-300x225.jpg 300w, https:\/\/atecordoba.org\/wp-content\/uploads\/2020\/08\/asamblea-san-francisco-768x576.jpg 768w, https:\/\/atecordoba.org\/wp-content\/uploads\/2020\/08\/asamblea-san-francisco-750x563.jpg 750w, https:\/\/atecordoba.org\/wp-content\/uploads\/2020\/08\/asamblea-san-francisco.jpg 960w\" sizes=\"auto, (max-width: 602px) 100vw, 602px\" \/><\/p>\n","protected":false},"excerpt":{"rendered":"<p>Las y los compa\u00f1eros municipales de San Francisco dieron hoy un paso fundamental en la organizaci\u00f3n de ATE en el sector al realizar esta ma\u00f1ana la primera asamblea general de nuestro gremio, frente a la Direcci\u00f3n de Cultura. El llamado las y los trabajadores tuvo una muy buena respuesta, con la participaci\u00f3n de afiliados y [&hellip;]<\/p>\n","protected":false},"author":7,"featured_media":21502,"comment_status":"open","ping_status":"open","sticky":true,"template":"","format":"standard","meta":{"_exactmetrics_skip_tracking":false,"_exactmetrics_sitenote_active":false,"_exactmetrics_sitenote_note":"","_exactmetrics_sitenote_category":0,"jnews-multi-image_gallery":[],"jnews_single_post":{"source_name":"","source_url":"","via_name":"","via_url":"","override_template":"0","override":[{"template":"1","single_blog_custom":"","parallax":"1","fullscreen":"0","layout":"right-sidebar","sidebar":"default-sidebar","second_sidebar":"default-sidebar","sticky_sidebar":"1","share_position":"top","share_float_style":"share-monocrhome","show_share_counter":"1","show_view_counter":"1","show_featured":"1","show_post_meta":"1","show_post_author":"1","show_post_author_image":"1","show_post_date":"1","post_date_format":"default","post_date_format_custom":"Y\/m\/d","show_post_category":"1","show_post_reading_time":"0","post_reading_time_wpm":"300","show_zoom_button":"0","zoom_button_out_step":"2","zoom_button_in_step":"3","show_post_tag":"1","show_prev_next_post":"1","show_popup_post":"1","number_popup_post":"1","show_author_box":"0","show_post_related":"0","show_inline_post_related":"0"}],"override_image_size":"0","image_override":[{"single_post_thumbnail_size":"crop-500","single_post_gallery_size":"crop-500"}],"trending_post":"0","trending_post_position":"meta","trending_post_label":"Trending","sponsored_post":"0","sponsored_post_label":"Sponsored by","sponsored_post_name":"","sponsored_post_url":"","sponsored_post_logo_enable":"0","sponsored_post_logo":"","sponsored_post_desc":""},"jnews_primary_category":{"id":""},"jnews_social_meta":{"fb_title":"","fb_description":"","fb_image":"","twitter_title":"","twitter_description":"","twitter_image":""},"jnews_review":[],"enable_review":"0","type":"percentage","name":"","summary":"","brand":"","sku":"","good":[{"good_text":""}],"bad":[{"bad_text":""}],"score_override":"","override_value":"","rating":[{"rating_text":"","rating_number":"10"}],"price":[{"shop":"","price":"","link":"","icon":""}],"jnews_override_counter":{"override_view_counter":"0","view_counter_number":"0","override_share_counter":"0","share_counter_number":"0","override_like_counter":"0","like_counter_number":"0","override_dislike_counter":"0","dislike_counter_number":"0"},"jnews_post_split":{"enable_post_split":"0","post_split":[{"template":"1","tag":"h2","numbering":"asc","mode":"normal"}]},"footnotes":""},"categories":[20,148,34,1],"tags":[45,537],"class_list":["post-21500","post","type-post","status-publish","format-standard","has-post-thumbnail","hentry","category-municipales","category-san-justo","category-seccionales","category-sin-categoria","tag-asamblea","tag-san-francisco"],"jetpack_featured_media_url":"https:\/\/atecordoba.org\/wp-content\/uploads\/2020\/08\/118652522_782448275852863_7113482270738984096_n.jpg","_links":{"self":[{"href":"https:\/\/atecordoba.org\/index.php?rest_route=\/wp\/v2\/posts\/21500","targetHints":{"allow":["GET"]}}],"collection":[{"href":"https:\/\/atecordoba.org\/index.php?rest_route=\/wp\/v2\/posts"}],"about":[{"href":"https:\/\/atecordoba.org\/index.php?rest_route=\/wp\/v2\/types\/post"}],"author":[{"embeddable":true,"href":"https:\/\/atecordoba.org\/index.php?rest_route=\/wp\/v2\/users\/7"}],"replies":[{"embeddable":true,"href":"https:\/\/atecordoba.org\/index.php?rest_route=%2Fwp%2Fv2%2Fcomments&post=21500"}],"version-history":[{"count":2,"href":"https:\/\/atecordoba.org\/index.php?rest_route=\/wp\/v2\/posts\/21500\/revisions"}],"predecessor-version":[{"id":21505,"href":"https:\/\/atecordoba.org\/index.php?rest_route=\/wp\/v2\/posts\/21500\/revisions\/21505"}],"wp:featuredmedia":[{"embeddable":true,"href":"https:\/\/atecordoba.org\/index.php?rest_route=\/wp\/v2\/media\/21502"}],"wp:attachment":[{"href":"https:\/\/atecordoba.org\/index.php?rest_route=%2Fwp%2Fv2%2Fmedia&parent=21500"}],"wp:term":[{"taxonomy":"category","embeddable":true,"href":"https:\/\/atecordoba.org\/index.php?rest_route=%2Fwp%2Fv2%2Fcategories&post=21500"},{"taxonomy":"post_tag","embeddable":true,"href":"https:\/\/atecordoba.org\/index.php?rest_route=%2Fwp%2Fv2%2Ftags&post=21500"}],"curies":[{"name":"wp","href":"https:\/\/api.w.org\/{rel}","templated":true}]}}