{"id":21482,"date":"2020-08-28T16:32:38","date_gmt":"2020-08-28T19:32:38","guid":{"rendered":"https:\/\/atecordoba.org\/?p=21482"},"modified":"2020-08-28T20:21:21","modified_gmt":"2020-08-28T23:21:21","slug":"21482","status":"publish","type":"post","link":"https:\/\/atecordoba.org\/?p=21482","title":{"rendered":"Reuni\u00f3n entre el Directorio de Fabricaciones Militares y ATE"},"content":{"rendered":"<p><img loading=\"lazy\" decoding=\"async\" class=\" wp-image-21483 aligncenter\" src=\"https:\/\/atecordoba.org\/wp-content\/uploads\/2020\/08\/FFMM-27-8-300x300.jpeg\" alt=\"\" width=\"602\" height=\"602\" srcset=\"https:\/\/atecordoba.org\/wp-content\/uploads\/2020\/08\/FFMM-27-8-300x300.jpeg 300w, https:\/\/atecordoba.org\/wp-content\/uploads\/2020\/08\/FFMM-27-8-1024x1024.jpeg 1024w, https:\/\/atecordoba.org\/wp-content\/uploads\/2020\/08\/FFMM-27-8-150x150.jpeg 150w, https:\/\/atecordoba.org\/wp-content\/uploads\/2020\/08\/FFMM-27-8-768x768.jpeg 768w, https:\/\/atecordoba.org\/wp-content\/uploads\/2020\/08\/FFMM-27-8-560x560.jpeg 560w, https:\/\/atecordoba.org\/wp-content\/uploads\/2020\/08\/FFMM-27-8-75x75.jpeg 75w, https:\/\/atecordoba.org\/wp-content\/uploads\/2020\/08\/FFMM-27-8-750x750.jpeg 750w, https:\/\/atecordoba.org\/wp-content\/uploads\/2020\/08\/FFMM-27-8-1140x1140.jpeg 1140w, https:\/\/atecordoba.org\/wp-content\/uploads\/2020\/08\/FFMM-27-8.jpeg 1280w\" sizes=\"auto, (max-width: 602px) 100vw, 602px\" \/>El c\u00f3nclave v\u00eda zoom entre el directorio de Fabricaciones Militares (FFMM) y ATE se realiz\u00f3 ayer como parte de la mesa de di\u00e1logo que funciona en el organismo entre la patronal y la representaci\u00f3n sindical.<\/p>\n<p>En la oportunidad estuvieron presentes los secretarios generales de las seccionales Villa Mar\u00eda y R\u00edo Tercero, Fernando Mercado y Dami\u00e1n Albornoz.<\/p>\n<p>La reuni\u00f3n estuvo signada por un temario que incluy\u00f3:<\/p>\n<ul>\n<li>Estado de situaci\u00f3n de reapertura y puesta en marcha de la planta productiva de la localidad de Azul, provincia de Buenos Aires.<\/li>\n<li>Puesta en valor de cada una de las Unidades Productivas de FMSE, plan de\u00a0inversi\u00f3n 2020\/2021 en mantenimiento, producci\u00f3n y seguridad e higiene<\/li>\n<li>Estado de situaci\u00f3n del plan productivo 2020\/2021<\/li>\n<li>Aumento salarial para todos los trabajadores<\/li>\n<li>Recategorizaciones para todos los trabajadores y trabajadoras de acuerdo a nomenclador de funciones vigente y perfiles de puestos.<\/li>\n<li>Proceso de reincorporaci\u00f3n de las y los trabajadores despedidos.<\/li>\n<\/ul>\n<p>En tal sentido, Mercado resalt\u00f3 que las y los trabajadores de la planta de p\u00f3lvora y explosivos \u201cest\u00e1n produciendo gelamon, p\u00f3lvora, cipolec, mientras que en la planta de nitrocelulosa el marco de las medidas por la pandemia est\u00e1 retrasando la producci\u00f3n\u201d.<\/p>\n<p>\u201cPero no son responsables los trabajadores de esa baja \u2013agreg\u00f3-. Tampoco somos responsables de vender la producci\u00f3n de FFMM. Es el directorio que tiene que generar las alternativas para vender la producci\u00f3n de Villa Mar\u00eda salga al mercado. Por eso dijimos que necesitamos un proceso de reincorporaci\u00f3n a la f\u00e1brica, que tiene 307 trabajadores. De ellos 77 son factores de riesgo. As\u00ed y todo hoy estamos produciendo a los mismos niveles que cuando estaba Macri, pero con 77 trabajadores menos\u201d, destac\u00f3 el dirigente.<\/p>\n<p>En tal sentido, Mercado se\u00f1al\u00f3 que \u201cNosotros hicimos la tarea como representantes de los trabajadores: realizamos el listado y convocamos a los trabajadores despedidos. All\u00ed detallamos las prioridades, la situaci\u00f3n econ\u00f3mica y familiar por la que atraviesa cada compa\u00f1ero. Tambi\u00e9n comunicamos cu\u00e1les son los compa\u00f1eros de distintas instancias que aguardan sus recategorizaciones, porque entendemos que se vive una pandemia. Entendemos la situaci\u00f3n de la empresa, pero es muy dif\u00edcil llevar adelante un proceso donde los trabajadores est\u00e1n todos los d\u00edas pidiendo un aumento salarial, despu\u00e9s de tener cuatro a\u00f1os un gobierno macrista donde perdimos la mitad de nuestro salario; tenemos a los compa\u00f1eros (despedidos) todav\u00eda afuera; y como si fuera poco no podemos avanzar en las recategorizaciones\u201d.<\/p>\n<p>Adem\u00e1s, Mercado afirm\u00f3 que \u201cahora se viene la primavera con la necesidad de realizar el desmalezado del predio de la planta. Ese trabajo lo pueden hacer los compa\u00f1eros despedidos en vez de d\u00e1rselo a las empresas tercerizadas que hist\u00f3ricamente se enriquecieron a costa de FFMM. Hay que poner en valor la f\u00e1brica. Tenemos despedidos que son pintores, soldadores, electricistas, torneros, son trabajadores que la f\u00e1brica necesita\u201d.<\/p>\n<p>E insisti\u00f3 en remarcar que \u201ccada vez que la empresa nos convoca, los trabajadores estamos a disposici\u00f3n para producir. Pero hace falta una fuerte inversi\u00f3n para reconstruir la infraestructura de la planta que qued\u00f3 muy castigada despu\u00e9s del paso del macrismo, y por eso le decimos a los compa\u00f1eros que este proceso de recuperaci\u00f3n no lo vamos a hacer de un d\u00eda para el otro\u201d.<\/p>\n<p>\u201cPero necesitamos un gesto desde FFMM, como existi\u00f3 hist\u00f3ricamente con los interventores que pasaron, que sea un aumento salarial a cuenta de futuros aumentos, un gesto de reincorporaci\u00f3n de los compa\u00f1eros. No es una cuesti\u00f3n econ\u00f3mica sino de decisi\u00f3n pol\u00edtica que estamos esperando, atento que somos trabajadores esenciales. Como fue una decisi\u00f3n pol\u00edtica reabrir la planta de Azul. Ese gesto pol\u00edtico nos permitir\u00e1 pararnos delante de los compa\u00f1eros y decirle que esta gesti\u00f3n es diferente a la anterior\u201d, sostuvo.<\/p>\n<p>A la hora de destacar la legitimidad de la discusi\u00f3n que ATE plantea a las autoridades sobre el destino del organismo, Mercado apunt\u00f3 que \u201cnosotros elegimos no sentarnos a discutir con (el funcionario macrista) Fernando Esperanza, como si hizo UPCN. Y la consecuencia es que esa organizaci\u00f3n aval\u00f3 al macrismo para que deje las f\u00e1bricas en la situaci\u00f3n que estamos hoy. Ahora cada uno sabr\u00e1 cargar su mochila y sabemos cu\u00e1ntos porotos tiene cada uno. Nosotros tenemos la mochila de los trabajadores que representamos, los trabajadores saben qui\u00e9n es qui\u00e9n. A nosotros nos eligen a trav\u00e9s del voto secreto los compa\u00f1eros, no a trav\u00e9s del dedo de nadie\u201d.<\/p>\n<p>Por \u00faltimo el dirigente pidi\u00f3 la respuesta por escrito sobre los puntos que ATE traslad\u00f3 al directorio de la empresa, en cuanto a las recategorizaciones pendientes, el aumento salarial, la reincorporaci\u00f3n de los despedidos del macrismo, la puesta en valor con la inversi\u00f3n necesaria para que las f\u00e1bricas puedan producir sin problemas tras la pandemia, la reapertura de la f\u00e1brica de azul. \u201cEsperamos \u00a0una pr\u00f3xima reuni\u00f3n para conocer qu\u00e9 medida tomar\u00e1 el ministro de Econom\u00eda Mart\u00edn Guzm\u00e1n respecto a las inversiones y las partidas presupuestarias necesarias\u201d, concluy\u00f3.<\/p>\n<p>&nbsp;<\/p>\n","protected":false},"excerpt":{"rendered":"<p>El c\u00f3nclave v\u00eda zoom entre el directorio de Fabricaciones Militares (FFMM) y ATE se realiz\u00f3 ayer como parte de la mesa de di\u00e1logo que funciona en el organismo entre la patronal y la representaci\u00f3n sindical. En la oportunidad estuvieron presentes los secretarios generales de las seccionales Villa Mar\u00eda y R\u00edo Tercero, Fernando Mercado y Dami\u00e1n [&hellip;]<\/p>\n","protected":false},"author":7,"featured_media":21483,"comment_status":"open","ping_status":"open","sticky":false,"template":"","format":"standard","meta":{"_exactmetrics_skip_tracking":false,"_exactmetrics_sitenote_active":false,"_exactmetrics_sitenote_note":"","_exactmetrics_sitenote_category":0,"jnews-multi-image_gallery":[],"jnews_single_post":{"source_name":"","source_url":"","via_name":"","via_url":"","override_template":"0","override":[{"template":"1","single_blog_custom":"","parallax":"1","fullscreen":"0","layout":"right-sidebar","sidebar":"default-sidebar","second_sidebar":"default-sidebar","sticky_sidebar":"1","share_position":"top","share_float_style":"share-monocrhome","show_share_counter":"1","show_view_counter":"1","show_featured":"1","show_post_meta":"1","show_post_author":"1","show_post_author_image":"1","show_post_date":"1","post_date_format":"default","post_date_format_custom":"Y\/m\/d","show_post_category":"1","show_post_reading_time":"0","post_reading_time_wpm":"300","show_zoom_button":"0","zoom_button_out_step":"2","zoom_button_in_step":"3","show_post_tag":"1","show_prev_next_post":"1","show_popup_post":"1","number_popup_post":"1","show_author_box":"0","show_post_related":"0","show_inline_post_related":"0"}],"override_image_size":"0","image_override":[{"single_post_thumbnail_size":"crop-500","single_post_gallery_size":"crop-500"}],"trending_post":"0","trending_post_position":"meta","trending_post_label":"Trending","sponsored_post":"0","sponsored_post_label":"Sponsored by","sponsored_post_name":"","sponsored_post_url":"","sponsored_post_logo_enable":"0","sponsored_post_logo":"","sponsored_post_desc":""},"jnews_primary_category":{"id":""},"jnews_social_meta":{"fb_title":"","fb_description":"","fb_image":"","twitter_title":"","twitter_description":"","twitter_image":""},"jnews_review":[],"enable_review":"0","type":"percentage","name":"","summary":"","brand":"","sku":"","good":[{"good_text":""}],"bad":[{"bad_text":""}],"score_override":"","override_value":"","rating":[{"rating_text":"","rating_number":"10"}],"price":[{"shop":"","price":"","link":"","icon":""}],"jnews_override_counter":{"override_view_counter":"0","view_counter_number":"0","override_share_counter":"0","share_counter_number":"0","override_like_counter":"0","like_counter_number":"0","override_dislike_counter":"0","dislike_counter_number":"0"},"jnews_post_split":{"enable_post_split":"0","post_split":[{"template":"1","tag":"h2","numbering":"asc","mode":"normal"}]},"footnotes":""},"categories":[18,13,34,14],"tags":[434],"class_list":["post-21482","post","type-post","status-publish","format-standard","has-post-thumbnail","hentry","category-nacionales","category-rio-tercero","category-seccionales","category-villa-maria","tag-fabricaciones-militares"],"jetpack_featured_media_url":"https:\/\/atecordoba.org\/wp-content\/uploads\/2020\/08\/FFMM-27-8.jpeg","_links":{"self":[{"href":"https:\/\/atecordoba.org\/index.php?rest_route=\/wp\/v2\/posts\/21482","targetHints":{"allow":["GET"]}}],"collection":[{"href":"https:\/\/atecordoba.org\/index.php?rest_route=\/wp\/v2\/posts"}],"about":[{"href":"https:\/\/atecordoba.org\/index.php?rest_route=\/wp\/v2\/types\/post"}],"author":[{"embeddable":true,"href":"https:\/\/atecordoba.org\/index.php?rest_route=\/wp\/v2\/users\/7"}],"replies":[{"embeddable":true,"href":"https:\/\/atecordoba.org\/index.php?rest_route=%2Fwp%2Fv2%2Fcomments&post=21482"}],"version-history":[{"count":3,"href":"https:\/\/atecordoba.org\/index.php?rest_route=\/wp\/v2\/posts\/21482\/revisions"}],"predecessor-version":[{"id":21488,"href":"https:\/\/atecordoba.org\/index.php?rest_route=\/wp\/v2\/posts\/21482\/revisions\/21488"}],"wp:featuredmedia":[{"embeddable":true,"href":"https:\/\/atecordoba.org\/index.php?rest_route=\/wp\/v2\/media\/21483"}],"wp:attachment":[{"href":"https:\/\/atecordoba.org\/index.php?rest_route=%2Fwp%2Fv2%2Fmedia&parent=21482"}],"wp:term":[{"taxonomy":"category","embeddable":true,"href":"https:\/\/atecordoba.org\/index.php?rest_route=%2Fwp%2Fv2%2Fcategories&post=21482"},{"taxonomy":"post_tag","embeddable":true,"href":"https:\/\/atecordoba.org\/index.php?rest_route=%2Fwp%2Fv2%2Ftags&post=21482"}],"curies":[{"name":"wp","href":"https:\/\/api.w.org\/{rel}","templated":true}]}}