{"id":21460,"date":"2020-08-28T14:39:55","date_gmt":"2020-08-28T17:39:55","guid":{"rendered":"https:\/\/atecordoba.org\/?p=21460"},"modified":"2020-08-28T15:43:10","modified_gmt":"2020-08-28T18:43:10","slug":"fadea-despedidos-realizaron-nuevo-pedido-de-audiencia","status":"publish","type":"post","link":"https:\/\/atecordoba.org\/?p=21460","title":{"rendered":"FADEA: despedidos realizaron nuevo pedido de audiencia"},"content":{"rendered":"<p><img loading=\"lazy\" decoding=\"async\" class=\" wp-image-21461 aligncenter\" src=\"https:\/\/atecordoba.org\/wp-content\/uploads\/2020\/08\/CARTEL-FADEA-300x225.jpeg\" alt=\"\" width=\"600\" height=\"450\" srcset=\"https:\/\/atecordoba.org\/wp-content\/uploads\/2020\/08\/CARTEL-FADEA-300x225.jpeg 300w, https:\/\/atecordoba.org\/wp-content\/uploads\/2020\/08\/CARTEL-FADEA-1024x768.jpeg 1024w, https:\/\/atecordoba.org\/wp-content\/uploads\/2020\/08\/CARTEL-FADEA-768x576.jpeg 768w, https:\/\/atecordoba.org\/wp-content\/uploads\/2020\/08\/CARTEL-FADEA-750x563.jpeg 750w, https:\/\/atecordoba.org\/wp-content\/uploads\/2020\/08\/CARTEL-FADEA-1140x855.jpeg 1140w, https:\/\/atecordoba.org\/wp-content\/uploads\/2020\/08\/CARTEL-FADEA.jpeg 1280w\" sizes=\"auto, (max-width: 600px) 100vw, 600px\" \/>En la ma\u00f1ana de ayer, viernes,\u00a0 la delegaci\u00f3n de la Comisi\u00f3n de Relevamiento y Reincorporaci\u00f3n de las y los Trabajadores y Trabajadoras Estatales Despedidos en la Era Macri (CORREDMA) present\u00f3 una nota en la sede de FADEA para pedir una audiencia con la gerenta de Recursos Humanos Silvia Acu\u00f1a, para iniciar conversaciones sobre la agenda gremial de ATE, donde la reincorporaci\u00f3n de despedidos est\u00e1 al tope los reclamos de las y los compa\u00f1eros.<\/p>\n<p>La gesti\u00f3n dio comienzo a partir de una conversaci\u00f3n con la presidenta de la empresa, Mirta Iriondo, que abre la posibilidad de recibir los reclamos de las y los compa\u00f1eros.<\/p>\n<p>La CORREDMA representa a cientos de despedidos y despedidas en C\u00f3rdoba del macrismo que sufrieron la pol\u00edtica neoliberal del gobierno anterior, muchos de ellos en FADEA.<\/p>\n<p><img loading=\"lazy\" decoding=\"async\" class=\" wp-image-21462 aligncenter\" src=\"https:\/\/atecordoba.org\/wp-content\/uploads\/2020\/08\/NOTA-AUDIENCIA-FADEA-225x300.jpeg\" alt=\"\" width=\"467\" height=\"622\" srcset=\"https:\/\/atecordoba.org\/wp-content\/uploads\/2020\/08\/NOTA-AUDIENCIA-FADEA-225x300.jpeg 225w, https:\/\/atecordoba.org\/wp-content\/uploads\/2020\/08\/NOTA-AUDIENCIA-FADEA-768x1024.jpeg 768w, https:\/\/atecordoba.org\/wp-content\/uploads\/2020\/08\/NOTA-AUDIENCIA-FADEA-750x1000.jpeg 750w, https:\/\/atecordoba.org\/wp-content\/uploads\/2020\/08\/NOTA-AUDIENCIA-FADEA.jpeg 960w\" sizes=\"auto, (max-width: 467px) 100vw, 467px\" \/><\/p>\n","protected":false},"excerpt":{"rendered":"<p>En la ma\u00f1ana de ayer, viernes,\u00a0 la delegaci\u00f3n de la Comisi\u00f3n de Relevamiento y Reincorporaci\u00f3n de las y los Trabajadores y Trabajadoras Estatales Despedidos en la Era Macri (CORREDMA) present\u00f3 una nota en la sede de FADEA para pedir una audiencia con la gerenta de Recursos Humanos Silvia Acu\u00f1a, para iniciar conversaciones sobre la agenda [&hellip;]<\/p>\n","protected":false},"author":7,"featured_media":21461,"comment_status":"open","ping_status":"open","sticky":true,"template":"","format":"standard","meta":{"_exactmetrics_skip_tracking":false,"_exactmetrics_sitenote_active":false,"_exactmetrics_sitenote_note":"","_exactmetrics_sitenote_category":0,"jnews-multi-image_gallery":[],"jnews_single_post":{"source_name":"","source_url":"","via_name":"","via_url":"","override_template":"0","override":[{"template":"1","single_blog_custom":"","parallax":"1","fullscreen":"0","layout":"right-sidebar","sidebar":"default-sidebar","second_sidebar":"default-sidebar","sticky_sidebar":"1","share_position":"top","share_float_style":"share-monocrhome","show_share_counter":"1","show_view_counter":"1","show_featured":"1","show_post_meta":"1","show_post_author":"1","show_post_author_image":"1","show_post_date":"1","post_date_format":"default","post_date_format_custom":"Y\/m\/d","show_post_category":"1","show_post_reading_time":"0","post_reading_time_wpm":"300","show_zoom_button":"0","zoom_button_out_step":"2","zoom_button_in_step":"3","show_post_tag":"1","show_prev_next_post":"1","show_popup_post":"1","number_popup_post":"1","show_author_box":"0","show_post_related":"0","show_inline_post_related":"0"}],"override_image_size":"0","image_override":[{"single_post_thumbnail_size":"crop-500","single_post_gallery_size":"crop-500"}],"trending_post":"0","trending_post_position":"meta","trending_post_label":"Trending","sponsored_post":"0","sponsored_post_label":"Sponsored by","sponsored_post_name":"","sponsored_post_url":"","sponsored_post_logo_enable":"0","sponsored_post_logo":"","sponsored_post_desc":""},"jnews_primary_category":{"id":""},"jnews_social_meta":{"fb_title":"","fb_description":"","fb_image":"","twitter_title":"","twitter_description":"","twitter_image":""},"jnews_review":[],"enable_review":"0","type":"percentage","name":"","summary":"","brand":"","sku":"","good":[{"good_text":""}],"bad":[{"bad_text":""}],"score_override":"","override_value":"","rating":[{"rating_text":"","rating_number":"10"}],"price":[{"shop":"","price":"","link":"","icon":""}],"jnews_override_counter":{"override_view_counter":"0","view_counter_number":"0","override_share_counter":"0","share_counter_number":"0","override_like_counter":"0","like_counter_number":"0","override_dislike_counter":"0","dislike_counter_number":"0"},"jnews_post_split":{"enable_post_split":"0","post_split":[{"template":"1","tag":"h2","numbering":"asc","mode":"normal"}]},"footnotes":""},"categories":[341,152,18],"tags":[165],"class_list":["post-21460","post","type-post","status-publish","format-standard","has-post-thumbnail","hentry","category-cdp","category-despedidos","category-nacionales","tag-fadea"],"jetpack_featured_media_url":"https:\/\/atecordoba.org\/wp-content\/uploads\/2020\/08\/CARTEL-FADEA.jpeg","_links":{"self":[{"href":"https:\/\/atecordoba.org\/index.php?rest_route=\/wp\/v2\/posts\/21460","targetHints":{"allow":["GET"]}}],"collection":[{"href":"https:\/\/atecordoba.org\/index.php?rest_route=\/wp\/v2\/posts"}],"about":[{"href":"https:\/\/atecordoba.org\/index.php?rest_route=\/wp\/v2\/types\/post"}],"author":[{"embeddable":true,"href":"https:\/\/atecordoba.org\/index.php?rest_route=\/wp\/v2\/users\/7"}],"replies":[{"embeddable":true,"href":"https:\/\/atecordoba.org\/index.php?rest_route=%2Fwp%2Fv2%2Fcomments&post=21460"}],"version-history":[{"count":5,"href":"https:\/\/atecordoba.org\/index.php?rest_route=\/wp\/v2\/posts\/21460\/revisions"}],"predecessor-version":[{"id":21474,"href":"https:\/\/atecordoba.org\/index.php?rest_route=\/wp\/v2\/posts\/21460\/revisions\/21474"}],"wp:featuredmedia":[{"embeddable":true,"href":"https:\/\/atecordoba.org\/index.php?rest_route=\/wp\/v2\/media\/21461"}],"wp:attachment":[{"href":"https:\/\/atecordoba.org\/index.php?rest_route=%2Fwp%2Fv2%2Fmedia&parent=21460"}],"wp:term":[{"taxonomy":"category","embeddable":true,"href":"https:\/\/atecordoba.org\/index.php?rest_route=%2Fwp%2Fv2%2Fcategories&post=21460"},{"taxonomy":"post_tag","embeddable":true,"href":"https:\/\/atecordoba.org\/index.php?rest_route=%2Fwp%2Fv2%2Ftags&post=21460"}],"curies":[{"name":"wp","href":"https:\/\/api.w.org\/{rel}","templated":true}]}}