{"id":21447,"date":"2020-08-28T11:17:44","date_gmt":"2020-08-28T14:17:44","guid":{"rendered":"https:\/\/atecordoba.org\/?p=21447"},"modified":"2020-08-31T11:30:42","modified_gmt":"2020-08-31T14:30:42","slug":"senaf-jornada-de-protesta-para-frenar-los-maltratos-y-pesimas-condiciones-de-trabajo","status":"publish","type":"post","link":"https:\/\/atecordoba.org\/?p=21447","title":{"rendered":"SENAF: Jornada de Protesta para frenar los maltratos y las p\u00e9simas condiciones de trabajo"},"content":{"rendered":"<p><img loading=\"lazy\" decoding=\"async\" class=\" wp-image-21284 aligncenter\" src=\"https:\/\/atecordoba.org\/wp-content\/uploads\/2020\/08\/foto-senaf-300x142.jpeg\" alt=\"\" width=\"600\" height=\"284\" srcset=\"https:\/\/atecordoba.org\/wp-content\/uploads\/2020\/08\/foto-senaf-300x142.jpeg 300w, https:\/\/atecordoba.org\/wp-content\/uploads\/2020\/08\/foto-senaf-1024x485.jpeg 1024w, https:\/\/atecordoba.org\/wp-content\/uploads\/2020\/08\/foto-senaf-768x364.jpeg 768w, https:\/\/atecordoba.org\/wp-content\/uploads\/2020\/08\/foto-senaf-750x355.jpeg 750w, https:\/\/atecordoba.org\/wp-content\/uploads\/2020\/08\/foto-senaf.jpeg 1032w\" sizes=\"auto, (max-width: 600px) 100vw, 600px\" \/>Frente a la falta de respuestas del secretario de la SENAF, Jos\u00e9 Pi\u00f1ero, ante el pedido de audiencia presentado el 10 del corriente, y ante la persecuci\u00f3n antisindical que el gobierno est\u00e1 imponiendo en el organismo ATE realizar\u00e1 una Jornada de Protesta con una movilizaci\u00f3n el pr\u00f3ximo mi\u00e9rcoles 2 de septiembre, a las 12 horas, frente al Ministerio de Justicia de la Provincia.<\/p>\n<p>La medida, que se llevar\u00e1 a cabo cumpliendo estrictamente el protocolo de distanciamiento social, est\u00e1 fundamentada por el despido sin causa de una trabajadora y el traslado arbitrario de una delegada de SENAF penal juvenil.<\/p>\n<p>La Jornada de Protesta se fundamenta en el rechazo a la pol\u00edtica de atropellos, cortando los procesos de las y los pibes, al tiempo que vulnera tanto el derecho de las y los trabajadores y de menores y j\u00f3venes.<\/p>\n<p>\u201cHasta cu\u00e1ndo vamos a dejar que estos maltratos y manipulaci\u00f3n patriarcal nos sigan perjudicando, no queremos tener que andar mendigando trabajo, queremos trabajar en condiciones dignas para garantizar derechos\u201d, expresa la convocatoria.<\/p>\n<p>La concentraci\u00f3n se llevar\u00e1 a cabo en General Alvear 150, C\u00f3rdoba Capital, sede del Ministerio de Justicia.<\/p>\n<p><strong>P\u00e9simas condiciones de trabajo <\/strong><\/p>\n<p>El gobierno provincial viene imponiendo condiciones de trabajo que implican una falta absoluta de respeto de la dignidad de las y los trabajadores, y que implican el desprecio permanente de las necesidades de los menores que reciben la atenci\u00f3n del organismo.<\/p>\n<p>Tal como denuncia el cuerpo de delegados de ATE, al d\u00eda de la fecha, en SENAF:<\/p>\n<p>-Las Residencias mantienen trabajadoras y trabajadores precarizadas, a trav\u00e9s de la aplicaci\u00f3n indiscriminada de la figura de becas y monotributos, compa\u00f1eras y compa\u00f1eros que no cuentan con ART ni cobertura social, utilizando becarias disfrazadas de \u201cvoluntarias\u201d con salarios de $7700 que no condicen con las horas de trabajo y las responsabilidades que asumen.<\/p>\n<p>-los monotributistas cobran sus salarios entre el d\u00eda 15 y 20 del mes.<\/p>\n<p>-se produjeron despidos de compa\u00f1eras y compa\u00f1eros precarizados y persecuci\u00f3n pol\u00edtica a las y los trabajadores agremiados. Esto ha sido una constante desde el inicio de la gesti\u00f3n Pi\u00f1ero, con traslados compulsivos a las y los delegados de ATE en la L\u00ednea 102, traslados en el Complejo Esperanza y dem\u00e1s reparticiones como modo de disciplinar la protesta.<\/p>\n<p>-se realizaron traslados compulsivos, sin tener en cuenta sus profesiones o perfiles de las y los trabajadores para los cuales fueron contratados, exigiendo disponibilidad full time por el mismo monto de dinero.<\/p>\n<p><strong>La pandemia<\/strong><\/p>\n<p>En este contexto de pandemia ATE traslad\u00f3 al secretario de la SENAF la alarma por la falta de cuidados que el organismo aplica sobre las y los trabajadores, realizando trasladados a residencias sin especificar por escrito cu\u00e1les son sus funciones, evidenciando la falta de criterios sobre la tarea que deben realizar.<\/p>\n<p>Adem\u00e1s, la SENAF no reconoce el las condiciones que implican el teletrabajo que desarrollan las y los trabajadores afectados, con todo lo que implica en t\u00e9rminos de flexibilidad horaria, uso de dispositivos personales, y mantenimiento de los mismos.<\/p>\n<p>Todo esto explica el vaciamiento del \u00c1rea Social de Penal Juvenil, que impacta por tercera vez -desde finales del 2019 hasta hoy- en los procesos de los adolescentes y sus familias.<\/p>\n<p>Desde ATE reclamamos que en un contexto sanitario de pandemia, que obliga a maximizar los cuidados propios y de los otros, la SENAF informe formalmente cu\u00e1les son los protocolos del COE para las residencias y el resto de las instituciones del organismo, atento siendo que ya han existido contagios por Covid 19 en una residencia y en el call center de la l\u00ednea 102.<\/p>\n<p>En tal sentido, ATE exige la reincorporaci\u00f3n inmediata de la compa\u00f1era despedida, el reintegro a su lugar de trabajo a la delegada de SENAF Penal Juvenil, pase a planta de todas y todos los trabajadores, fin de los despidos y traslados compulsivos, fin de la persecuci\u00f3n pol\u00edtica y violencia institucional, protocolos de Covid 19 con conocimiento de los trabajadores.<\/p>\n<p><strong>COMUNICADO COMPLETO CON ADHESIONES AQU\u00cd<\/strong><\/p>\n<a href=\"https:\/\/atecordoba.org\/wp-content\/uploads\/2020\/08\/27-08-Repudio-Traslado-Despido-Persecuci\u00f3n-Pi\u00f1ero-ATE-C\u00f3rdoba.pdf\" class=\"pdfemb-viewer\" style=\"\" data-width=\"max\" data-height=\"max\" data-toolbar=\"bottom\" data-toolbar-fixed=\"off\">27-08 - Repudio Traslado, Despido, Persecuci\u00f3n Pi\u00f1ero - ATE C\u00f3rdoba<\/a>\n","protected":false},"excerpt":{"rendered":"<p>Frente a la falta de respuestas del secretario de la SENAF, Jos\u00e9 Pi\u00f1ero, ante el pedido de audiencia presentado el 10 del corriente, y ante la persecuci\u00f3n antisindical que el gobierno est\u00e1 imponiendo en el organismo ATE realizar\u00e1 una Jornada de Protesta con una movilizaci\u00f3n el pr\u00f3ximo mi\u00e9rcoles 2 de septiembre, a las 12 horas, [&hellip;]<\/p>\n","protected":false},"author":7,"featured_media":21451,"comment_status":"open","ping_status":"open","sticky":true,"template":"","format":"standard","meta":{"_exactmetrics_skip_tracking":false,"_exactmetrics_sitenote_active":false,"_exactmetrics_sitenote_note":"","_exactmetrics_sitenote_category":0,"jnews-multi-image_gallery":[],"jnews_single_post":{"source_name":"","source_url":"","via_name":"","via_url":"","override_template":"0","override":[{"template":"1","single_blog_custom":"","parallax":"1","fullscreen":"0","layout":"right-sidebar","sidebar":"default-sidebar","second_sidebar":"default-sidebar","sticky_sidebar":"1","share_position":"top","share_float_style":"share-monocrhome","show_share_counter":"1","show_view_counter":"1","show_featured":"1","show_post_meta":"1","show_post_author":"1","show_post_author_image":"1","show_post_date":"1","post_date_format":"default","post_date_format_custom":"Y\/m\/d","show_post_category":"1","show_post_reading_time":"0","post_reading_time_wpm":"300","show_zoom_button":"0","zoom_button_out_step":"2","zoom_button_in_step":"3","show_post_tag":"1","show_prev_next_post":"1","show_popup_post":"1","number_popup_post":"1","show_author_box":"0","show_post_related":"0","show_inline_post_related":"0"}],"override_image_size":"0","image_override":[{"single_post_thumbnail_size":"crop-500","single_post_gallery_size":"crop-500"}],"trending_post":"0","trending_post_position":"meta","trending_post_label":"Trending","sponsored_post":"0","sponsored_post_label":"Sponsored by","sponsored_post_name":"","sponsored_post_url":"","sponsored_post_logo_enable":"0","sponsored_post_logo":"","sponsored_post_desc":""},"jnews_primary_category":{"id":""},"jnews_social_meta":{"fb_title":"","fb_description":"","fb_image":"","twitter_title":"","twitter_description":"","twitter_image":""},"jnews_review":[],"enable_review":"0","type":"percentage","name":"","summary":"","brand":"","sku":"","good":[{"good_text":""}],"bad":[{"bad_text":""}],"score_override":"","override_value":"","rating":[{"rating_text":"","rating_number":"10"}],"price":[{"shop":"","price":"","link":"","icon":""}],"jnews_override_counter":{"override_view_counter":"0","view_counter_number":"0","override_share_counter":"0","share_counter_number":"0","override_like_counter":"0","like_counter_number":"0","override_dislike_counter":"0","dislike_counter_number":"0"},"jnews_post_split":{"enable_post_split":"0","post_split":[{"template":"1","tag":"h2","numbering":"asc","mode":"normal"}]},"footnotes":""},"categories":[341,8],"tags":[536,457],"class_list":["post-21447","post","type-post","status-publish","format-standard","has-post-thumbnail","hentry","category-cdp","category-provinciales","tag-jornada-de-protesta","tag-senaf"],"jetpack_featured_media_url":"https:\/\/atecordoba.org\/wp-content\/uploads\/2020\/08\/foto-senaf-1.jpeg","_links":{"self":[{"href":"https:\/\/atecordoba.org\/index.php?rest_route=\/wp\/v2\/posts\/21447","targetHints":{"allow":["GET"]}}],"collection":[{"href":"https:\/\/atecordoba.org\/index.php?rest_route=\/wp\/v2\/posts"}],"about":[{"href":"https:\/\/atecordoba.org\/index.php?rest_route=\/wp\/v2\/types\/post"}],"author":[{"embeddable":true,"href":"https:\/\/atecordoba.org\/index.php?rest_route=\/wp\/v2\/users\/7"}],"replies":[{"embeddable":true,"href":"https:\/\/atecordoba.org\/index.php?rest_route=%2Fwp%2Fv2%2Fcomments&post=21447"}],"version-history":[{"count":7,"href":"https:\/\/atecordoba.org\/index.php?rest_route=\/wp\/v2\/posts\/21447\/revisions"}],"predecessor-version":[{"id":21499,"href":"https:\/\/atecordoba.org\/index.php?rest_route=\/wp\/v2\/posts\/21447\/revisions\/21499"}],"wp:featuredmedia":[{"embeddable":true,"href":"https:\/\/atecordoba.org\/index.php?rest_route=\/wp\/v2\/media\/21451"}],"wp:attachment":[{"href":"https:\/\/atecordoba.org\/index.php?rest_route=%2Fwp%2Fv2%2Fmedia&parent=21447"}],"wp:term":[{"taxonomy":"category","embeddable":true,"href":"https:\/\/atecordoba.org\/index.php?rest_route=%2Fwp%2Fv2%2Fcategories&post=21447"},{"taxonomy":"post_tag","embeddable":true,"href":"https:\/\/atecordoba.org\/index.php?rest_route=%2Fwp%2Fv2%2Ftags&post=21447"}],"curies":[{"name":"wp","href":"https:\/\/api.w.org\/{rel}","templated":true}]}}