{"id":21441,"date":"2020-08-28T10:09:52","date_gmt":"2020-08-28T13:09:52","guid":{"rendered":"https:\/\/atecordoba.org\/?p=21441"},"modified":"2020-08-28T15:37:39","modified_gmt":"2020-08-28T18:37:39","slug":"se-oficializo-el-reconocimiento-de-ate-en-la-municipalidad-de-saldan","status":"publish","type":"post","link":"https:\/\/atecordoba.org\/?p=21441","title":{"rendered":"Se oficializ\u00f3 el reconocimiento de ATE  en la Municipalidad de Sald\u00e1n"},"content":{"rendered":"<p><img loading=\"lazy\" decoding=\"async\" class=\" wp-image-21442 aligncenter\" src=\"https:\/\/atecordoba.org\/wp-content\/uploads\/2020\/08\/reunion-c_intendente-300x169.jpeg\" alt=\"\" width=\"600\" height=\"338\" srcset=\"https:\/\/atecordoba.org\/wp-content\/uploads\/2020\/08\/reunion-c_intendente-300x169.jpeg 300w, https:\/\/atecordoba.org\/wp-content\/uploads\/2020\/08\/reunion-c_intendente-1024x576.jpeg 1024w, https:\/\/atecordoba.org\/wp-content\/uploads\/2020\/08\/reunion-c_intendente-768x432.jpeg 768w, https:\/\/atecordoba.org\/wp-content\/uploads\/2020\/08\/reunion-c_intendente-750x422.jpeg 750w, https:\/\/atecordoba.org\/wp-content\/uploads\/2020\/08\/reunion-c_intendente-1140x641.jpeg 1140w, https:\/\/atecordoba.org\/wp-content\/uploads\/2020\/08\/reunion-c_intendente.jpeg 1280w\" sizes=\"auto, (max-width: 600px) 100vw, 600px\" \/>Ayer el Consejo Directivo Provincial mantuvo una reuni\u00f3n con el intendente de Sald\u00e1n, Cayetano Canto, para acordar el reconocimiento de nuestra organizaci\u00f3n en el \u00e1mbito en la Municipalidad.<\/p>\n<p>En representaci\u00f3n del CDP de ATE C\u00f3rdoba participaron la secretaria de Interior, Edith Innamorato, el secretario de Acci\u00f3n Social, Iv\u00e1n Contreras, y el cuerpo de Delegados ATE Sald\u00e1n integrado por Ana Fiorio, Patricia Logarez y Diego Barrionuevo<\/p>\n<p>De esta manera se institucionaliz\u00f3 el c\u00f3digo de descuento de afiliaci\u00f3n en el sector, facilitando el acceso de las y los afiliados a todos los beneficios que otorga nuestro sindicato. Dicha reuni\u00f3n fue mantenida en un marco de di\u00e1logo cordial donde nuestra organizaci\u00f3n propuso mejoras para el plantel de las y los trabajadores.<\/p>\n<p>En la oportunidad se acord\u00f3 el reintegro de urgencia de d\u00edas descontados a un trabajador municipal, al tiempo que se confirm\u00f3 una recomposici\u00f3n salarial del 15% a partir del mes de octubre, sumado a un bono de 6 mil pesos, a pagar en tres cuotas en los meses de noviembre, diciembre y enero.<img loading=\"lazy\" decoding=\"async\" class=\" wp-image-21443 alignright\" src=\"https:\/\/atecordoba.org\/wp-content\/uploads\/2020\/08\/asamblea-zoom-saldan-300x169.jpeg\" alt=\"\" width=\"488\" height=\"275\" srcset=\"https:\/\/atecordoba.org\/wp-content\/uploads\/2020\/08\/asamblea-zoom-saldan-300x169.jpeg 300w, https:\/\/atecordoba.org\/wp-content\/uploads\/2020\/08\/asamblea-zoom-saldan-1024x575.jpeg 1024w, https:\/\/atecordoba.org\/wp-content\/uploads\/2020\/08\/asamblea-zoom-saldan-768x431.jpeg 768w, https:\/\/atecordoba.org\/wp-content\/uploads\/2020\/08\/asamblea-zoom-saldan-750x421.jpeg 750w, https:\/\/atecordoba.org\/wp-content\/uploads\/2020\/08\/asamblea-zoom-saldan-1140x640.jpeg 1140w, https:\/\/atecordoba.org\/wp-content\/uploads\/2020\/08\/asamblea-zoom-saldan.jpeg 1280w\" sizes=\"auto, (max-width: 488px) 100vw, 488px\" \/><\/p>\n<p>Al mismo tiempo se avanz\u00f3 el blanqueo de dos \u00edtems en el salario de las y los trabajadores contratados, as\u00ed como el pase a planta permanente de 10 compa\u00f1eras y compa\u00f1eros contratados. A su vez qued\u00f3 firme el contrato de una porci\u00f3n de los m\u00e1s de 60 becarios de la Municipalidad.<\/p>\n<p>En esa l\u00ednea, la delegaci\u00f3n de nuestro gremio plante\u00f3 a Canto la necesidad de la apertura de mesas t\u00e9cnicas de trabajo para consensos futuros en materia de paritarias generales.<\/p>\n<p>Asimismo se dej\u00f3 expresa la voluntad de mantener una nueva reuni\u00f3n antes del 15 de Septiembre, donde todos estos logros consensuados queden escritos y rubricados por ambas partes.<\/p>\n<p>Posteriormente se realiz\u00f3 una asamblea virtual con trabajadoras y trabajadores municipales para avanzar en aspectos organizativos, informar detalles del acuerdo y debatir los reclamos laborales.<\/p>\n","protected":false},"excerpt":{"rendered":"<p>Ayer el Consejo Directivo Provincial mantuvo una reuni\u00f3n con el intendente de Sald\u00e1n, Cayetano Canto, para acordar el reconocimiento de nuestra organizaci\u00f3n en el \u00e1mbito en la Municipalidad. En representaci\u00f3n del CDP de ATE C\u00f3rdoba participaron la secretaria de Interior, Edith Innamorato, el secretario de Acci\u00f3n Social, Iv\u00e1n Contreras, y el cuerpo de Delegados ATE [&hellip;]<\/p>\n","protected":false},"author":7,"featured_media":21442,"comment_status":"open","ping_status":"open","sticky":true,"template":"","format":"standard","meta":{"_exactmetrics_skip_tracking":false,"_exactmetrics_sitenote_active":false,"_exactmetrics_sitenote_note":"","_exactmetrics_sitenote_category":0,"jnews-multi-image_gallery":[],"jnews_single_post":{"source_name":"","source_url":"","via_name":"","via_url":"","override_template":"0","override":[{"template":"1","single_blog_custom":"","parallax":"1","fullscreen":"0","layout":"right-sidebar","sidebar":"default-sidebar","second_sidebar":"default-sidebar","sticky_sidebar":"1","share_position":"top","share_float_style":"share-monocrhome","show_share_counter":"1","show_view_counter":"1","show_featured":"1","show_post_meta":"1","show_post_author":"1","show_post_author_image":"1","show_post_date":"1","post_date_format":"default","post_date_format_custom":"Y\/m\/d","show_post_category":"1","show_post_reading_time":"0","post_reading_time_wpm":"300","show_zoom_button":"0","zoom_button_out_step":"2","zoom_button_in_step":"3","show_post_tag":"1","show_prev_next_post":"1","show_popup_post":"1","number_popup_post":"1","show_author_box":"0","show_post_related":"0","show_inline_post_related":"0"}],"override_image_size":"0","image_override":[{"single_post_thumbnail_size":"crop-500","single_post_gallery_size":"crop-500"}],"trending_post":"0","trending_post_position":"meta","trending_post_label":"Trending","sponsored_post":"0","sponsored_post_label":"Sponsored by","sponsored_post_name":"","sponsored_post_url":"","sponsored_post_logo_enable":"0","sponsored_post_logo":"","sponsored_post_desc":""},"jnews_primary_category":{"id":""},"jnews_social_meta":{"fb_title":"","fb_description":"","fb_image":"","twitter_title":"","twitter_description":"","twitter_image":""},"jnews_review":[],"enable_review":"0","type":"percentage","name":"","summary":"","brand":"","sku":"","good":[{"good_text":""}],"bad":[{"bad_text":""}],"score_override":"","override_value":"","rating":[{"rating_text":"","rating_number":"10"}],"price":[{"shop":"","price":"","link":"","icon":""}],"jnews_override_counter":{"override_view_counter":"0","view_counter_number":"0","override_share_counter":"0","share_counter_number":"0","override_like_counter":"0","like_counter_number":"0","override_dislike_counter":"0","dislike_counter_number":"0"},"jnews_post_split":{"enable_post_split":"0","post_split":[{"template":"1","tag":"h2","numbering":"asc","mode":"normal"}]},"footnotes":""},"categories":[341,20],"tags":[385,534,535,533],"class_list":["post-21441","post","type-post","status-publish","format-standard","has-post-thumbnail","hentry","category-cdp","category-municipales","tag-aumento-salarial","tag-codigo-de-descuento","tag-pase-a-planta","tag-saldan"],"jetpack_featured_media_url":"https:\/\/atecordoba.org\/wp-content\/uploads\/2020\/08\/reunion-c_intendente.jpeg","_links":{"self":[{"href":"https:\/\/atecordoba.org\/index.php?rest_route=\/wp\/v2\/posts\/21441","targetHints":{"allow":["GET"]}}],"collection":[{"href":"https:\/\/atecordoba.org\/index.php?rest_route=\/wp\/v2\/posts"}],"about":[{"href":"https:\/\/atecordoba.org\/index.php?rest_route=\/wp\/v2\/types\/post"}],"author":[{"embeddable":true,"href":"https:\/\/atecordoba.org\/index.php?rest_route=\/wp\/v2\/users\/7"}],"replies":[{"embeddable":true,"href":"https:\/\/atecordoba.org\/index.php?rest_route=%2Fwp%2Fv2%2Fcomments&post=21441"}],"version-history":[{"count":5,"href":"https:\/\/atecordoba.org\/index.php?rest_route=\/wp\/v2\/posts\/21441\/revisions"}],"predecessor-version":[{"id":21472,"href":"https:\/\/atecordoba.org\/index.php?rest_route=\/wp\/v2\/posts\/21441\/revisions\/21472"}],"wp:featuredmedia":[{"embeddable":true,"href":"https:\/\/atecordoba.org\/index.php?rest_route=\/wp\/v2\/media\/21442"}],"wp:attachment":[{"href":"https:\/\/atecordoba.org\/index.php?rest_route=%2Fwp%2Fv2%2Fmedia&parent=21441"}],"wp:term":[{"taxonomy":"category","embeddable":true,"href":"https:\/\/atecordoba.org\/index.php?rest_route=%2Fwp%2Fv2%2Fcategories&post=21441"},{"taxonomy":"post_tag","embeddable":true,"href":"https:\/\/atecordoba.org\/index.php?rest_route=%2Fwp%2Fv2%2Ftags&post=21441"}],"curies":[{"name":"wp","href":"https:\/\/api.w.org\/{rel}","templated":true}]}}