{"id":21433,"date":"2020-08-27T11:28:19","date_gmt":"2020-08-27T14:28:19","guid":{"rendered":"https:\/\/atecordoba.org\/?p=21433"},"modified":"2020-08-28T12:00:37","modified_gmt":"2020-08-28T15:00:37","slug":"anuncio-de-nueva-produccion-en-fadea-una-oportunidad-para-cumplir-el-compromiso-con-las-y-los-trabajadores","status":"publish","type":"post","link":"https:\/\/atecordoba.org\/?p=21433","title":{"rendered":"Anuncio de nueva producci\u00f3n en FADEA: una oportunidad para cumplir el compromiso con las y los trabajadores"},"content":{"rendered":"<p><img loading=\"lazy\" decoding=\"async\" class=\" wp-image-21437 aligncenter\" src=\"https:\/\/atecordoba.org\/wp-content\/uploads\/2020\/08\/avion-300x169.jpeg\" alt=\"\" width=\"601\" height=\"339\" srcset=\"https:\/\/atecordoba.org\/wp-content\/uploads\/2020\/08\/avion-300x169.jpeg 300w, https:\/\/atecordoba.org\/wp-content\/uploads\/2020\/08\/avion-768x432.jpeg 768w, https:\/\/atecordoba.org\/wp-content\/uploads\/2020\/08\/avion-750x422.jpeg 750w, https:\/\/atecordoba.org\/wp-content\/uploads\/2020\/08\/avion.jpeg 960w\" sizes=\"auto, (max-width: 601px) 100vw, 601px\" \/><\/p>\n<p>Trabajadores despedidos de FADEA por el macrismo aguardan que el ministro de Defensa Agust\u00edn Rossi cumpla con su compromiso de iniciar el proceso de reincorporaci\u00f3n, tras el anuncio conocido ayer sobre el pronto desarrollo de 25 aviones de entrenamiento militar IA100.<\/p>\n<p>La iniciativa contar\u00e1 con el financiamiento del Instituto de Ayuda Financiera para pago de retiros y pensiones militares (IAF) con un desembolso de 2.5 millones de d\u00f3lares a partir del 1\u00ba de septiembre, seg\u00fan inform\u00f3 la presidenta de la empresa estatal, Mirta Iriondo.<img loading=\"lazy\" decoding=\"async\" class=\" wp-image-21438 alignright\" src=\"https:\/\/atecordoba.org\/wp-content\/uploads\/2020\/08\/cosntruccion-300x141.jpeg\" alt=\"\" width=\"426\" height=\"200\" srcset=\"https:\/\/atecordoba.org\/wp-content\/uploads\/2020\/08\/cosntruccion-300x141.jpeg 300w, https:\/\/atecordoba.org\/wp-content\/uploads\/2020\/08\/cosntruccion-1024x480.jpeg 1024w, https:\/\/atecordoba.org\/wp-content\/uploads\/2020\/08\/cosntruccion-768x360.jpeg 768w, https:\/\/atecordoba.org\/wp-content\/uploads\/2020\/08\/cosntruccion-750x352.jpeg 750w, https:\/\/atecordoba.org\/wp-content\/uploads\/2020\/08\/cosntruccion-1140x534.jpeg 1140w, https:\/\/atecordoba.org\/wp-content\/uploads\/2020\/08\/cosntruccion.jpeg 1280w\" sizes=\"auto, (max-width: 426px) 100vw, 426px\" \/><\/p>\n<p>De esta manera se genera en contexto necesario, seg\u00fan la palabra de las propias autoridades de la firma, para dar puntapi\u00e9 a la reincorporaci\u00f3n de los despedidos del macrismo, compa\u00f1eras y compa\u00f1eros que sufrieron el despido arbitrario en el marco de la pol\u00edtica neoliberal que obtur\u00f3 cualquier proceso productivo en FADEA.<\/p>\n<p>Tal es el caso del compa\u00f1ero Franco Rojas, despedido tras formar parte como l\u00edder de taller de un equipo de 30 trabajadores, de la creaci\u00f3n del IA100.<\/p>\n<p>\u201cTrabaj\u00e9 en la f\u00e1brica de aviones hasta 2017cuando se me despide, como l\u00edder de taller y tres a\u00f1os antes particip\u00f3 del proyecto IA100, un desarrollador tecnol\u00f3gico para demostrar las capacidades t\u00e9cnicas que posee la empresa para construir una aeronave\u201d, cuenta Rojas.<\/p>\n<div class=\"epyt-video-wrapper\"><iframe loading=\"lazy\"  style=\"display: block; margin: 0px auto;\"  id=\"_ytid_62593\"  width=\"480\" height=\"270\"  data-origwidth=\"480\" data-origheight=\"270\" src=\"https:\/\/www.youtube.com\/embed\/oJv8oCk1m5g?enablejsapi=1&#038;autoplay=0&#038;cc_load_policy=0&#038;cc_lang_pref=&#038;iv_load_policy=3&#038;loop=0&#038;rel=0&#038;fs=1&#038;playsinline=0&#038;autohide=2&#038;theme=dark&#038;color=red&#038;controls=1&#038;disablekb=0&#038;\" class=\"__youtube_prefs__  epyt-is-override  no-lazyload\" title=\"YouTube player\"  allow=\"fullscreen; accelerometer; autoplay; clipboard-write; encrypted-media; gyroscope; picture-in-picture; web-share\" referrerpolicy=\"strict-origin-when-cross-origin\" allowfullscreen data-no-lazy=\"1\" data-skipgform_ajax_framebjll=\"\"><\/iframe><\/div>\n<p>&nbsp;<\/p>\n<p>\u201cCon 30 personas a cargo durante 9 meses para llevar a cabo la tarea, sin descansar ni los fines de semana, 12 horas por d\u00eda, llevamos a cabo el proyecto que hab\u00eda ordenado la autoridad del Ministerio precisamente cuando estaba a cargo Agust\u00edn Rossi. Despu\u00e9s vino el macrismo que congelaron todo el proyecto y desarmaron los equipos de trabajo con la intenci\u00f3n de inmovilizar a la f\u00e1brica, cosa que hicieron durante cuatro a\u00f1os\u201d, agreg\u00f3.<\/p>\n<p><img loading=\"lazy\" decoding=\"async\" class=\" wp-image-21439 aligncenter\" src=\"https:\/\/atecordoba.org\/wp-content\/uploads\/2020\/08\/plaza-300x169.jpeg\" alt=\"\" width=\"600\" height=\"338\" srcset=\"https:\/\/atecordoba.org\/wp-content\/uploads\/2020\/08\/plaza-300x169.jpeg 300w, https:\/\/atecordoba.org\/wp-content\/uploads\/2020\/08\/plaza-768x432.jpeg 768w, https:\/\/atecordoba.org\/wp-content\/uploads\/2020\/08\/plaza-750x422.jpeg 750w, https:\/\/atecordoba.org\/wp-content\/uploads\/2020\/08\/plaza.jpeg 960w\" sizes=\"auto, (max-width: 600px) 100vw, 600px\" \/><\/p>\n<p>Desde la creaci\u00f3n de la CORREDMA ATE viene reclamando que se instrumente un espacio de di\u00e1logo para atender a la demanda de los despedidos.<\/p>\n<p>\u201cEsperamos que las autoridades escuchen y cumplan con el compromiso que hicieron a nuestro gremio de reincorporar a las y los compa\u00f1eros despedidos. Es de estricta justicia y podemos aportar al proceso de desarrollo de este como de otros aviones\u201d, concluy\u00f3 Rojas.<\/p>\n<p><img loading=\"lazy\" decoding=\"async\" class=\" wp-image-21435 aligncenter\" src=\"https:\/\/atecordoba.org\/wp-content\/uploads\/2020\/08\/trabajo-300x169.jpeg\" alt=\"\" width=\"604\" height=\"340\" srcset=\"https:\/\/atecordoba.org\/wp-content\/uploads\/2020\/08\/trabajo-300x169.jpeg 300w, https:\/\/atecordoba.org\/wp-content\/uploads\/2020\/08\/trabajo-1024x576.jpeg 1024w, https:\/\/atecordoba.org\/wp-content\/uploads\/2020\/08\/trabajo-768x432.jpeg 768w, https:\/\/atecordoba.org\/wp-content\/uploads\/2020\/08\/trabajo-750x422.jpeg 750w, https:\/\/atecordoba.org\/wp-content\/uploads\/2020\/08\/trabajo-1140x641.jpeg 1140w, https:\/\/atecordoba.org\/wp-content\/uploads\/2020\/08\/trabajo.jpeg 1280w\" sizes=\"auto, (max-width: 604px) 100vw, 604px\" \/><\/p>\n<p>&nbsp;<\/p>\n","protected":false},"excerpt":{"rendered":"<p>Trabajadores despedidos de FADEA por el macrismo aguardan que el ministro de Defensa Agust\u00edn Rossi cumpla con su compromiso de iniciar el proceso de reincorporaci\u00f3n, tras el anuncio conocido ayer sobre el pronto desarrollo de 25 aviones de entrenamiento militar IA100. La iniciativa contar\u00e1 con el financiamiento del Instituto de Ayuda Financiera para pago de [&hellip;]<\/p>\n","protected":false},"author":7,"featured_media":21437,"comment_status":"open","ping_status":"open","sticky":true,"template":"","format":"standard","meta":{"_exactmetrics_skip_tracking":false,"_exactmetrics_sitenote_active":false,"_exactmetrics_sitenote_note":"","_exactmetrics_sitenote_category":0,"jnews-multi-image_gallery":[],"jnews_single_post":{"source_name":"","source_url":"","via_name":"","via_url":"","override_template":"0","override":[{"template":"1","single_blog_custom":"","parallax":"1","fullscreen":"0","layout":"right-sidebar","sidebar":"default-sidebar","second_sidebar":"default-sidebar","sticky_sidebar":"1","share_position":"top","share_float_style":"share-monocrhome","show_share_counter":"1","show_view_counter":"1","show_featured":"1","show_post_meta":"1","show_post_author":"1","show_post_author_image":"1","show_post_date":"1","post_date_format":"default","post_date_format_custom":"Y\/m\/d","show_post_category":"1","show_post_reading_time":"0","post_reading_time_wpm":"300","show_zoom_button":"0","zoom_button_out_step":"2","zoom_button_in_step":"3","show_post_tag":"1","show_prev_next_post":"1","show_popup_post":"1","number_popup_post":"1","show_author_box":"0","show_post_related":"0","show_inline_post_related":"0"}],"override_image_size":"0","image_override":[{"single_post_thumbnail_size":"crop-500","single_post_gallery_size":"crop-500"}],"trending_post":"0","trending_post_position":"meta","trending_post_label":"Trending","sponsored_post":"0","sponsored_post_label":"Sponsored by","sponsored_post_name":"","sponsored_post_url":"","sponsored_post_logo_enable":"0","sponsored_post_logo":"","sponsored_post_desc":""},"jnews_primary_category":{"id":""},"jnews_social_meta":{"fb_title":"","fb_description":"","fb_image":"","twitter_title":"","twitter_description":"","twitter_image":""},"jnews_review":[],"enable_review":"0","type":"percentage","name":"","summary":"","brand":"","sku":"","good":[{"good_text":""}],"bad":[{"bad_text":""}],"score_override":"","override_value":"","rating":[{"rating_text":"","rating_number":"10"}],"price":[{"shop":"","price":"","link":"","icon":""}],"jnews_override_counter":{"override_view_counter":"0","view_counter_number":"0","override_share_counter":"0","share_counter_number":"0","override_like_counter":"0","like_counter_number":"0","override_dislike_counter":"0","dislike_counter_number":"0"},"jnews_post_split":{"enable_post_split":"0","post_split":[{"template":"1","tag":"h2","numbering":"asc","mode":"normal"}]},"footnotes":""},"categories":[10,152,18],"tags":[],"class_list":["post-21433","post","type-post","status-publish","format-standard","has-post-thumbnail","hentry","category-accion-politica","category-despedidos","category-nacionales"],"jetpack_featured_media_url":"https:\/\/atecordoba.org\/wp-content\/uploads\/2020\/08\/avion.jpeg","_links":{"self":[{"href":"https:\/\/atecordoba.org\/index.php?rest_route=\/wp\/v2\/posts\/21433","targetHints":{"allow":["GET"]}}],"collection":[{"href":"https:\/\/atecordoba.org\/index.php?rest_route=\/wp\/v2\/posts"}],"about":[{"href":"https:\/\/atecordoba.org\/index.php?rest_route=\/wp\/v2\/types\/post"}],"author":[{"embeddable":true,"href":"https:\/\/atecordoba.org\/index.php?rest_route=\/wp\/v2\/users\/7"}],"replies":[{"embeddable":true,"href":"https:\/\/atecordoba.org\/index.php?rest_route=%2Fwp%2Fv2%2Fcomments&post=21433"}],"version-history":[{"count":2,"href":"https:\/\/atecordoba.org\/index.php?rest_route=\/wp\/v2\/posts\/21433\/revisions"}],"predecessor-version":[{"id":21456,"href":"https:\/\/atecordoba.org\/index.php?rest_route=\/wp\/v2\/posts\/21433\/revisions\/21456"}],"wp:featuredmedia":[{"embeddable":true,"href":"https:\/\/atecordoba.org\/index.php?rest_route=\/wp\/v2\/media\/21437"}],"wp:attachment":[{"href":"https:\/\/atecordoba.org\/index.php?rest_route=%2Fwp%2Fv2%2Fmedia&parent=21433"}],"wp:term":[{"taxonomy":"category","embeddable":true,"href":"https:\/\/atecordoba.org\/index.php?rest_route=%2Fwp%2Fv2%2Fcategories&post=21433"},{"taxonomy":"post_tag","embeddable":true,"href":"https:\/\/atecordoba.org\/index.php?rest_route=%2Fwp%2Fv2%2Ftags&post=21433"}],"curies":[{"name":"wp","href":"https:\/\/api.w.org\/{rel}","templated":true}]}}