{"id":21429,"date":"2020-08-26T14:57:16","date_gmt":"2020-08-26T17:57:16","guid":{"rendered":"https:\/\/atecordoba.org\/?p=21429"},"modified":"2020-08-26T14:57:16","modified_gmt":"2020-08-26T17:57:16","slug":"incendios-ate-convoca-a-la-solidaridad","status":"publish","type":"post","link":"https:\/\/atecordoba.org\/?p=21429","title":{"rendered":"Incendios: ATE convoca a la solidaridad"},"content":{"rendered":"<p><img loading=\"lazy\" decoding=\"async\" class=\"size-medium wp-image-21430 alignleft\" src=\"https:\/\/atecordoba.org\/wp-content\/uploads\/2020\/08\/flyer-incendios-300x300.jpeg\" alt=\"\" width=\"300\" height=\"300\" srcset=\"https:\/\/atecordoba.org\/wp-content\/uploads\/2020\/08\/flyer-incendios-300x300.jpeg 300w, https:\/\/atecordoba.org\/wp-content\/uploads\/2020\/08\/flyer-incendios-1024x1024.jpeg 1024w, https:\/\/atecordoba.org\/wp-content\/uploads\/2020\/08\/flyer-incendios-150x150.jpeg 150w, https:\/\/atecordoba.org\/wp-content\/uploads\/2020\/08\/flyer-incendios-768x768.jpeg 768w, https:\/\/atecordoba.org\/wp-content\/uploads\/2020\/08\/flyer-incendios-560x560.jpeg 560w, https:\/\/atecordoba.org\/wp-content\/uploads\/2020\/08\/flyer-incendios-75x75.jpeg 75w, https:\/\/atecordoba.org\/wp-content\/uploads\/2020\/08\/flyer-incendios-750x750.jpeg 750w, https:\/\/atecordoba.org\/wp-content\/uploads\/2020\/08\/flyer-incendios.jpeg 1080w\" sizes=\"auto, (max-width: 300px) 100vw, 300px\" \/>Ante el desastre ambiental y social que implican los incendios en nuestra provincia, ATE C\u00f3rdoba convoca a afiliados, allegados y a la comunidad en general a colaborar con donaciones para ayudar a las familias afectadas por el siniestro.<\/p>\n<p>Son prioritarias las donaciones de agua mineral y alimentos como frutos secos, galletitas de agua, barras de cereales, picadillo, turrones. Tambi\u00e9n se requieren elementos de primeros auxilios como agua oxigenada, gasas, pervinox y crema Platsul.<\/p>\n<p>En la localidad de Jes\u00fas Mar\u00eda las donaciones se recibir\u00e1n en calle Am\u00e9rica 1148, de barrio Santa Gema, en tanto en Colonia Caroya la direcci\u00f3n es Calle 42 n\u00ba 1576. Consultas al 3525645059<\/p>\n<p>Toda ayuda ser\u00e1 agradecida, la solidaridad de las y los trabajadores es muy importante en estos momentos que nos pasa atravesar.<\/p>\n","protected":false},"excerpt":{"rendered":"<p>Ante el desastre ambiental y social que implican los incendios en nuestra provincia, ATE C\u00f3rdoba convoca a afiliados, allegados y a la comunidad en general a colaborar con donaciones para ayudar a las familias afectadas por el siniestro. Son prioritarias las donaciones de agua mineral y alimentos como frutos secos, galletitas de agua, barras de [&hellip;]<\/p>\n","protected":false},"author":7,"featured_media":21430,"comment_status":"open","ping_status":"open","sticky":true,"template":"","format":"standard","meta":{"_exactmetrics_skip_tracking":false,"_exactmetrics_sitenote_active":false,"_exactmetrics_sitenote_note":"","_exactmetrics_sitenote_category":0,"jnews-multi-image_gallery":[],"jnews_single_post":{"source_name":"","source_url":"","via_name":"","via_url":"","override_template":"0","override":[{"template":"1","single_blog_custom":"","parallax":"1","fullscreen":"0","layout":"right-sidebar","sidebar":"default-sidebar","second_sidebar":"default-sidebar","sticky_sidebar":"1","share_position":"top","share_float_style":"share-monocrhome","show_share_counter":"1","show_view_counter":"1","show_featured":"1","show_post_meta":"1","show_post_author":"1","show_post_author_image":"1","show_post_date":"1","post_date_format":"default","post_date_format_custom":"Y\/m\/d","show_post_category":"1","show_post_reading_time":"0","post_reading_time_wpm":"300","show_zoom_button":"0","zoom_button_out_step":"2","zoom_button_in_step":"3","show_post_tag":"1","show_prev_next_post":"1","show_popup_post":"1","number_popup_post":"1","show_author_box":"0","show_post_related":"0","show_inline_post_related":"0"}],"override_image_size":"0","image_override":[{"single_post_thumbnail_size":"crop-500","single_post_gallery_size":"crop-500"}],"trending_post":"0","trending_post_position":"meta","trending_post_label":"Trending","sponsored_post":"0","sponsored_post_label":"Sponsored by","sponsored_post_name":"","sponsored_post_url":"","sponsored_post_logo_enable":"0","sponsored_post_logo":"","sponsored_post_desc":""},"jnews_primary_category":{"id":""},"jnews_social_meta":{"fb_title":"","fb_description":"","fb_image":"","twitter_title":"","twitter_description":"","twitter_image":""},"jnews_review":[],"enable_review":"0","type":"percentage","name":"","summary":"","brand":"","sku":"","good":[{"good_text":""}],"bad":[{"bad_text":""}],"score_override":"","override_value":"","rating":[{"rating_text":"","rating_number":"10"}],"price":[{"shop":"","price":"","link":"","icon":""}],"jnews_override_counter":{"override_view_counter":"0","view_counter_number":"0","override_share_counter":"0","share_counter_number":"0","override_like_counter":"0","like_counter_number":"0","override_dislike_counter":"0","dislike_counter_number":"0"},"jnews_post_split":{"enable_post_split":"0","post_split":[{"template":"1","tag":"h2","numbering":"asc","mode":"normal"}]},"footnotes":""},"categories":[75],"tags":[532,531,530,52],"class_list":["post-21429","post","type-post","status-publish","format-standard","has-post-thumbnail","hentry","category-accion-social","tag-colonia-caroya","tag-donaciones","tag-incendios","tag-jesus-maria-2"],"jetpack_featured_media_url":"https:\/\/atecordoba.org\/wp-content\/uploads\/2020\/08\/flyer-incendios.jpeg","_links":{"self":[{"href":"https:\/\/atecordoba.org\/index.php?rest_route=\/wp\/v2\/posts\/21429","targetHints":{"allow":["GET"]}}],"collection":[{"href":"https:\/\/atecordoba.org\/index.php?rest_route=\/wp\/v2\/posts"}],"about":[{"href":"https:\/\/atecordoba.org\/index.php?rest_route=\/wp\/v2\/types\/post"}],"author":[{"embeddable":true,"href":"https:\/\/atecordoba.org\/index.php?rest_route=\/wp\/v2\/users\/7"}],"replies":[{"embeddable":true,"href":"https:\/\/atecordoba.org\/index.php?rest_route=%2Fwp%2Fv2%2Fcomments&post=21429"}],"version-history":[{"count":1,"href":"https:\/\/atecordoba.org\/index.php?rest_route=\/wp\/v2\/posts\/21429\/revisions"}],"predecessor-version":[{"id":21431,"href":"https:\/\/atecordoba.org\/index.php?rest_route=\/wp\/v2\/posts\/21429\/revisions\/21431"}],"wp:featuredmedia":[{"embeddable":true,"href":"https:\/\/atecordoba.org\/index.php?rest_route=\/wp\/v2\/media\/21430"}],"wp:attachment":[{"href":"https:\/\/atecordoba.org\/index.php?rest_route=%2Fwp%2Fv2%2Fmedia&parent=21429"}],"wp:term":[{"taxonomy":"category","embeddable":true,"href":"https:\/\/atecordoba.org\/index.php?rest_route=%2Fwp%2Fv2%2Fcategories&post=21429"},{"taxonomy":"post_tag","embeddable":true,"href":"https:\/\/atecordoba.org\/index.php?rest_route=%2Fwp%2Fv2%2Ftags&post=21429"}],"curies":[{"name":"wp","href":"https:\/\/api.w.org\/{rel}","templated":true}]}}