{"id":21420,"date":"2020-08-26T11:17:27","date_gmt":"2020-08-26T14:17:27","guid":{"rendered":"https:\/\/atecordoba.org\/?p=21420"},"modified":"2020-08-26T12:08:52","modified_gmt":"2020-08-26T15:08:52","slug":"plenario-de-las-y-los-delegados-de-pami-de-cordoba-avalo-la-realizacion-de-la-protesta-nacional-en-la-provincia","status":"publish","type":"post","link":"https:\/\/atecordoba.org\/?p=21420","title":{"rendered":"Plenario de las y los delegados de PAMI de C\u00f3rdoba aval\u00f3 la realizaci\u00f3n de la protesta nacional en la provincia"},"content":{"rendered":"<p><img loading=\"lazy\" decoding=\"async\" class=\" wp-image-21421 aligncenter\" src=\"https:\/\/atecordoba.org\/wp-content\/uploads\/2020\/08\/zoom-pami-1-300x169.jpg\" alt=\"\" width=\"602\" height=\"339\" srcset=\"https:\/\/atecordoba.org\/wp-content\/uploads\/2020\/08\/zoom-pami-1-300x169.jpg 300w, https:\/\/atecordoba.org\/wp-content\/uploads\/2020\/08\/zoom-pami-1-1024x576.jpg 1024w, https:\/\/atecordoba.org\/wp-content\/uploads\/2020\/08\/zoom-pami-1-768x432.jpg 768w, https:\/\/atecordoba.org\/wp-content\/uploads\/2020\/08\/zoom-pami-1-1536x864.jpg 1536w, https:\/\/atecordoba.org\/wp-content\/uploads\/2020\/08\/zoom-pami-1-750x422.jpg 750w, https:\/\/atecordoba.org\/wp-content\/uploads\/2020\/08\/zoom-pami-1-1140x641.jpg 1140w, https:\/\/atecordoba.org\/wp-content\/uploads\/2020\/08\/zoom-pami-1.jpg 1920w\" sizes=\"auto, (max-width: 602px) 100vw, 602px\" \/>Ayer se realiz\u00f3 un plenario virtual de delegadas y delegados de ATE PAMI de toda la provincia donde se confirm\u00f3 la decisi\u00f3n de llevar adelante una protesta frente a la sede provincial de la obra social de los jubilados el pr\u00f3ximo 3 de septiembre.<\/p>\n<p>ATE viene reclamando desde julio una apertura urgente de la mesa de di\u00e1logo en el sector para canalizar las demandas salariales de las y los trabajadores del sector, cuyos haberes se encuentran muy retrasados en t\u00e9rminos de poder adquisitivo. A esto se suma que s\u00f3lo el 5% del personal cobr\u00f3 el bono establecido por el Decreto de Necesidad y Urgente para los servicios esenciales.<\/p>\n<p>En la oportunidad participaron delegados de las UGL de toda la provincia, junto a la conducci\u00f3n provincial de ATE encabezada por su secretario General, Federico Giuliani. Tambi\u00e9n estuvieron presentes el secretario de Acci\u00f3n Social, Iv\u00e1n Contreras y la secretaria de Prensa y Comunicaci\u00f3n, Julia Giuliani.<\/p>\n<p>La delegada Elisa Ojeda salud\u00f3 la instancia de discusi\u00f3n y destac\u00f3 \u201cla necesidad del encuentro y de avanzar en visibilizar los reclamos\u201d, adem\u00e1s de destacar la presencia de compa\u00f1eras y compa\u00f1eros de varios puntos de la provincia.<\/p>\n<p>A su turno, el coordinador nacional de ATE PAMI y vocal del Consejo Directivo Nacional, Ram\u00f3n Far\u00edas, afirm\u00f3 que \u201cel eje de la convocatoria del 3 de septiembre es pedir apertura de una mesa de dialogo, necesaria para alcanzar una recomposici\u00f3n salarial y otras medidas urgentes\u201d.<\/p>\n<p>Far\u00edas destac\u00f3 que \u201cel patr\u00f3n que es el Estado, por eso necesitamos que el gobierno nos cite urgente a discutir, deber\u00edan hacer algo ante nuestra decisi\u00f3n de convocar a protesta. Nuestro mayor reclamo que de 30% de trabajadores que cumplen tareas de manera presencial solo 5% cobro el bono del DNU de 5 mil pesos\u201d.<\/p>\n<p>Y aclar\u00f3 que \u201cvamos a tener adhesi\u00f3n de centros de jubilados pero sin exponerlos, est\u00e1n teniendo algunos reclamos que son necesarios tambi\u00e9n como trabajadores de PAMI\u201d.<img loading=\"lazy\" decoding=\"async\" class=\" wp-image-21423 alignright\" src=\"https:\/\/atecordoba.org\/wp-content\/uploads\/2020\/08\/FLYER-PAMI-3_9-300x300.jpeg\" alt=\"\" width=\"515\" height=\"515\" srcset=\"https:\/\/atecordoba.org\/wp-content\/uploads\/2020\/08\/FLYER-PAMI-3_9-300x300.jpeg 300w, https:\/\/atecordoba.org\/wp-content\/uploads\/2020\/08\/FLYER-PAMI-3_9-1024x1024.jpeg 1024w, https:\/\/atecordoba.org\/wp-content\/uploads\/2020\/08\/FLYER-PAMI-3_9-150x150.jpeg 150w, https:\/\/atecordoba.org\/wp-content\/uploads\/2020\/08\/FLYER-PAMI-3_9-768x768.jpeg 768w, https:\/\/atecordoba.org\/wp-content\/uploads\/2020\/08\/FLYER-PAMI-3_9-560x560.jpeg 560w, https:\/\/atecordoba.org\/wp-content\/uploads\/2020\/08\/FLYER-PAMI-3_9-75x75.jpeg 75w, https:\/\/atecordoba.org\/wp-content\/uploads\/2020\/08\/FLYER-PAMI-3_9-750x750.jpeg 750w, https:\/\/atecordoba.org\/wp-content\/uploads\/2020\/08\/FLYER-PAMI-3_9.jpeg 1080w\" sizes=\"auto, (max-width: 515px) 100vw, 515px\" \/><\/p>\n<p>Por su parte, Federico Giuliani salud\u00f3 la instancia de debate que sali\u00f3 con un posicionamiento claro en l\u00ednea con lo que \u201ccomenzamos 8 de julio en todos los sectores nacionales, donde se defini\u00f3 jornada de lucha en toda la provincia\u201d.<\/p>\n<p>El dirigente destac\u00f3 la necesidad de cobro de bono, la urgente reapertura de paritaria, y garantizar condiciones de higiene en UGL con la provisi\u00f3n de EPP. \u201cLos trabajadores no pagaremos la crisis\u201d, asegur\u00f3.<\/p>\n<p>Agreg\u00f3: \u201cque el 3 de septiembre sea una instancia que se visibilice nuestro reclamo, que la sociedad dimensione de la situaci\u00f3n. Porque seguimos siendo la variable de ajuste, perdiendo poder adquisitivo producto de la falta de recomposici\u00f3n salarial en la gesti\u00f3n anterior y en \u00e9sta tambi\u00e9n\u201d.<\/p>\n<p><strong>En el interior provincial<\/strong><\/p>\n<p>Los delegados de las UGL del interior plantearon que la atenci\u00f3n de los beneficiarios expone a las y los trabajadores, sumando adem\u00e1s al personal de PAMI a los equipos de los COE regionales de la provincia.<\/p>\n<p>Tambi\u00e9n reclamaron la presencia de directivos del organismo, ausentes mientras los profesionales tienen presencia constante sin cobrar el adicional por servicio esencial.<\/p>\n<p>\u201cLa situaci\u00f3n en el interior provincial es alarmante falta de personal de acompa\u00f1amiento de autoridades de PAMI\u201d, reclamaron los delegados al un\u00edsono. Y exigieron que las autoridades de PAMI hagan el reconocimiento necesario de los cargos profesionales, los desplazamientos, y la \u00a0resoluci\u00f3n a tr\u00e1mites que hacen las y los compa\u00f1eros, a\u00fan pendientes.<\/p>\n","protected":false},"excerpt":{"rendered":"<p>Ayer se realiz\u00f3 un plenario virtual de delegadas y delegados de ATE PAMI de toda la provincia donde se confirm\u00f3 la decisi\u00f3n de llevar adelante una protesta frente a la sede provincial de la obra social de los jubilados el pr\u00f3ximo 3 de septiembre. ATE viene reclamando desde julio una apertura urgente de la mesa [&hellip;]<\/p>\n","protected":false},"author":7,"featured_media":21421,"comment_status":"open","ping_status":"open","sticky":true,"template":"","format":"standard","meta":{"_exactmetrics_skip_tracking":false,"_exactmetrics_sitenote_active":false,"_exactmetrics_sitenote_note":"","_exactmetrics_sitenote_category":0,"jnews-multi-image_gallery":[],"jnews_single_post":{"source_name":"","source_url":"","via_name":"","via_url":"","override_template":"0","override":[{"template":"1","single_blog_custom":"","parallax":"1","fullscreen":"0","layout":"right-sidebar","sidebar":"default-sidebar","second_sidebar":"default-sidebar","sticky_sidebar":"1","share_position":"top","share_float_style":"share-monocrhome","show_share_counter":"1","show_view_counter":"1","show_featured":"1","show_post_meta":"1","show_post_author":"1","show_post_author_image":"1","show_post_date":"1","post_date_format":"default","post_date_format_custom":"Y\/m\/d","show_post_category":"1","show_post_reading_time":"0","post_reading_time_wpm":"300","show_zoom_button":"0","zoom_button_out_step":"2","zoom_button_in_step":"3","show_post_tag":"1","show_prev_next_post":"1","show_popup_post":"1","number_popup_post":"1","show_author_box":"0","show_post_related":"0","show_inline_post_related":"0"}],"override_image_size":"0","image_override":[{"single_post_thumbnail_size":"crop-500","single_post_gallery_size":"crop-500"}],"trending_post":"0","trending_post_position":"meta","trending_post_label":"Trending","sponsored_post":"0","sponsored_post_label":"Sponsored by","sponsored_post_name":"","sponsored_post_url":"","sponsored_post_logo_enable":"0","sponsored_post_logo":"","sponsored_post_desc":""},"jnews_primary_category":{"id":""},"jnews_social_meta":{"fb_title":"","fb_description":"","fb_image":"","twitter_title":"","twitter_description":"","twitter_image":""},"jnews_review":[],"enable_review":"0","type":"percentage","name":"","summary":"","brand":"","sku":"","good":[{"good_text":""}],"bad":[{"bad_text":""}],"score_override":"","override_value":"","rating":[{"rating_text":"","rating_number":"10"}],"price":[{"shop":"","price":"","link":"","icon":""}],"jnews_override_counter":{"override_view_counter":"0","view_counter_number":"0","override_share_counter":"0","share_counter_number":"0","override_like_counter":"0","like_counter_number":"0","override_dislike_counter":"0","dislike_counter_number":"0"},"jnews_post_split":{"enable_post_split":"0","post_split":[{"template":"1","tag":"h2","numbering":"asc","mode":"normal"}]},"footnotes":""},"categories":[18],"tags":[57],"class_list":["post-21420","post","type-post","status-publish","format-standard","has-post-thumbnail","hentry","category-nacionales","tag-pami"],"jetpack_featured_media_url":"https:\/\/atecordoba.org\/wp-content\/uploads\/2020\/08\/zoom-pami-1.jpg","_links":{"self":[{"href":"https:\/\/atecordoba.org\/index.php?rest_route=\/wp\/v2\/posts\/21420","targetHints":{"allow":["GET"]}}],"collection":[{"href":"https:\/\/atecordoba.org\/index.php?rest_route=\/wp\/v2\/posts"}],"about":[{"href":"https:\/\/atecordoba.org\/index.php?rest_route=\/wp\/v2\/types\/post"}],"author":[{"embeddable":true,"href":"https:\/\/atecordoba.org\/index.php?rest_route=\/wp\/v2\/users\/7"}],"replies":[{"embeddable":true,"href":"https:\/\/atecordoba.org\/index.php?rest_route=%2Fwp%2Fv2%2Fcomments&post=21420"}],"version-history":[{"count":3,"href":"https:\/\/atecordoba.org\/index.php?rest_route=\/wp\/v2\/posts\/21420\/revisions"}],"predecessor-version":[{"id":21425,"href":"https:\/\/atecordoba.org\/index.php?rest_route=\/wp\/v2\/posts\/21420\/revisions\/21425"}],"wp:featuredmedia":[{"embeddable":true,"href":"https:\/\/atecordoba.org\/index.php?rest_route=\/wp\/v2\/media\/21421"}],"wp:attachment":[{"href":"https:\/\/atecordoba.org\/index.php?rest_route=%2Fwp%2Fv2%2Fmedia&parent=21420"}],"wp:term":[{"taxonomy":"category","embeddable":true,"href":"https:\/\/atecordoba.org\/index.php?rest_route=%2Fwp%2Fv2%2Fcategories&post=21420"},{"taxonomy":"post_tag","embeddable":true,"href":"https:\/\/atecordoba.org\/index.php?rest_route=%2Fwp%2Fv2%2Ftags&post=21420"}],"curies":[{"name":"wp","href":"https:\/\/api.w.org\/{rel}","templated":true}]}}