{"id":21414,"date":"2020-08-26T10:01:31","date_gmt":"2020-08-26T13:01:31","guid":{"rendered":"https:\/\/atecordoba.org\/?p=21414"},"modified":"2020-08-26T10:01:31","modified_gmt":"2020-08-26T13:01:31","slug":"personal-civil-implementan-medidas-de-seguridad-para-el-trabajo-en-bo-aeronautico","status":"publish","type":"post","link":"https:\/\/atecordoba.org\/?p=21414","title":{"rendered":"Personal Civil: implementan medidas de seguridad para el trabajo en B\u00ba Aeron\u00e1utico"},"content":{"rendered":"<p><img loading=\"lazy\" decoding=\"async\" class=\" wp-image-21165 aligncenter\" src=\"https:\/\/atecordoba.org\/wp-content\/uploads\/2020\/08\/badera-personal-civil-300x138.jpeg\" alt=\"\" width=\"600\" height=\"276\" srcset=\"https:\/\/atecordoba.org\/wp-content\/uploads\/2020\/08\/badera-personal-civil-300x138.jpeg 300w, https:\/\/atecordoba.org\/wp-content\/uploads\/2020\/08\/badera-personal-civil-1024x473.jpeg 1024w, https:\/\/atecordoba.org\/wp-content\/uploads\/2020\/08\/badera-personal-civil-768x354.jpeg 768w, https:\/\/atecordoba.org\/wp-content\/uploads\/2020\/08\/badera-personal-civil-1536x709.jpeg 1536w, https:\/\/atecordoba.org\/wp-content\/uploads\/2020\/08\/badera-personal-civil-750x346.jpeg 750w, https:\/\/atecordoba.org\/wp-content\/uploads\/2020\/08\/badera-personal-civil-1140x526.jpeg 1140w, https:\/\/atecordoba.org\/wp-content\/uploads\/2020\/08\/badera-personal-civil.jpeg 1560w\" sizes=\"auto, (max-width: 600px) 100vw, 600px\" \/><\/p>\n<p>Tras un reuni\u00f3n llevada a cabo la semana pasada con la Junta Interna de la Guarnici\u00f3n A\u00e9rea C\u00f3rdoba, el jefe militar de Barrio Aeron\u00e1utico emiti\u00f3 una resoluci\u00f3n donde ordena la provisi\u00f3n de Equipos de Protecci\u00f3n Personal (EPP) para que las y los trabajadores desarrollen sus tareas en el marco de l pandemia en condiciones correctas.<\/p>\n<p>El acuerdo se sell\u00f3 el pasado 21 de agosto en un acuerdo donde participaron las y los compa\u00f1eros Esteban Grando, delegado del barrio Aeron\u00e1utico, la representante de la Junta Interna Carolina Llanos, secretaria de G\u00e9nero, y Javier Bracamonte paritario CYMAT.<\/p>\n<p>Ponemos a disposici\u00f3n de las y los compa\u00f1eros la resoluci\u00f3n patronal de forma completa.<\/p>\n<div id='gallery_1' class='gallery galleryid-21414 gallery-columns-2 gallery-size-thumbnail'><figure class='gallery-item'>\n                <div class='gallery-icon portrait'>\n                    <a href='https:\/\/atecordoba.org\/wp-content\/uploads\/2020\/08\/WhatsApp-Image-2020-08-25-at-16.58.29-2.jpeg'><img loading=\"lazy\" decoding=\"async\" width=\"150\" height=\"150\" src=\"\" class=\"attachment-thumbnail size-thumbnail lazyload\" alt=\"\" data-src=\"https:\/\/atecordoba.org\/wp-content\/uploads\/2020\/08\/WhatsApp-Image-2020-08-25-at-16.58.29-2-150x150.jpeg\" data-sizes=\"auto\" data-srcset=\"https:\/\/atecordoba.org\/wp-content\/uploads\/2020\/08\/WhatsApp-Image-2020-08-25-at-16.58.29-2-150x150.jpeg 150w, https:\/\/atecordoba.org\/wp-content\/uploads\/2020\/08\/WhatsApp-Image-2020-08-25-at-16.58.29-2-560x560.jpeg 560w, https:\/\/atecordoba.org\/wp-content\/uploads\/2020\/08\/WhatsApp-Image-2020-08-25-at-16.58.29-2-75x75.jpeg 75w\" data-expand=\"700\" \/><\/a>\n                <\/div><\/figure><figure class='gallery-item'>\n                <div class='gallery-icon portrait'>\n                    <a href='https:\/\/atecordoba.org\/wp-content\/uploads\/2020\/08\/WhatsApp-Image-2020-08-25-at-16.58.29.jpeg'><img loading=\"lazy\" decoding=\"async\" width=\"150\" height=\"150\" src=\"\" class=\"attachment-thumbnail size-thumbnail lazyload\" alt=\"\" data-src=\"https:\/\/atecordoba.org\/wp-content\/uploads\/2020\/08\/WhatsApp-Image-2020-08-25-at-16.58.29-150x150.jpeg\" data-sizes=\"auto\" data-srcset=\"https:\/\/atecordoba.org\/wp-content\/uploads\/2020\/08\/WhatsApp-Image-2020-08-25-at-16.58.29-150x150.jpeg 150w, https:\/\/atecordoba.org\/wp-content\/uploads\/2020\/08\/WhatsApp-Image-2020-08-25-at-16.58.29-560x560.jpeg 560w, https:\/\/atecordoba.org\/wp-content\/uploads\/2020\/08\/WhatsApp-Image-2020-08-25-at-16.58.29-75x75.jpeg 75w\" data-expand=\"700\" \/><\/a>\n                <\/div><\/figure><br style=\"clear: both\" \/>\n            <\/div>\n\n","protected":false},"excerpt":{"rendered":"<p>Tras un reuni\u00f3n llevada a cabo la semana pasada con la Junta Interna de la Guarnici\u00f3n A\u00e9rea C\u00f3rdoba, el jefe militar de Barrio Aeron\u00e1utico emiti\u00f3 una resoluci\u00f3n donde ordena la provisi\u00f3n de Equipos de Protecci\u00f3n Personal (EPP) para que las y los trabajadores desarrollen sus tareas en el marco de l pandemia en condiciones correctas. [&hellip;]<\/p>\n","protected":false},"author":7,"featured_media":21165,"comment_status":"open","ping_status":"open","sticky":true,"template":"","format":"standard","meta":{"_exactmetrics_skip_tracking":false,"_exactmetrics_sitenote_active":false,"_exactmetrics_sitenote_note":"","_exactmetrics_sitenote_category":0,"jnews-multi-image_gallery":[],"jnews_single_post":{"source_name":"","source_url":"","via_name":"","via_url":"","override_template":"0","override":[{"template":"1","single_blog_custom":"","parallax":"1","fullscreen":"0","layout":"right-sidebar","sidebar":"default-sidebar","second_sidebar":"default-sidebar","sticky_sidebar":"1","share_position":"top","share_float_style":"share-monocrhome","show_share_counter":"1","show_view_counter":"1","show_featured":"1","show_post_meta":"1","show_post_author":"1","show_post_author_image":"1","show_post_date":"1","post_date_format":"default","post_date_format_custom":"Y\/m\/d","show_post_category":"1","show_post_reading_time":"0","post_reading_time_wpm":"300","show_zoom_button":"0","zoom_button_out_step":"2","zoom_button_in_step":"3","show_post_tag":"1","show_prev_next_post":"1","show_popup_post":"1","number_popup_post":"1","show_author_box":"0","show_post_related":"0","show_inline_post_related":"0"}],"override_image_size":"0","image_override":[{"single_post_thumbnail_size":"crop-500","single_post_gallery_size":"crop-500"}],"trending_post":"0","trending_post_position":"meta","trending_post_label":"Trending","sponsored_post":"0","sponsored_post_label":"Sponsored by","sponsored_post_name":"","sponsored_post_url":"","sponsored_post_logo_enable":"0","sponsored_post_logo":"","sponsored_post_desc":""},"jnews_primary_category":{"id":""},"jnews_social_meta":{"fb_title":"","fb_description":"","fb_image":"","twitter_title":"","twitter_description":"","twitter_image":""},"jnews_review":[],"enable_review":"0","type":"percentage","name":"","summary":"","brand":"","sku":"","good":[{"good_text":""}],"bad":[{"bad_text":""}],"score_override":"","override_value":"","rating":[{"rating_text":"","rating_number":"10"}],"price":[{"shop":"","price":"","link":"","icon":""}],"jnews_override_counter":{"override_view_counter":"0","view_counter_number":"0","override_share_counter":"0","share_counter_number":"0","override_like_counter":"0","like_counter_number":"0","override_dislike_counter":"0","dislike_counter_number":"0"},"jnews_post_split":{"enable_post_split":"0","post_split":[{"template":"1","tag":"h2","numbering":"asc","mode":"normal"}]},"footnotes":""},"categories":[18],"tags":[337,392],"class_list":["post-21414","post","type-post","status-publish","format-standard","has-post-thumbnail","hentry","category-nacionales","tag-cymat","tag-personal-civil-ff-aa"],"jetpack_featured_media_url":"https:\/\/atecordoba.org\/wp-content\/uploads\/2020\/08\/badera-personal-civil.jpeg","_links":{"self":[{"href":"https:\/\/atecordoba.org\/index.php?rest_route=\/wp\/v2\/posts\/21414","targetHints":{"allow":["GET"]}}],"collection":[{"href":"https:\/\/atecordoba.org\/index.php?rest_route=\/wp\/v2\/posts"}],"about":[{"href":"https:\/\/atecordoba.org\/index.php?rest_route=\/wp\/v2\/types\/post"}],"author":[{"embeddable":true,"href":"https:\/\/atecordoba.org\/index.php?rest_route=\/wp\/v2\/users\/7"}],"replies":[{"embeddable":true,"href":"https:\/\/atecordoba.org\/index.php?rest_route=%2Fwp%2Fv2%2Fcomments&post=21414"}],"version-history":[{"count":1,"href":"https:\/\/atecordoba.org\/index.php?rest_route=\/wp\/v2\/posts\/21414\/revisions"}],"predecessor-version":[{"id":21419,"href":"https:\/\/atecordoba.org\/index.php?rest_route=\/wp\/v2\/posts\/21414\/revisions\/21419"}],"wp:featuredmedia":[{"embeddable":true,"href":"https:\/\/atecordoba.org\/index.php?rest_route=\/wp\/v2\/media\/21165"}],"wp:attachment":[{"href":"https:\/\/atecordoba.org\/index.php?rest_route=%2Fwp%2Fv2%2Fmedia&parent=21414"}],"wp:term":[{"taxonomy":"category","embeddable":true,"href":"https:\/\/atecordoba.org\/index.php?rest_route=%2Fwp%2Fv2%2Fcategories&post=21414"},{"taxonomy":"post_tag","embeddable":true,"href":"https:\/\/atecordoba.org\/index.php?rest_route=%2Fwp%2Fv2%2Ftags&post=21414"}],"curies":[{"name":"wp","href":"https:\/\/api.w.org\/{rel}","templated":true}]}}