{"id":21398,"date":"2020-08-25T09:49:56","date_gmt":"2020-08-25T12:49:56","guid":{"rendered":"https:\/\/atecordoba.org\/?p=21398"},"modified":"2020-08-25T09:49:56","modified_gmt":"2020-08-25T12:49:56","slug":"tercera-jornada-ddhh-presente-pasado-y-futuro","status":"publish","type":"post","link":"https:\/\/atecordoba.org\/?p=21398","title":{"rendered":"Tercera jornada: DDHH presente pasado y futuro"},"content":{"rendered":"<p><img loading=\"lazy\" decoding=\"async\" class=\" wp-image-21400 aligncenter\" src=\"https:\/\/atecordoba.org\/wp-content\/uploads\/2020\/08\/IMG-20200824-WA0151-300x169.jpg\" alt=\"\" width=\"599\" height=\"337\" srcset=\"https:\/\/atecordoba.org\/wp-content\/uploads\/2020\/08\/IMG-20200824-WA0151-300x169.jpg 300w, https:\/\/atecordoba.org\/wp-content\/uploads\/2020\/08\/IMG-20200824-WA0151-1024x576.jpg 1024w, https:\/\/atecordoba.org\/wp-content\/uploads\/2020\/08\/IMG-20200824-WA0151-768x432.jpg 768w, https:\/\/atecordoba.org\/wp-content\/uploads\/2020\/08\/IMG-20200824-WA0151-750x422.jpg 750w, https:\/\/atecordoba.org\/wp-content\/uploads\/2020\/08\/IMG-20200824-WA0151-1140x641.jpg 1140w, https:\/\/atecordoba.org\/wp-content\/uploads\/2020\/08\/IMG-20200824-WA0151.jpg 1280w\" sizes=\"auto, (max-width: 599px) 100vw, 599px\" \/>Con una numerosa participaci\u00f3n de compa\u00f1eras y compa\u00f1eros se realiz\u00f3 ayer la tercera charla virtual organizada por la Secretaria de Formaci\u00f3n del CDP.<\/p>\n<p>En primer t\u00e9rmino, el secretario General de ATE C\u00f3rdoba, Federico Giuliani, agradeci\u00f3 la presencia de los panelistas y reivindic\u00f3 la posibilidad de pensar los DDHH desde la mirada de las y los trabajadores, citando a German Abdala y su recodada intervenci\u00f3n en un programa de TV junto a la dupla del periodismo neoliberal de los 70 y 80, Neustadt y Grondona. All\u00ed Germ\u00e1n reclam\u00f3 que \u201cno subestimen a los trabajadores, que tambi\u00e9n tenemos el derecho a pensar el pa\u00eds\u201d.<\/p>\n<p>En esa l\u00ednea, el CDP propuso el ejercicio de pensar los derechos humanos desde los trabajadores.<\/p>\n<p>Giuliani destac\u00f3 la presencia de la weichafe mapuche Moira Mill\u00e1n, integrante del movimiento de mujeres ind\u00edgenas, del militante de los DDHH y reconocido jurista Eduardo Barcesat y del abogado de ATE Eugenio Biafore.<\/p>\n<p>\u201cEstas jornadas son de un valor que nos ponen a la vanguardia en esta \u00e1rea entre los sindicatos de C\u00f3rdoba\u201d, dijo el dirigente y finaliz\u00f3 pidiendo \u201cjusticia por el crimen de Santiago Maldonado y Santiago Nahuel y la aparici\u00f3n con vida de Facundo Asturdillo\u201d. \u201c30 mil detenidos desaparecidos presentes\u201d, dijo el secretario General de ATE C\u00f3rdoba.<\/p>\n<p>Seguidamente hizo uso de la palabra la weichafe (defensora \u2013 guerrera) mapuche Moira Mill\u00e1n. El secretario de Formaci\u00f3n del CDP, C\u00e9sar Theaux, present\u00f3 su participaci\u00f3n como una de las claves para construir el proceso \u201cindispensable para el encuentro entre los pueblos que construiremos los Derechos Humanos del futuro\u201d.<\/p>\n<p>La weichafe Moira Mill\u00e1n inici\u00f3 reivindicando el prestigioso y milenario pensamiento de los pueblos ind\u00edgenas, y se referenci\u00f3 en el Movimiento de Mujeres Ind\u00edgenas por el Buen Vivir. \u201cNosotros hablamos de derechos c\u00f3smicos, porque creemos que no solo los humanos tienen sus derechos. Es un debate que hay que dar en todos los espacios en esta multinacionalidad en el territorio nacional\u201d.<\/p>\n<p>\u201cLos derechos fundamentales \u2013 agreg\u00f3- los planteamos como naciones ind\u00edgenas preexistentes. Nos cuesta mucho instalar estos conceptos en el campo popular. La idea de los pueblos y las nacionales, en una Argentina euroc\u00e9ntrica y negacionista que reproduce en las escuelas la versi\u00f3n colonial de la invasi\u00f3n a los territorios ind\u00edgenas, es dif\u00edcil de instalar para pensar que muchos de nuestros derechos, que son esencialmente colectivos\u201d.<\/p>\n<p>\u201cHay un l\u00f3gica racista, antropoc\u00e9ntrica en el poder y creo que los pueblos ind\u00edgenas tenemos mucho para aportar de la epistemolog\u00eda del conocimiento popular\u201d, se\u00f1al\u00f3 Mill\u00e1n en otro p\u00e1rrafo y denunci\u00f3 el \u201cchineo\u201d, una pr\u00e1ctica de iniciaci\u00f3n sexual aberrante donde hombres blancos violan a ni\u00f1as ind\u00edgenas, pr\u00e1ctica habitual en las comunidades originarias.<\/p>\n<p>Por eso dijo que hace falta una gran campa\u00f1a antirracista ya que tambi\u00e9n entre nuestros compa\u00f1eros de trabajo hace falta instalar la idea de la defensa de los derechos humanos y de los derechos ind\u00edgenas, destacando a ATE \u201ccomo el \u00fanico sindicato dispuesto para acompa\u00f1ar el reclamo de los pueblos ind\u00edgenas, a pesar que hay tantas organizaciones sindicales con fuertes estructuras que podr\u00edan ayudar en esta lucha\u201d, agradeci\u00f3.<\/p>\n<p>En otro tramo, apunt\u00f3 a que \u201clas mujeres ind\u00edgenas estamos en pie de guerra, luchando para que no nos toquen los cuerpos y para que los tent\u00e1culos extractivistas no destruyan nuestros territorios. La agenda prioritaria la lucha antirracista, la lucha antisexista\u201d.<\/p>\n<p><strong>Constitucionalismo social<\/strong><\/p>\n<p><img loading=\"lazy\" decoding=\"async\" class=\" wp-image-21401 aligncenter\" src=\"https:\/\/atecordoba.org\/wp-content\/uploads\/2020\/08\/IMG-20200824-WA0152-300x169.jpg\" alt=\"\" width=\"606\" height=\"341\" srcset=\"https:\/\/atecordoba.org\/wp-content\/uploads\/2020\/08\/IMG-20200824-WA0152-300x169.jpg 300w, https:\/\/atecordoba.org\/wp-content\/uploads\/2020\/08\/IMG-20200824-WA0152-1024x576.jpg 1024w, https:\/\/atecordoba.org\/wp-content\/uploads\/2020\/08\/IMG-20200824-WA0152-768x432.jpg 768w, https:\/\/atecordoba.org\/wp-content\/uploads\/2020\/08\/IMG-20200824-WA0152-750x422.jpg 750w, https:\/\/atecordoba.org\/wp-content\/uploads\/2020\/08\/IMG-20200824-WA0152-1140x641.jpg 1140w, https:\/\/atecordoba.org\/wp-content\/uploads\/2020\/08\/IMG-20200824-WA0152.jpg 1280w\" sizes=\"auto, (max-width: 606px) 100vw, 606px\" \/><\/p>\n<p>Seguidamente, Theaux anunci\u00f3 la intervenci\u00f3n del jurista Eduardo Barcesat, \u201cque nos ayuda a pensar c\u00f3mo se construyen los derechos\u201d.<\/p>\n<p>Barcesat se declar\u00f3 primero como militante de los DDHH y defensor de presos pol\u00edticos en sus inicios para luego volcarse a la academia del derecho. Y como precepto ordenador se\u00f1al\u00f3 es importante tener en claro \u201cque los derechos son en realidad aquellos que adem\u00e1s de reconocidos en el discurso, la normativa, pero tambi\u00e9n que son aplicados por capacidad de acceso. La palabra m\u00e1s importante de ddhh es la palabra acceso, sino es discurso\u201d.<\/p>\n<p>El reconocido jurista afirm\u00f3 que \u201cel derecho se dirige a todos prescindiendo su capacidad econ\u00f3mica pero con el constitucionalismo social tenemos conciencia que hay poblaciones que no tienen acceso al derecho. Nos ocupamos para que esos derechos est\u00e9n en la vida material y cotidiana. Nos preocupan tanto los derechos pol\u00edticos y civiles, como los econ\u00f3micos, sociales y culturales\u201d.<\/p>\n<p>Barcesat critic\u00f3 un sentido com\u00fan que ubica a los DDHH solo \u201csi te mor\u00eds por un tiro ah\u00ed pero si te mor\u00eds de hambre o de fr\u00edo o de una enfermedad curable por no tener casa, comida, o asistencia entonces no es DDHH. Para nosotros todos lo son\u201d.<\/p>\n<p>Despu\u00e9s, el jurista avanz\u00f3 sobre la naturaleza de los pactos internacionales donde el Estado suscribe el respeto y la aplicaci\u00f3n de derechos, tanto a partir de lo establecido por la normativa interamericana de DDHH, \u00a0como los pactos de realizados en el marco de Naciones Unidas.<\/p>\n<p>En otro tramo, Barcesat anunci\u00f3 que la ampliaci\u00f3n de derechos va camino cambiar de par\u00e1metro, desde el antropoc\u00e9ntrista al biocentrista, al tiempo que se\u00f1al\u00f3 que los DDHH tienen un valor de jerarqu\u00eda respecto a los derechos subjetivos, explicando c\u00f3mo se fundamenta eso en nuestra Constituci\u00f3n Nacional.<\/p>\n<p>Y reivindic\u00f3 el Pacto Internacional de Derechos Econ\u00f3micos, Sociales y Culturales, se\u00f1alando que Comisi\u00f3n Interamericana de DDHH sostienen \u201clos bienes jur\u00eddicos a preservar son en orden de prioridades la preservaci\u00f3n de la vida y la salud, en l\u00ednea con la pol\u00edtica del Estado argentino para luchar contra la pandemia\u201d.<\/p>\n<p>En otro tramo acus\u00f3 el \u201clawfare como una doctrina producida por EEUU para aplicar una nueva doctrina de seguridad nacional\u201d, integrado por poder judicial, poder medi\u00e1tico y el espionaje ilegal. \u201cEsto convierte en muertos civiles a los presos pol\u00edticos, el caso emblem\u00e1tico es el de Milagro Sala\u201d, finaliz\u00f3.<\/p>\n<p><strong>Derechos en construcci\u00f3n<\/strong><\/p>\n<p><img loading=\"lazy\" decoding=\"async\" class=\" wp-image-21399 aligncenter\" src=\"https:\/\/atecordoba.org\/wp-content\/uploads\/2020\/08\/image-300x169.png\" alt=\"\" width=\"605\" height=\"341\" srcset=\"https:\/\/atecordoba.org\/wp-content\/uploads\/2020\/08\/image-300x169.png 300w, https:\/\/atecordoba.org\/wp-content\/uploads\/2020\/08\/image-1024x576.png 1024w, https:\/\/atecordoba.org\/wp-content\/uploads\/2020\/08\/image-768x432.png 768w, https:\/\/atecordoba.org\/wp-content\/uploads\/2020\/08\/image-1536x864.png 1536w, https:\/\/atecordoba.org\/wp-content\/uploads\/2020\/08\/image-750x422.png 750w, https:\/\/atecordoba.org\/wp-content\/uploads\/2020\/08\/image-1140x641.png 1140w, https:\/\/atecordoba.org\/wp-content\/uploads\/2020\/08\/image.png 1920w\" sizes=\"auto, (max-width: 605px) 100vw, 605px\" \/><\/p>\n<p>El \u00faltimo aporte a la \u201cJornada de DDHH presente pasado futuro\u201d lo realiz\u00f3 el abogado Biafore, asesor letrado de ATE y otros sindicatos y querellante de la Secretaria de Derechos Humanos de la Naci\u00f3n en causas de lesa humanidad.<\/p>\n<p>Biafore arranc\u00f3 diciendo que \u201clos DDHH son derechos en construcci\u00f3n. Esta mirada como laboralista me fue permitiendo descubrir un hilo, inmerso en la aparici\u00f3n de los derechos del trabajo dentro del universo de los DDHH\u201d.<\/p>\n<p>Al describir el proceso hist\u00f3rico a partir de la conjunci\u00f3n de ambos derechos describi\u00f3 la lucha del capital como \u201cla lucha por la expropiaci\u00f3n del conocimiento del trabajador\u201d y describi\u00f3 la automatizaci\u00f3n de la producci\u00f3n en ese contexto.<\/p>\n<p>Para luego describir el proceso de inscripci\u00f3n de derechos laborales en la normativa, en la Constituci\u00f3n y c\u00f3mo influyeron los criterios de las naciones ganadoras de la segunda guerra mundial en dicho reconocimiento.<\/p>\n<p>\u201c\u00a1Por qu\u00e9 la Constituci\u00f3n de la \u2018revoluci\u00f3n fusiladora\u2019 del \u201857 reconoce en el art\u00edculo 14 BIS, los derechos de segunda generaci\u00f3n al trabajo al negociaci\u00f3n colectiva y la tutela sindical, cuando hab\u00eda dado de baja por decreto la Constituci\u00f3n del \u201849?.\u00a0 Porque tras la segundas guerra las naciones victoriosas se convencieron que el reconocimiento de esos derechos es una de la claves para mantener una paz social, de incluir el espacio para discutir esos derechos\u201d, dijo Biafore.<\/p>\n<p>Y agreg\u00f3: \u201clos DDHH son el derecho al conflicto, a las minor\u00edas y al derecho a generar nuevos derechos, es derecho a la conflictividad y el derecho a discutir la distribuci\u00f3n de la riqueza, esto es econ\u00f3mico, social, cultural y ambiental\u201d.<\/p>\n<p>Tras denunciar que a pesar de la legislaci\u00f3n vigente \u201cno se cumple el derecho a la negociaci\u00f3n colectiva en ninguna provincia y en ning\u00fan municipio de pa\u00eds\u201d, finaliz\u00f3 haciendo una invitaci\u00f3n a pensar estrategias colectivas para la aplicaci\u00f3n construcci\u00f3n de derechos.<\/p>\n","protected":false},"excerpt":{"rendered":"<p>Con una numerosa participaci\u00f3n de compa\u00f1eras y compa\u00f1eros se realiz\u00f3 ayer la tercera charla virtual organizada por la Secretaria de Formaci\u00f3n del CDP. En primer t\u00e9rmino, el secretario General de ATE C\u00f3rdoba, Federico Giuliani, agradeci\u00f3 la presencia de los panelistas y reivindic\u00f3 la posibilidad de pensar los DDHH desde la mirada de las y los [&hellip;]<\/p>\n","protected":false},"author":7,"featured_media":21400,"comment_status":"open","ping_status":"open","sticky":true,"template":"","format":"standard","meta":{"_exactmetrics_skip_tracking":false,"_exactmetrics_sitenote_active":false,"_exactmetrics_sitenote_note":"","_exactmetrics_sitenote_category":0,"jnews-multi-image_gallery":[],"jnews_single_post":{"source_name":"","source_url":"","via_name":"","via_url":"","override_template":"0","override":[{"template":"1","single_blog_custom":"","parallax":"1","fullscreen":"0","layout":"right-sidebar","sidebar":"default-sidebar","second_sidebar":"default-sidebar","sticky_sidebar":"1","share_position":"top","share_float_style":"share-monocrhome","show_share_counter":"1","show_view_counter":"1","show_featured":"1","show_post_meta":"1","show_post_author":"1","show_post_author_image":"1","show_post_date":"1","post_date_format":"default","post_date_format_custom":"Y\/m\/d","show_post_category":"1","show_post_reading_time":"0","post_reading_time_wpm":"300","show_zoom_button":"0","zoom_button_out_step":"2","zoom_button_in_step":"3","show_post_tag":"1","show_prev_next_post":"1","show_popup_post":"1","number_popup_post":"1","show_author_box":"0","show_post_related":"0","show_inline_post_related":"0"}],"override_image_size":"0","image_override":[{"single_post_thumbnail_size":"crop-500","single_post_gallery_size":"crop-500"}],"trending_post":"0","trending_post_position":"meta","trending_post_label":"Trending","sponsored_post":"0","sponsored_post_label":"Sponsored by","sponsored_post_name":"","sponsored_post_url":"","sponsored_post_logo_enable":"0","sponsored_post_logo":"","sponsored_post_desc":""},"jnews_primary_category":{"id":""},"jnews_social_meta":{"fb_title":"","fb_description":"","fb_image":"","twitter_title":"","twitter_description":"","twitter_image":""},"jnews_review":[],"enable_review":"0","type":"percentage","name":"","summary":"","brand":"","sku":"","good":[{"good_text":""}],"bad":[{"bad_text":""}],"score_override":"","override_value":"","rating":[{"rating_text":"","rating_number":"10"}],"price":[{"shop":"","price":"","link":"","icon":""}],"jnews_override_counter":{"override_view_counter":"0","view_counter_number":"0","override_share_counter":"0","share_counter_number":"0","override_like_counter":"0","like_counter_number":"0","override_dislike_counter":"0","dislike_counter_number":"0"},"jnews_post_split":{"enable_post_split":"0","post_split":[{"template":"1","tag":"h2","numbering":"asc","mode":"normal"}]},"footnotes":""},"categories":[341,122,400,88],"tags":[528],"class_list":["post-21398","post","type-post","status-publish","format-standard","has-post-thumbnail","hentry","category-cdp","category-ddhh","category-estamentos","category-formacion","tag-jornadas-ddhh"],"jetpack_featured_media_url":"https:\/\/atecordoba.org\/wp-content\/uploads\/2020\/08\/IMG-20200824-WA0151.jpg","_links":{"self":[{"href":"https:\/\/atecordoba.org\/index.php?rest_route=\/wp\/v2\/posts\/21398","targetHints":{"allow":["GET"]}}],"collection":[{"href":"https:\/\/atecordoba.org\/index.php?rest_route=\/wp\/v2\/posts"}],"about":[{"href":"https:\/\/atecordoba.org\/index.php?rest_route=\/wp\/v2\/types\/post"}],"author":[{"embeddable":true,"href":"https:\/\/atecordoba.org\/index.php?rest_route=\/wp\/v2\/users\/7"}],"replies":[{"embeddable":true,"href":"https:\/\/atecordoba.org\/index.php?rest_route=%2Fwp%2Fv2%2Fcomments&post=21398"}],"version-history":[{"count":1,"href":"https:\/\/atecordoba.org\/index.php?rest_route=\/wp\/v2\/posts\/21398\/revisions"}],"predecessor-version":[{"id":21402,"href":"https:\/\/atecordoba.org\/index.php?rest_route=\/wp\/v2\/posts\/21398\/revisions\/21402"}],"wp:featuredmedia":[{"embeddable":true,"href":"https:\/\/atecordoba.org\/index.php?rest_route=\/wp\/v2\/media\/21400"}],"wp:attachment":[{"href":"https:\/\/atecordoba.org\/index.php?rest_route=%2Fwp%2Fv2%2Fmedia&parent=21398"}],"wp:term":[{"taxonomy":"category","embeddable":true,"href":"https:\/\/atecordoba.org\/index.php?rest_route=%2Fwp%2Fv2%2Fcategories&post=21398"},{"taxonomy":"post_tag","embeddable":true,"href":"https:\/\/atecordoba.org\/index.php?rest_route=%2Fwp%2Fv2%2Ftags&post=21398"}],"curies":[{"name":"wp","href":"https:\/\/api.w.org\/{rel}","templated":true}]}}