{"id":21388,"date":"2020-08-24T13:29:12","date_gmt":"2020-08-24T16:29:12","guid":{"rendered":"https:\/\/atecordoba.org\/?p=21388"},"modified":"2020-08-24T16:33:15","modified_gmt":"2020-08-24T19:33:15","slug":"giuliani-a-cardozo-ministro-sino-tiene-capacidad-de-un-paso-al-costado","status":"publish","type":"post","link":"https:\/\/atecordoba.org\/?p=21388","title":{"rendered":"Giuliani a Cardozo: &#8220;Ministro, sino tiene capacidad d\u00e9 un paso al costado&#8221;"},"content":{"rendered":"<p><img loading=\"lazy\" decoding=\"async\" class=\" wp-image-21390 aligncenter\" src=\"https:\/\/atecordoba.org\/wp-content\/uploads\/2020\/08\/giuliani-300x225.jpg\" alt=\"\" width=\"604\" height=\"453\" srcset=\"https:\/\/atecordoba.org\/wp-content\/uploads\/2020\/08\/giuliani-300x225.jpg 300w, https:\/\/atecordoba.org\/wp-content\/uploads\/2020\/08\/giuliani-768x576.jpg 768w, https:\/\/atecordoba.org\/wp-content\/uploads\/2020\/08\/giuliani-750x563.jpg 750w, https:\/\/atecordoba.org\/wp-content\/uploads\/2020\/08\/giuliani.jpg 960w\" sizes=\"auto, (max-width: 604px) 100vw, 604px\" \/><\/p>\n<p>ATE realiz\u00f3 el viernes pasado una movilizaci\u00f3n al Ministerio de Salud, conjuntamente con la UTS, para exigir una respuesta al pliego de reclamos <a href=\"https:\/\/atecordoba.org\/?p=20908\">presentado oportunamente<\/a> el 29 de julio, referido a necesidades de los equipos de salud que no est\u00e1n siendo atendidas por el gobierno de Schiaretti.<\/p>\n\n<p>El acto, con un cuidado cumplimiento del protocolo, cont\u00f3 con la participaci\u00f3n de compa\u00f1eros de diversos hospitales que no se encontraban prestando servicio, junto a sectores nacionales de diferentes sectores que se acercaron a dar su solidaridad..<\/p>\n<p>La delegaci\u00f3n encabezada por el secretario General de ATE, Federico Giuliani, y el secretario General de UTS Ariel G\u00f3mez, insisti\u00f3 por nota que los gremios representativos del sector salud sean recibidos por el ministro Diego Cardozo.<img loading=\"lazy\" decoding=\"async\" class=\" wp-image-21391 alignright\" src=\"https:\/\/atecordoba.org\/wp-content\/uploads\/2020\/08\/corte-2-300x169.jpg\" alt=\"\" width=\"462\" height=\"260\" srcset=\"https:\/\/atecordoba.org\/wp-content\/uploads\/2020\/08\/corte-2-300x169.jpg 300w, https:\/\/atecordoba.org\/wp-content\/uploads\/2020\/08\/corte-2-768x432.jpg 768w, https:\/\/atecordoba.org\/wp-content\/uploads\/2020\/08\/corte-2-750x422.jpg 750w, https:\/\/atecordoba.org\/wp-content\/uploads\/2020\/08\/corte-2.jpg 960w\" sizes=\"auto, (max-width: 462px) 100vw, 462px\" \/><\/p>\n<p>Giuliani dijo a las y los trabajadores que &#8220;hay que felicitarles por esta actividad que se realiza en el lugar donde se toman las malas decisiones para la salud de nuestro pueblo. Quiero decirle que esta jornada se est\u00e1 llevando a cabo a lo largo y ancho de C\u00f3rdoba. En Villa Mar\u00eda, en Bell Villa, en R\u00edo Cuarto, en Oliva, en Cruz del Eje, en R\u00edo Tercero, en San Francisco&#8221;.<\/p>\n<p>Ante la algarab\u00eda general Giuliani agreg\u00f3 que &#8220;este no es un hecho aislado sino la construcci\u00f3n de una medida de lucha de nuestra CTAA a nivel nacional. Est\u00e1 claro que por las malas decisiones de quienes gobiernan, nuestros compa\u00f1eros y nuestras compa\u00f1eras de la primera l\u00ednea se nos est\u00e1n enfermando y se nos est\u00e1n muriendo por la falta de pol\u00edtica&#8221;<\/p>\n<p><img loading=\"lazy\" decoding=\"async\" class=\"wp-image-21392 alignleft\" src=\"https:\/\/atecordoba.org\/wp-content\/uploads\/2020\/08\/carteles2-300x169.jpg\" alt=\"\" width=\"444\" height=\"250\" srcset=\"https:\/\/atecordoba.org\/wp-content\/uploads\/2020\/08\/carteles2-300x169.jpg 300w, https:\/\/atecordoba.org\/wp-content\/uploads\/2020\/08\/carteles2-768x432.jpg 768w, https:\/\/atecordoba.org\/wp-content\/uploads\/2020\/08\/carteles2-750x422.jpg 750w, https:\/\/atecordoba.org\/wp-content\/uploads\/2020\/08\/carteles2.jpg 960w\" sizes=\"auto, (max-width: 444px) 100vw, 444px\" \/>El dirigente apunt\u00f3 directamente al ministro de Salud &#8220;por la incapacidad que tiene Cardozo para conducir esta situaci\u00f3n de desastre sanitario que hoy vive nuestra C\u00f3rdoba. Por eso venimos a decir que esta situaci\u00f3n no es nueva, viene de arrastre y quienes nos gobiernan llevan 21 a\u00f1os al frente del gobierno de C\u00f3rdoba. Esta pandemia vino a profundizar la alt\u00edsima precarizaci\u00f3n laboral. La falta de salarios dignos, la falta de personal que genera que nuestros compa\u00f1eros y nuestras compa\u00f1eras trabajen a destajo y se vean desbordados todos los d\u00edas, porque donde hacen falta seis brazos hay solo dos.&#8221;<\/p>\n<p>Y reclam\u00f3 &#8220;queremos testeos e hisopados peri\u00f3dicos y de manera sistem\u00e1tica para todos los compa\u00f1eros del sistema de salud. No hay trabajadores de clase A, de clase B y de clase C, son todos compa\u00f1ero de la primera l\u00ednea y hay que hisoparlos de manera permanente&#8221;.<\/p>\n<p><img loading=\"lazy\" decoding=\"async\" class=\" wp-image-21393 alignright\" src=\"https:\/\/atecordoba.org\/wp-content\/uploads\/2020\/08\/minsiterio-300x169.jpg\" alt=\"\" width=\"511\" height=\"288\" srcset=\"https:\/\/atecordoba.org\/wp-content\/uploads\/2020\/08\/minsiterio-300x169.jpg 300w, https:\/\/atecordoba.org\/wp-content\/uploads\/2020\/08\/minsiterio-768x433.jpg 768w, https:\/\/atecordoba.org\/wp-content\/uploads\/2020\/08\/minsiterio-750x423.jpg 750w, https:\/\/atecordoba.org\/wp-content\/uploads\/2020\/08\/minsiterio.jpg 960w\" sizes=\"auto, (max-width: 511px) 100vw, 511px\" \/><\/p>\n<p>Y reclam\u00f3 que ante la falta de respuestas &#8220;est\u00e1 claro que hay una falta de conducci\u00f3n sanitaria. Por eso es la primera protesta que viene a decirle a Cardoso que si no es capaz de tener pol\u00edticas sanitarias y de cuidado para nuestros trabajadores y trabajadoras que d\u00e9 un paso al costado y deje que alguien conduzca este verdadero desastre sanitario&#8221;.<\/p>\n<p>Por eso Giuliani prometi\u00f3 que &#8220;no es la \u00faltima vez que nos encontramos ac\u00e1, habr\u00e1 que venir hasta que el ministro tenga la dignidad de recibir a los gremios que pelean. No con los gremios que abandonan y traicionan los derechos de los laburantes&#8221;.<\/p>\n<p>Por otro lado, el dirigente denunci\u00f3 que &#8220;dejan mucho que desear las medidas sanitarias que toma el ministro de Salud, pero tambi\u00e9n hay que decir que el COE estaba conducido hasta hace muy poco por esa fuerza represiva (la Polic\u00eda Provincial) que a pocos metros de ac\u00e1 acribillaron a balazos a Blas Correa&#8221;.<\/p>\n<p><img loading=\"lazy\" decoding=\"async\" class=\" wp-image-21394 aligncenter\" src=\"https:\/\/atecordoba.org\/wp-content\/uploads\/2020\/08\/carteles-300x169.jpg\" alt=\"\" width=\"600\" height=\"338\" srcset=\"https:\/\/atecordoba.org\/wp-content\/uploads\/2020\/08\/carteles-300x169.jpg 300w, https:\/\/atecordoba.org\/wp-content\/uploads\/2020\/08\/carteles-768x432.jpg 768w, https:\/\/atecordoba.org\/wp-content\/uploads\/2020\/08\/carteles-750x422.jpg 750w, https:\/\/atecordoba.org\/wp-content\/uploads\/2020\/08\/carteles.jpg 960w\" sizes=\"auto, (max-width: 600px) 100vw, 600px\" \/><\/p>\n<p><strong>Un gobierno que no escucha ni conduce la crisis<\/strong><\/p>\n<p>El secretario General de ATE dijo que la situaci\u00f3n salarial exige una respuesta inmediata. &#8220;No solo planteamos la urgente apertura de la paritaria, esa foto que se sac\u00f3 el SEP en marzo, esa puesta en escena no la validamos, la rechazamos y tampoco queremos esperar hasta octubre para discutir salario cuando la inflaci\u00f3n se lleva por delante nuestros sueldos, cuando hubo m\u00e1s de 120 d\u00edas de transporte urbano e interurbano por la incapacidad del gobierno de Schiaretti, del ministerio de trabajo de la provincia para resolver esa situaci\u00f3n&#8221;.<\/p>\n<p>&nbsp;<\/p>\n<p>&#8220;Compa\u00f1eras y compa\u00f1eros, esta es una pelea gremial, las reivindicaciones y pliegos est\u00e1n claros. Pero tambi\u00e9n aprovechamos que est\u00e1n los compa\u00f1eros y compa\u00f1eras de nuestras barriadas, tambi\u00e9n laburantes esenciales. Todos los d\u00edas preparan las ollas para que las pibas y pibes no tengan hambre. Les decimos que la salud no es un negocio, es un derecho y nuestra pelea es por una salud p\u00fablica, gratuita, de calidad y con alcance popular&#8221;.<\/p>\n<p>Por eso, agreg\u00f3, &#8220;es un buen momento, ya que tenemos el acompa\u00f1amiento del Foro Solidario, para repudiar la nefasta reforma previsional\u00a0 de Schiaretti, aprobada en sesi\u00f3n expr\u00e9s de car\u00e1cter virtual ajustaron nuevamente sobre los sectores que menos tienen, nuestros jubilados, jubiladas y nuestros trabajadores que de manera religiosa, mes a mes, aportan a la Caja&#8221;.<\/p>\n<p>Y finaliz\u00f3 asegurando que &#8220;sabemos que hay muchos sectores que hoy no est\u00e1n. Las mezquindades y los personalismos no sirven, es hora de unidad y solidaridad pero no solo declarativa sino practic\u00e1ndola y recuperando la calle que es el lugar de lucha para poder conquistar nuestros sue\u00f1os, que son la pesadilla de los que mandan&#8221;<\/p>\n<p><strong>Duran: que el ministro vaya a una guardia<\/strong><\/p>\n<p>A su turno, el secretario Adjunto del CDP, Hugo Dur\u00e1n, se dirigi\u00f3 a las y los presentes para afirmar que en el petitorio del\u00a0 29 de julio &#8220;le dec\u00edamos a Cardozo \u2018se\u00f1or ministro queremos m\u00e1s personal porque est\u00e1n deslomando a nuestros equipos de salud\u2019, \u2018se\u00f1or ministro necesitamos 300 enfermeras y enfermeros en el Polo, 180 en el hospital de Ni\u00f1os y el resto entre el Rawson y el San Roque\u2019. \u00bfY usted abre un hospital modular con 72 camas m\u00e1s y con la misma gente? Esto es lo que queremos hablar con Cardozo. Hoy son 2400 los contagiados recuperados de Covid en C\u00f3rdoba, que est\u00e1n sanas en su casa, son pacientes que los curaron los compa\u00f1eros que trabajan en los hospitales ma\u00f1ana, tarde y noche con pocos insumos y con un sueldo de mierda. De estas cosas queremos hablar con el ministro&#8221;.<\/p>\n<p><img loading=\"lazy\" decoding=\"async\" class=\" wp-image-21395 aligncenter\" src=\"https:\/\/atecordoba.org\/wp-content\/uploads\/2020\/08\/corte-300x169.jpg\" alt=\"\" width=\"604\" height=\"340\" srcset=\"https:\/\/atecordoba.org\/wp-content\/uploads\/2020\/08\/corte-300x169.jpg 300w, https:\/\/atecordoba.org\/wp-content\/uploads\/2020\/08\/corte-768x432.jpg 768w, https:\/\/atecordoba.org\/wp-content\/uploads\/2020\/08\/corte-750x422.jpg 750w, https:\/\/atecordoba.org\/wp-content\/uploads\/2020\/08\/corte.jpg 960w\" sizes=\"auto, (max-width: 604px) 100vw, 604px\" \/><\/p>\n<p>Y concluy\u00f3: &#8220;Cardozo es muy adepto a las c\u00e1maras pero parece que le tiene miedo a los trabajadores. Que se ponga un equipo y se vaya a trabajar a la guardia del Rawson, del San Roque, que vaya un s\u00e1bado a la noche a al C\u00f3rdoba para que vea como est\u00e1n trabajando los compa\u00f1eros. \u00a0A partir de ah\u00ed nos vamos a poner a hablar de igual a igual. Por ahora le creo a los compa\u00f1eros que son los que dicen, cobramos mal, no tenemos insumos y necesitamos m\u00e1s personal&#8221;.<\/p>\n<p>&nbsp;<\/p>\n<p>&nbsp;<\/p>\n","protected":false},"excerpt":{"rendered":"<p>ATE realiz\u00f3 el viernes pasado una movilizaci\u00f3n al Ministerio de Salud, conjuntamente con la UTS, para exigir una respuesta al pliego de reclamos presentado oportunamente el 29 de julio, referido a necesidades de los equipos de salud que no est\u00e1n siendo atendidas por el gobierno de Schiaretti. El acto, con un cuidado cumplimiento del protocolo, [&hellip;]<\/p>\n","protected":false},"author":7,"featured_media":21390,"comment_status":"open","ping_status":"open","sticky":true,"template":"","format":"standard","meta":{"_exactmetrics_skip_tracking":false,"_exactmetrics_sitenote_active":false,"_exactmetrics_sitenote_note":"","_exactmetrics_sitenote_category":0,"jnews-multi-image_gallery":[],"jnews_single_post":{"source_name":"","source_url":"","via_name":"","via_url":"","override_template":"0","override":[{"template":"1","single_blog_custom":"","parallax":"1","fullscreen":"0","layout":"right-sidebar","sidebar":"default-sidebar","second_sidebar":"default-sidebar","sticky_sidebar":"1","share_position":"top","share_float_style":"share-monocrhome","show_share_counter":"1","show_view_counter":"1","show_featured":"1","show_post_meta":"1","show_post_author":"1","show_post_author_image":"1","show_post_date":"1","post_date_format":"default","post_date_format_custom":"Y\/m\/d","show_post_category":"1","show_post_reading_time":"0","post_reading_time_wpm":"300","show_zoom_button":"0","zoom_button_out_step":"2","zoom_button_in_step":"3","show_post_tag":"1","show_prev_next_post":"1","show_popup_post":"1","number_popup_post":"1","show_author_box":"0","show_post_related":"0","show_inline_post_related":"0"}],"override_image_size":"0","image_override":[{"single_post_thumbnail_size":"crop-500","single_post_gallery_size":"crop-500"}],"trending_post":"0","trending_post_position":"meta","trending_post_label":"Trending","sponsored_post":"0","sponsored_post_label":"Sponsored by","sponsored_post_name":"","sponsored_post_url":"","sponsored_post_logo_enable":"0","sponsored_post_logo":"","sponsored_post_desc":""},"jnews_primary_category":{"id":""},"jnews_social_meta":{"fb_title":"","fb_description":"","fb_image":"","twitter_title":"","twitter_description":"","twitter_image":""},"jnews_review":[],"enable_review":"0","type":"percentage","name":"","summary":"","brand":"","sku":"","good":[{"good_text":""}],"bad":[{"bad_text":""}],"score_override":"","override_value":"","rating":[{"rating_text":"","rating_number":"10"}],"price":[{"shop":"","price":"","link":"","icon":""}],"jnews_override_counter":{"override_view_counter":"0","view_counter_number":"0","override_share_counter":"0","share_counter_number":"0","override_like_counter":"0","like_counter_number":"0","override_dislike_counter":"0","dislike_counter_number":"0"},"jnews_post_split":{"enable_post_split":"0","post_split":[{"template":"1","tag":"h2","numbering":"asc","mode":"normal"}]},"footnotes":""},"categories":[341,104,8],"tags":[476,477],"class_list":["post-21388","post","type-post","status-publish","format-standard","has-post-thumbnail","hentry","category-cdp","category-departamento-de-salud","category-provinciales","tag-equipos-de-salud","tag-hospitales"],"jetpack_featured_media_url":"https:\/\/atecordoba.org\/wp-content\/uploads\/2020\/08\/giuliani.jpg","_links":{"self":[{"href":"https:\/\/atecordoba.org\/index.php?rest_route=\/wp\/v2\/posts\/21388","targetHints":{"allow":["GET"]}}],"collection":[{"href":"https:\/\/atecordoba.org\/index.php?rest_route=\/wp\/v2\/posts"}],"about":[{"href":"https:\/\/atecordoba.org\/index.php?rest_route=\/wp\/v2\/types\/post"}],"author":[{"embeddable":true,"href":"https:\/\/atecordoba.org\/index.php?rest_route=\/wp\/v2\/users\/7"}],"replies":[{"embeddable":true,"href":"https:\/\/atecordoba.org\/index.php?rest_route=%2Fwp%2Fv2%2Fcomments&post=21388"}],"version-history":[{"count":2,"href":"https:\/\/atecordoba.org\/index.php?rest_route=\/wp\/v2\/posts\/21388\/revisions"}],"predecessor-version":[{"id":21397,"href":"https:\/\/atecordoba.org\/index.php?rest_route=\/wp\/v2\/posts\/21388\/revisions\/21397"}],"wp:featuredmedia":[{"embeddable":true,"href":"https:\/\/atecordoba.org\/index.php?rest_route=\/wp\/v2\/media\/21390"}],"wp:attachment":[{"href":"https:\/\/atecordoba.org\/index.php?rest_route=%2Fwp%2Fv2%2Fmedia&parent=21388"}],"wp:term":[{"taxonomy":"category","embeddable":true,"href":"https:\/\/atecordoba.org\/index.php?rest_route=%2Fwp%2Fv2%2Fcategories&post=21388"},{"taxonomy":"post_tag","embeddable":true,"href":"https:\/\/atecordoba.org\/index.php?rest_route=%2Fwp%2Fv2%2Ftags&post=21388"}],"curies":[{"name":"wp","href":"https:\/\/api.w.org\/{rel}","templated":true}]}}