{"id":21376,"date":"2020-08-21T21:08:49","date_gmt":"2020-08-22T00:08:49","guid":{"rendered":"https:\/\/atecordoba.org\/?p=21376"},"modified":"2020-08-21T21:16:40","modified_gmt":"2020-08-22T00:16:40","slug":"21376","status":"publish","type":"post","link":"https:\/\/atecordoba.org\/?p=21376","title":{"rendered":"Se realiz\u00f3 la segunda jornada virtual sobre \u201cDerechos Humanos presente pasado futuro\u201d"},"content":{"rendered":"<p>&nbsp;<\/p>\n<p><img loading=\"lazy\" decoding=\"async\" class=\" wp-image-21377 aligncenter\" src=\"https:\/\/atecordoba.org\/wp-content\/uploads\/2020\/08\/zoom-ddhh-2-300x161.png\" alt=\"\" width=\"602\" height=\"323\" srcset=\"https:\/\/atecordoba.org\/wp-content\/uploads\/2020\/08\/zoom-ddhh-2-300x161.png 300w, https:\/\/atecordoba.org\/wp-content\/uploads\/2020\/08\/zoom-ddhh-2-1024x550.png 1024w, https:\/\/atecordoba.org\/wp-content\/uploads\/2020\/08\/zoom-ddhh-2-768x412.png 768w, https:\/\/atecordoba.org\/wp-content\/uploads\/2020\/08\/zoom-ddhh-2-750x403.png 750w, https:\/\/atecordoba.org\/wp-content\/uploads\/2020\/08\/zoom-ddhh-2.png 1043w\" sizes=\"auto, (max-width: 602px) 100vw, 602px\" \/>En una segunda jornada del taller sobre Derechos Humanos que convoca la Secretaria de Formaci\u00f3n del Consejo Directivo Provincial, hoy se realiz\u00f3 una nueva charla-debate, en la oportunidad situada en el abordaje de la situaci\u00f3n de las mujeres detenidas, en encierro carcelario.<\/p>\n<p>Con una gran participaci\u00f3n de afiliadas y afiliados, la presentaci\u00f3n estuvo a cargo de la compa\u00f1era Mar\u00eda Sotti, secretaria de Actas e integrante del Departamento de G\u00e9neros y diversidades de ATE C\u00f3rdoba, recientemente creado.<\/p>\n<p>\u201cPensamos la jornada entendiendo que la podemos mirar el pasado para traccionar el presente y construir un futuro y los derechos humanos de hoy ser\u00e1n tambi\u00e9n los de ayer y ser\u00e1n los de futuro pero a nivel metodol\u00f3gico en esta jornada haremos un abordaje de los derechos humanos centr\u00e1ndonos en el presente, considerando las deudas y conquistas\u201d, dijo.<\/p>\n<p>Acto seguido, present\u00f3 a la compa\u00f1era Milagro Sala, la dirigente pol\u00edtica, social e ind\u00edgena, que es presa pol\u00edtica desde hace m\u00e1s de 4 a\u00f1os por el entramado digitado por Gerardo Morales. \u201cPara nuestra organizaci\u00f3n sindical es muy importe tus palabras y reflexiones ya que parte de tu militancia y compromiso la tuviste dentro de seccional de ATE Jujuy y despu\u00e9s como l\u00edder la organizaci\u00f3n Barrial Tupac Amaru vinculada a CTA. No es posible pensar que exista democracia con presos y presas pol\u00edticas en nuestro pa\u00eds\u201d, dijo Sotti.<\/p>\n<p>Milagro Sala relat\u00f3 su condici\u00f3n de presa pol\u00edtica y dijo que es v\u00edctima de la persecuci\u00f3n del Poder Ejecutivo de Jujuy y el Poder Judicial y denunci\u00f3 la vulneraci\u00f3n de derechos es una situaci\u00f3n generalizada durante la pandemia.<\/p>\n<p><img loading=\"lazy\" decoding=\"async\" class=\"aligncenter wp-image-21383\" src=\"https:\/\/atecordoba.org\/wp-content\/uploads\/2020\/08\/WhatsApp-Image-2020-08-21-at-21.14.04-300x300.jpeg\" alt=\"el secretario General de ATE, Federico Giuliani, y Milagro Sala.\" width=\"600\" height=\"600\" srcset=\"https:\/\/atecordoba.org\/wp-content\/uploads\/2020\/08\/WhatsApp-Image-2020-08-21-at-21.14.04-300x300.jpeg 300w, https:\/\/atecordoba.org\/wp-content\/uploads\/2020\/08\/WhatsApp-Image-2020-08-21-at-21.14.04-150x150.jpeg 150w, https:\/\/atecordoba.org\/wp-content\/uploads\/2020\/08\/WhatsApp-Image-2020-08-21-at-21.14.04-75x75.jpeg 75w, https:\/\/atecordoba.org\/wp-content\/uploads\/2020\/08\/WhatsApp-Image-2020-08-21-at-21.14.04.jpeg 540w\" sizes=\"auto, (max-width: 600px) 100vw, 600px\" \/><\/p>\n<p>\u201cEstoy indignada porque est\u00e1n jugando con la vida de los juje\u00f1os. Vivimos en una dictadura con Gerardo Morales. La gente no quiere q sus familiares mueran en la casa, pero est\u00e1 sucediendo\u201d, afirm\u00f3 Milagro.<\/p>\n<p>\u201cEs verdad lo que dijo la enfermera de General San Mart\u00edn que sali\u00f3 a\u00a0 denunciar como est\u00e1n en el hospital y encima la echaron. Queremos que intervenga la Naci\u00f3n para que vean lo que pasa en cada hospital, porque situaci\u00f3n no da para m\u00e1s. Hoy estamos pasando m\u00e1s transmisi\u00f3n de virus Calilegua y Libertador\u201d, denunci\u00f3 Milagro y dijo que el gobierno de la provincia \u201cdenuncio a una empresa minera por falta Equipo de Protecci\u00f3n Personal pero no denuncia a la empresa de los Blaquier. Ledesma tiene m\u00e1s de 300 trabajadores infectados y 11 fallecidos\u201d, relat\u00f3 la dirigente, cuya liberaci\u00f3n ha sido reclamada en foros internacionales.<\/p>\n<p>Y agreg\u00f3 que \u201clos trabajadores de salud est\u00e1n muy mal, les deben sueldo, a los m\u00e9dicos les hacen firmar que el Estado no se hace responsable si les pasara algo a ellos\u201d.<\/p>\n<p><strong>La c\u00e1rcel en C\u00f3rdoba<\/strong><\/p>\n<p>Seguidamente se dirigi\u00f3 a las y los presentes la compa\u00f1era Lyllan Luque, abogada y docente en UNC, querellante de causas de derechos humanos y patrocinadora de los juicios por cr\u00edmenes de lesa humanidad en nuestro pa\u00eds. Luque integra la Procuraci\u00f3n Federal Penitenciaria, organismo nacional que se ocupa por velar por los derechos de los presos de la Justicia Federal.<\/p>\n<p>Lyllan comenz\u00f3 apuntando que hay una categor\u00eda de sujetos sobre los que se construyen los males sociales. \u201cHay que deconstruir un sentido com\u00fan referido a la c\u00e1rcel y la delincuencia, producto de una construcci\u00f3n pol\u00edtica y hegem\u00f3nica que todos construimos\u201d, afirm\u00f3 la letrada.<\/p>\n<p>\u201cEn Latinoam\u00e9rica la raza, el sexo y la clase se conjugan para determinar qu\u00e9 sujeto estar\u00e1 gobernado por una c\u00e1rcel. Milagro Sala \u2013 dijo- se ha transformado en una bandera de lucha pol\u00edtica para ayudar a que se revise una instituci\u00f3n como la c\u00e1rcel, para que no sea la herramienta de un gobierno para un sector poblacional\u201d, advirti\u00f3 Luque.<\/p>\n<p>\u201cSobre la c\u00e1rcel hay mucha desinformaci\u00f3n l\u00f3gica sobre qui\u00e9nes deben estar presos, en base a una l\u00f3gica neoliberal que se nutre la fragmentaci\u00f3n social\u201d, finaliz\u00f3.<\/p>\n<p>Tambi\u00e9n sum\u00f3 su opini\u00f3n In\u00e9s Le\u00f3n Barreto, abogada especialista en criminolog\u00eda, docente de la UNC con dedicaci\u00f3n en programas de extensi\u00f3n para la c\u00e1rcel en C\u00f3rdoba. Fue investigadora en Espacio Carcelar: acceso a derechos y a la justicia.<\/p>\n<p><img loading=\"lazy\" decoding=\"async\" class=\" wp-image-21378 aligncenter\" src=\"https:\/\/atecordoba.org\/wp-content\/uploads\/2020\/08\/zoom-2-ddhh-2-300x174.png\" alt=\"\" width=\"600\" height=\"348\" srcset=\"https:\/\/atecordoba.org\/wp-content\/uploads\/2020\/08\/zoom-2-ddhh-2-300x174.png 300w, https:\/\/atecordoba.org\/wp-content\/uploads\/2020\/08\/zoom-2-ddhh-2-768x445.png 768w, https:\/\/atecordoba.org\/wp-content\/uploads\/2020\/08\/zoom-2-ddhh-2-750x435.png 750w, https:\/\/atecordoba.org\/wp-content\/uploads\/2020\/08\/zoom-2-ddhh-2.png 985w\" sizes=\"auto, (max-width: 600px) 100vw, 600px\" \/><\/p>\n<p>\u201cNuestro gran desaf\u00edo es repensar los ddhh del presente\u201d, inici\u00f3 la compa\u00f1era.<\/p>\n<p>Y sigui\u00f3 \u201cC\u00f3mo son las c\u00e1rceles de mujeres en C\u00f3rdoba. Hay 500 mujeres detenidas en Bower, la mayor\u00eda en prisi\u00f3n preventiva y presas por delitos menores. Si tenemos en cuenta que la vieja c\u00e1rcel del Buen Pastor ten\u00eda lugar para 11 reclusas, vemos que hoy la c\u00e1rcel es de m\u00e1s mujeres. Y mueren muchas mujeres en la c\u00e1rcel. Mueren por suicidio. Y una caracter\u00edstica m\u00e1s grave en ese contexto es que est\u00e1n sobremedicadas\u201d.<\/p>\n<p>La docente se\u00f1al\u00f3 que las presas \u201cadem\u00e1s de cumplir con la pena carga debe cargar con la culpa del abandono de la familia, donde generalmente es la proveedora del hogar, es cabeza de familia. La masividad del narcomenudeo en los barrios de C\u00f3rdoba multiplic\u00f3 las presas. Sin embargo, muchas han dedicado sus cocinas para cocinar estupefacientes, dejando de hacer comida. Y eso es una expresi\u00f3n de lo que est\u00e1 pasando en C\u00f3rdoba\u201d.<\/p>\n<p>Y dijo que \u201cla c\u00e1rcel est\u00e1 siendo un dispositivo punitivo muy fuerte. Cada sociedad decide quien va preso y cu\u00e1les delitos se persiguen y cu\u00e1les no. Los delios de cuello blanco, evidentemente, no est\u00e1n perseguidos en Argentina\u201d.<\/p>\n<p><strong>Conceptos finales<\/strong><\/p>\n<p>Para el cierre de la jornada, Mar\u00eda Sotti comparti\u00f3 una reflexi\u00f3n desde el Departamento de Derechos Humanos del Consejo Directivo Provincial.<\/p>\n<p>El movimiento de mujeres a trav\u00e9s de la historia ha demostrado ser un proceso continuado de luchas que se pueden ser segmentados para el an\u00e1lisis, en olas de conquistas de derechos. En el caso de nuestro pa\u00eds la \u201cprimera ola\u201d se ubic\u00f3 en la primera mitad del Siglo XX en luchas por el acceso a la educaci\u00f3n, cuestionando los privilegios masculinos afirmando que no son una cuesti\u00f3n biol\u00f3gica, ni natural. La \u201csegunda ola\u201d referida a la lucha la igualdad pol\u00edtica con los varones se plasma en Argentina en la d\u00e9cada del \u201840 con el derecho a sufragio femenino, que en el pa\u00eds se logra en 1947.<\/p>\n<p>Nuestra \u201ctercera ola\u201d se inaugura en la d\u00e9cada los \u201880 con la exigencia de pol\u00edticas p\u00fablicas que permita a las mujeres poder planificar la reproducci\u00f3n familiar (exigencias de anticonceptivos)\u00a0y luchas por el divorcio vincular, que se logr\u00f3 sancionar reci\u00e9n en 1987.<\/p>\n<p>El 2001 en nuestro pa\u00eds, fue el preludio de nuestra cuarta ola. En particular por el v\u00ednculo que profundiz\u00f3 con el movimiento de Derechos Humanos. Desde entonces, se han producido grandes articulaciones entre activismos -pol\u00edticos, populares, barriales, sexuales, acad\u00e9micos, institucionales- y se ha fortalecido un mont\u00f3n la movilizaci\u00f3n feminista en las calles.<\/p>\n<p>As\u00ed llegamos a la denominada \u201ccuarta ola\u201d feminista en Argentina acompa\u00f1ada de una masificaci\u00f3n incre\u00edble del movimiento de mujeres, que se plasm\u00f3 desde el 2015 con el grito de\u00a0#Ni Una Menos\u00a0por los brutales femicidios que se estaban perpetrando en el pa\u00eds y, m\u00e1s recientemente, con la reactivaci\u00f3n de la\u00a0Campa\u00f1a Nacional por el Derecho al Aborto Legal, Seguro y Gratuito y las exigencias de implementaci\u00f3n de la Ley de Educaci\u00f3n Sexual Integral en las Escuelas. Esta marea feminista ha mostrado un mayor acercamiento y dialogo con el movimiento LGTBIQ+.\u00a0Se trata de una nueva dimensi\u00f3n que est\u00e1 dada por el incre\u00edble ingreso de les j\u00f3venes, al feminismo y en ese sentido las redes sociales son un aspecto central en la generaci\u00f3n de conciencia, como si ya no hubiera necesidad de recorrer todas las olas porque ya las llevan puestas y van para adelante. Un eje ineludible fue el primer Paro internacional de mujeres, de alt\u00edsimo acatamiento, llevado a cabo el 8 de marzo de 2018, conocido como el #8M.<\/p>\n<p>Con este recorrido escueto que da cuenta como los feminismos tienen m\u00e1s de un siglo de historia en nuestro pa\u00eds, quiero marcar que las conquistas de los derechos humanos de las mujeres se han forjado con la vida y entrega de miles de referentes y militantes sociales y pol\u00edticas. Y si bien podemos ver que hemos avanzado mucho, debemos ser conscientes de los derechos que todav\u00eda nos faltan conquistar, en un contexto sumamente hostil y de profundizaci\u00f3n de las desigualdades existentes que impuso la Pandemia del COVID-19.<\/p>\n<p>En ese sentido quisiera marcar algunos ejes que considero como las deudas o desaf\u00edos pendientes en materia de derechos humanos de las mujeres y la diversidad sexual que se deben atender desde una perspectiva sindical:<\/p>\n<p>En primer lugar, el aumento de los casos de femicidios y travesticidios que vienen en ascenso cada a\u00f1o en el pa\u00eds. Pata tomar dimensi\u00f3n desde que comenz\u00f3 el 2020 hasta el mes de julio, se contabilizaron 160 femicidios en Argentina, uno cada 31 horas, seg\u00fan el Registro Nacional de Femicidios del Observatorio MuMaL\u00e1. A esos casos acumulados a nivel nacional, se le suman otras 26 muertes violentas de mujeres que se encuentran en proceso de investigaci\u00f3n y a\u00fan no est\u00e1n confirmados como femicidios. Asimismo,\u00a0en el contexto de pandemia de COVID-19, se produjeron 97 casos de extrema violencia machista y 57 intentos de femicidio.<\/p>\n<p>Si ponemos la lupa en los miembros de la comunidad LGTBIQ+, la realidad trans y travesti es tambi\u00e9n alarmante. Existen 60 transfemicidios\/travesticidios en Argentina en lo que va del a\u00f1o siguiendo los datos proporcionados por la Responsable del \u00c1rea Trans y Travesti de la Facultad de Filosof\u00eda y Humanidades de UNC, Ivanna Aguilera. Si se indaga en las razones, se encuentran tanto que el hecho lo cometi\u00f3 alguien con v\u00ednculo cercano (pareja, ex pareja, familiar) como por la violencia institucional y abandono por parte del Estado.<\/p>\n<p>Ante este escenario se hace indispensable exigir la transversalidad de la perspectiva de g\u00e9nero en las acciones de gobierno, en donde la constituci\u00f3n de los Comit\u00e9s de Crisis, tambi\u00e9n suponga la participaci\u00f3n de todas las \u00e1reas de trabajo involucradas donde no pueden estar ausentes las organizaciones sociales y sindicales siguiendo una paridad de g\u00e9nero. Asimismo la urgencia en declarar la Emergencia Nacional en violencia de G\u00e9nero.<\/p>\n<p>En segundo lugar, como est\u00e1 impactando la crisis econ\u00f3mica y sanitaria en las condiciones de trabajo de los servicios de atenci\u00f3n, declarados como actividad esencial, siendo sectores altamente femenizados y precarizados laboralmente. Los empleos precarios son los primeros que se pierden en una situaci\u00f3n de recesi\u00f3n econ\u00f3mica, y son las mujeres las que est\u00e1n sobre representadas en estos sectores. El primer escal\u00f3n de mayor afectaci\u00f3n est\u00e1n siendo las vendedoras ambulantes, la poblaci\u00f3n travesti y trans en situaci\u00f3n de prostituci\u00f3n, trabajadoras sexuales, trabajadoras de casas particulares. En segundo escal\u00f3n est\u00e1n las empleadas de empresas tercerizadas del Estado, las trabajadoras de la cultura sin contratos estables, las artesanas, cocineras, sectores de salud monotributistas como enfermeras particulares, acompa\u00f1antes terap\u00e9uticas, o psic\u00f3logas, las cuales han dejado de percibir o han mermado sensiblemente sus ingresos. En un tercer escal\u00f3n, es el caso de las trabajadoras de \u00e1reas esenciales del Estado, que siguen prestando servicios sin poder acogerse al aislamiento social obligatorio. Por eso, resulta imperioso volver a jerarquizar el sistema de salud en todos los niveles de gobierno, para llevar certidumbre a los y las trabajadoras de la primera l\u00ednea ya que son los que est\u00e1n enfrentando actualmente el pico m\u00e1s \u00e1lgido de la pandemia. Si bien se ha avanzado con el reconocimiento de un bono de $5000, no es suficiente para ya deteriorado salario. Necesitamos que el personal sanitario cuente con las condiciones para dar respuestas eficientes y eficaces a la poblaci\u00f3n. Asimismo se ampl\u00ede el Ingreso Familiar de Emergencia (IFE) a las poblaciones en situaci\u00f3n de emergencia por violencia de g\u00e9nero y poblaci\u00f3n LGTTTBI+.<\/p>\n<p>En tercer lugar, el impacto que est\u00e1 teniendo el trabajo remoto en condiciones de ASPO tensiona la garant\u00eda de las licencias por cuidado, obliga a la recarga de tarea. Principalmente es el caso de las trabajadoras de la educaci\u00f3n, que en su mayor\u00eda son mujeres que tienen la tarea de \u201ctrasladar el aula a la casa\u201d generando una cu\u00e1druple jornada laboral. De la mano de esta situaci\u00f3n, hay un impacto en el trabajo de cuidado, ya que el cuidado de ni\u00f1as y ni\u00f1os, personas con discapacidad y adultos mayores es una responsabilidad social asumida mayormente por mujeres por lo cual, en tiempos de aislamiento se genera una mayor presi\u00f3n y carga de tareas que antes se resolv\u00edan en la red de contenci\u00f3n escolar o familiar. No hay que olvidar que el cuidado es una responsabilidad social, por ende urgen pol\u00edticas de cuidado donde sea responsabilidad del Estado garantizarlas.<\/p>\n<p>En cuarto lugar, est\u00e1 siendo una deuda pendiente poder avanzar contra las desigualdades de g\u00e9nero en el \u00e1mbito laboral y sindical. Respecto al primero, es necesario que las entidades sindicales contribuyan a terminar con la precarizaci\u00f3n laboral que afecta en mayor medida a las mujeres, avanzar a Convenios Colectivos de Trabajo con perspectiva de g\u00e9nero que pueda poner fin a la brecha salarial de mujeres y diversidades sexuales. Exigencia de sanci\u00f3n de una ley de inclusi\u00f3n laboral trans, que si bien en el Congreso se ha dado tratamiento en comisi\u00f3n es una Ley de Cupo laboral, no inclusi\u00f3n. Tambi\u00e9n, presionar al Congreso para que el Estado Argentino termine de ratificar el Convenio 190 de OIT sobre acoso y violencia en el mundo del trabajo que posibilitara avanzar en los sectores laborales con Protocolos de Acci\u00f3n para la prevenci\u00f3n de la violencia de g\u00e9nero en el \u00e1mbito laboral.<\/p>\n<p>Respecto al \u00e1mbito sindical, es necesario avanzar en la institucionalizaci\u00f3n de \u00e1reas de g\u00e9nero y diversidad, incorporando una perspectiva transversal en las intervenciones que se realicen, lograr la obligatoriedad de la paridad de g\u00e9nero en los cargos de conducci\u00f3n. Asimismo, progresar en la obligatoriedad de la implementaci\u00f3n de Ley Micaela para el \u00e1mbito sindical que se brinden capacitaciones desde una perspectiva feminista y diversa\/no binaria para les miembros de conducci\u00f3n, los delegades y afiliades. Finalmente impulsar la aprobaci\u00f3n de Protocolos de Acci\u00f3n para la prevenci\u00f3n y sanci\u00f3n de la violencia de g\u00e9nero que sirva para resolver conflictos al interior de la organizaci\u00f3n y sirvan de referencia para los sectores de trabajo.<\/p>\n<p>Para finalizar los logros y desaf\u00edos planteados nos llena de responsabilidad a las feministas que militamos dentro de una organizaci\u00f3n sindical. Porque introducir la militancia feminista dentro de ATE implica una apuesta en lo personal y en lo pol\u00edtico, de avanzar hacia un horizonte emancipatorio radical, en el sentido de emprender una transformaci\u00f3n de desde la ra\u00edz. De eso se trata cuando se dice que: \u201cLa revoluci\u00f3n ser\u00e1 feminista o no ser\u00e1\u201d.<\/p>\n<p><em>\u201cLa liberaci\u00f3n de las mujeres deber\u00e1 ser encarada por ellas mismas en una lucha que arrastrar\u00e1 todos los vestigios anacr\u00f3nicos de una vida cotidiana deshumanizada y sin alicientes. La acci\u00f3n revolucionaria de las mujeres, su ingreso a la historia, significar\u00e1 la \u2018humanizaci\u00f3n de la humanidad\u2019, por eso es la revoluci\u00f3n m\u00e1s profunda, aut\u00e9ntica y necesaria para la realizaci\u00f3n de la especie humana\u201d.<\/em><\/p>\n<p>(Mirta Henault, Las mujeres dicen basta, 1972)<\/p>\n","protected":false},"excerpt":{"rendered":"<p>&nbsp; En una segunda jornada del taller sobre Derechos Humanos que convoca la Secretaria de Formaci\u00f3n del Consejo Directivo Provincial, hoy se realiz\u00f3 una nueva charla-debate, en la oportunidad situada en el abordaje de la situaci\u00f3n de las mujeres detenidas, en encierro carcelario. Con una gran participaci\u00f3n de afiliadas y afiliados, la presentaci\u00f3n estuvo a [&hellip;]<\/p>\n","protected":false},"author":7,"featured_media":21377,"comment_status":"open","ping_status":"open","sticky":true,"template":"","format":"standard","meta":{"_exactmetrics_skip_tracking":false,"_exactmetrics_sitenote_active":false,"_exactmetrics_sitenote_note":"","_exactmetrics_sitenote_category":0,"jnews-multi-image_gallery":[],"jnews_single_post":{"source_name":"","source_url":"","via_name":"","via_url":"","override_template":"0","override":[{"template":"1","single_blog_custom":"","parallax":"1","fullscreen":"0","layout":"right-sidebar","sidebar":"default-sidebar","second_sidebar":"default-sidebar","sticky_sidebar":"1","share_position":"top","share_float_style":"share-monocrhome","show_share_counter":"1","show_view_counter":"1","show_featured":"1","show_post_meta":"1","show_post_author":"1","show_post_author_image":"1","show_post_date":"1","post_date_format":"default","post_date_format_custom":"Y\/m\/d","show_post_category":"1","show_post_reading_time":"0","post_reading_time_wpm":"300","show_zoom_button":"0","zoom_button_out_step":"2","zoom_button_in_step":"3","show_post_tag":"1","show_prev_next_post":"1","show_popup_post":"1","number_popup_post":"1","show_author_box":"0","show_post_related":"0","show_inline_post_related":"0"}],"override_image_size":"0","image_override":[{"single_post_thumbnail_size":"crop-500","single_post_gallery_size":"crop-500"}],"trending_post":"0","trending_post_position":"meta","trending_post_label":"Trending","sponsored_post":"0","sponsored_post_label":"Sponsored by","sponsored_post_name":"","sponsored_post_url":"","sponsored_post_logo_enable":"0","sponsored_post_logo":"","sponsored_post_desc":""},"jnews_primary_category":{"id":""},"jnews_social_meta":{"fb_title":"","fb_description":"","fb_image":"","twitter_title":"","twitter_description":"","twitter_image":""},"jnews_review":[],"enable_review":"0","type":"percentage","name":"","summary":"","brand":"","sku":"","good":[{"good_text":""}],"bad":[{"bad_text":""}],"score_override":"","override_value":"","rating":[{"rating_text":"","rating_number":"10"}],"price":[{"shop":"","price":"","link":"","icon":""}],"jnews_override_counter":{"override_view_counter":"0","view_counter_number":"0","override_share_counter":"0","share_counter_number":"0","override_like_counter":"0","like_counter_number":"0","override_dislike_counter":"0","dislike_counter_number":"0"},"jnews_post_split":{"enable_post_split":"0","post_split":[{"template":"1","tag":"h2","numbering":"asc","mode":"normal"}]},"footnotes":""},"categories":[341,122],"tags":[527],"class_list":["post-21376","post","type-post","status-publish","format-standard","has-post-thumbnail","hentry","category-cdp","category-ddhh","tag-derechos-humanos"],"jetpack_featured_media_url":"https:\/\/atecordoba.org\/wp-content\/uploads\/2020\/08\/zoom-ddhh-2.png","_links":{"self":[{"href":"https:\/\/atecordoba.org\/index.php?rest_route=\/wp\/v2\/posts\/21376","targetHints":{"allow":["GET"]}}],"collection":[{"href":"https:\/\/atecordoba.org\/index.php?rest_route=\/wp\/v2\/posts"}],"about":[{"href":"https:\/\/atecordoba.org\/index.php?rest_route=\/wp\/v2\/types\/post"}],"author":[{"embeddable":true,"href":"https:\/\/atecordoba.org\/index.php?rest_route=\/wp\/v2\/users\/7"}],"replies":[{"embeddable":true,"href":"https:\/\/atecordoba.org\/index.php?rest_route=%2Fwp%2Fv2%2Fcomments&post=21376"}],"version-history":[{"count":5,"href":"https:\/\/atecordoba.org\/index.php?rest_route=\/wp\/v2\/posts\/21376\/revisions"}],"predecessor-version":[{"id":21384,"href":"https:\/\/atecordoba.org\/index.php?rest_route=\/wp\/v2\/posts\/21376\/revisions\/21384"}],"wp:featuredmedia":[{"embeddable":true,"href":"https:\/\/atecordoba.org\/index.php?rest_route=\/wp\/v2\/media\/21377"}],"wp:attachment":[{"href":"https:\/\/atecordoba.org\/index.php?rest_route=%2Fwp%2Fv2%2Fmedia&parent=21376"}],"wp:term":[{"taxonomy":"category","embeddable":true,"href":"https:\/\/atecordoba.org\/index.php?rest_route=%2Fwp%2Fv2%2Fcategories&post=21376"},{"taxonomy":"post_tag","embeddable":true,"href":"https:\/\/atecordoba.org\/index.php?rest_route=%2Fwp%2Fv2%2Ftags&post=21376"}],"curies":[{"name":"wp","href":"https:\/\/api.w.org\/{rel}","templated":true}]}}