{"id":21368,"date":"2020-08-21T17:25:39","date_gmt":"2020-08-21T20:25:39","guid":{"rendered":"https:\/\/atecordoba.org\/?p=21368"},"modified":"2020-08-21T17:27:32","modified_gmt":"2020-08-21T20:27:32","slug":"villa-el-libertador-cuarto-traslado-a-las-trabajadoras-y-un-barrio-sin-atencion","status":"publish","type":"post","link":"https:\/\/atecordoba.org\/?p=21368","title":{"rendered":"Villa El Libertador: Cuarto traslado a las trabajadoras y un barrio sin atenci\u00f3n"},"content":{"rendered":"<p><strong>Desde el d\u00eda lunes 24 de agosto las profesionales que prestaban servicios en Villa El Libertador ya no estar\u00e1n m\u00e1s en la zona<\/strong>: ni de manera virtual, ni presencial. <a href=\"https:\/\/atecordoba.org\/?p=12596\"><strong>Luego de cuatro meses de reclamos por la reapertura de EAC de Villa El Libertador<\/strong><\/a> para garantizar el acceso de las\/los vecinos a la atenci\u00f3n en salud mental, las autoridades respondieron hoy con un nuevo traslado, desconociendo totalmente las necesidades de la poblaci\u00f3n, en plena pandemia, y la propia comunicaci\u00f3n emitida desde la Secretar\u00eda de Salud Mental el d\u00eda 26 de junio pasado, <a href=\"https:\/\/atecordoba.org\/?p=20510\">donde notificaba a las trabajadoras que en 30 d\u00edas volver\u00edan a la sede de Villa el Libertador<\/a> a prestar servicios.<\/p>\n<p>Esta vez, el nuevo traslado se resolvi\u00f3 fuera de la zona y a otras dependencias : las dos psic\u00f3logas son enviadas a los CAPS de Barrio Ampliaci\u00f3n Ferreyra y Juan Pablo II, mientras que la enfermera contin\u00faa en Casa del Joven. De esta forma se consuma el cuarto traslado que sufren las Licenciadas Gal\u00e1n y Mamani desde que se decidi\u00f3 cerrar la sede y desmantelar el Equipo de Atenci\u00f3n Comunitaria (EAC) de Villa El Libertador, consolid\u00e1ndose a todas las luces un claro caso de persecusi\u00f3n a trabajadoras que vienen reclamando por sus derechos y los de la poblaci\u00f3n con la que trabajan hace m\u00e1s de 20 a\u00f1os.<\/p>\n<p>Por todos estos motivos es que desde el Consejo Directivo Provincial de ATE C\u00f3rdoba volvemos a insistir en la exigencia al Gobierno de la Provincia de C\u00f3rdoba para que mandate a su cartera de Salud para que cumpla con su rol social que es el de garante del derecho al acceso a la salud a las miles y miles de familias que componen el Barrio Villa El Libertador y que lo haga de la \u00fanica forma posible: respetando a todas y cada una de las personas que trabajan para hacer que las pol\u00edticas se transformen en derecho y calidad de vida para cada una y cada uno de nuestros vecinos y vecinas.<\/p>\n<p style=\"text-align: center;\"><strong>Consejo Directivo Provincial de la Asociaci\u00f3n Trabajadores del Estado (ATE) de C\u00f3rdoba<\/strong><\/p>\n","protected":false},"excerpt":{"rendered":"<p>Desde el d\u00eda lunes 24 de agosto las profesionales que prestaban servicios en Villa El Libertador ya no estar\u00e1n m\u00e1s en la zona: ni de manera virtual, ni presencial. Luego de cuatro meses de reclamos por la reapertura de EAC de Villa El Libertador para garantizar el acceso de las\/los vecinos a la atenci\u00f3n en [&hellip;]<\/p>\n","protected":false},"author":6,"featured_media":18390,"comment_status":"open","ping_status":"open","sticky":false,"template":"","format":"standard","meta":{"_exactmetrics_skip_tracking":false,"_exactmetrics_sitenote_active":false,"_exactmetrics_sitenote_note":"","_exactmetrics_sitenote_category":0,"jnews-multi-image_gallery":[],"jnews_single_post":{"source_name":"","source_url":"","via_name":"","via_url":"","override_template":"0","override":[{"template":"1","single_blog_custom":"","parallax":"1","fullscreen":"0","layout":"right-sidebar","sidebar":"default-sidebar","second_sidebar":"default-sidebar","sticky_sidebar":"1","share_position":"top","share_float_style":"share-monocrhome","show_share_counter":"1","show_view_counter":"1","show_featured":"1","show_post_meta":"1","show_post_author":"1","show_post_author_image":"1","show_post_date":"1","post_date_format":"default","post_date_format_custom":"Y\/m\/d","show_post_category":"1","show_post_reading_time":"0","post_reading_time_wpm":"300","show_zoom_button":"0","zoom_button_out_step":"2","zoom_button_in_step":"3","show_post_tag":"1","show_prev_next_post":"1","show_popup_post":"1","number_popup_post":"1","show_author_box":"0","show_post_related":"0","show_inline_post_related":"0"}],"override_image_size":"0","image_override":[{"single_post_thumbnail_size":"crop-500","single_post_gallery_size":"crop-500"}],"trending_post":"0","trending_post_position":"meta","trending_post_label":"Trending","sponsored_post":"0","sponsored_post_label":"Sponsored by","sponsored_post_name":"","sponsored_post_url":"","sponsored_post_logo_enable":"0","sponsored_post_logo":"","sponsored_post_desc":""},"jnews_primary_category":{"id":""},"jnews_social_meta":{"fb_title":"","fb_description":"","fb_image":"","twitter_title":"","twitter_description":"","twitter_image":""},"jnews_review":[],"enable_review":"0","type":"percentage","name":"","summary":"","brand":"","sku":"","good":[{"good_text":""}],"bad":[{"bad_text":""}],"score_override":"","override_value":"","rating":[{"rating_text":"","rating_number":"10"}],"price":[{"shop":"","price":"","link":"","icon":""}],"jnews_override_counter":{"override_view_counter":"0","view_counter_number":"0","override_share_counter":"0","share_counter_number":"0","override_like_counter":"0","like_counter_number":"0","override_dislike_counter":"0","dislike_counter_number":"0"},"jnews_post_split":{"enable_post_split":"0","post_split":[{"template":"1","tag":"h2","numbering":"asc","mode":"normal"}]},"footnotes":""},"categories":[53,341,104],"tags":[],"class_list":["post-21368","post","type-post","status-publish","format-standard","has-post-thumbnail","hentry","category-comunicados-de-prensa","category-cdp","category-departamento-de-salud"],"jetpack_featured_media_url":"https:\/\/atecordoba.org\/wp-content\/uploads\/2020\/05\/Salud-Mental-Villa-El-Libertador-1024x768.jpg","_links":{"self":[{"href":"https:\/\/atecordoba.org\/index.php?rest_route=\/wp\/v2\/posts\/21368","targetHints":{"allow":["GET"]}}],"collection":[{"href":"https:\/\/atecordoba.org\/index.php?rest_route=\/wp\/v2\/posts"}],"about":[{"href":"https:\/\/atecordoba.org\/index.php?rest_route=\/wp\/v2\/types\/post"}],"author":[{"embeddable":true,"href":"https:\/\/atecordoba.org\/index.php?rest_route=\/wp\/v2\/users\/6"}],"replies":[{"embeddable":true,"href":"https:\/\/atecordoba.org\/index.php?rest_route=%2Fwp%2Fv2%2Fcomments&post=21368"}],"version-history":[{"count":2,"href":"https:\/\/atecordoba.org\/index.php?rest_route=\/wp\/v2\/posts\/21368\/revisions"}],"predecessor-version":[{"id":21370,"href":"https:\/\/atecordoba.org\/index.php?rest_route=\/wp\/v2\/posts\/21368\/revisions\/21370"}],"wp:featuredmedia":[{"embeddable":true,"href":"https:\/\/atecordoba.org\/index.php?rest_route=\/wp\/v2\/media\/18390"}],"wp:attachment":[{"href":"https:\/\/atecordoba.org\/index.php?rest_route=%2Fwp%2Fv2%2Fmedia&parent=21368"}],"wp:term":[{"taxonomy":"category","embeddable":true,"href":"https:\/\/atecordoba.org\/index.php?rest_route=%2Fwp%2Fv2%2Fcategories&post=21368"},{"taxonomy":"post_tag","embeddable":true,"href":"https:\/\/atecordoba.org\/index.php?rest_route=%2Fwp%2Fv2%2Ftags&post=21368"}],"curies":[{"name":"wp","href":"https:\/\/api.w.org\/{rel}","templated":true}]}}