{"id":21365,"date":"2020-08-21T14:31:31","date_gmt":"2020-08-21T17:31:31","guid":{"rendered":"https:\/\/atecordoba.org\/?p=21365"},"modified":"2020-08-21T14:41:36","modified_gmt":"2020-08-21T17:41:36","slug":"fabricaciones-militares-firmo-nuevos-convenios-y-trabajadores-apuestan-a-recuperar-la-empresa","status":"publish","type":"post","link":"https:\/\/atecordoba.org\/?p=21365","title":{"rendered":"Fabricaciones Militares firm\u00f3 nuevos convenios y trabajadores apuestan a &#8220;recuperar la empresa&#8221;"},"content":{"rendered":"<p><img loading=\"lazy\" decoding=\"async\" class=\"size-medium wp-image-20788 alignleft\" src=\"https:\/\/atecordoba.org\/wp-content\/uploads\/2020\/07\/fernando-mercado-281x300.jpg\" alt=\"\" width=\"281\" height=\"300\" srcset=\"https:\/\/atecordoba.org\/wp-content\/uploads\/2020\/07\/fernando-mercado-281x300.jpg 281w, https:\/\/atecordoba.org\/wp-content\/uploads\/2020\/07\/fernando-mercado.jpg 450w\" sizes=\"auto, (max-width: 281px) 100vw, 281px\" \/><\/p>\n<p>En el transcurso de la semana, el Directorio de Fabricaciones Militares anunci\u00f3 nuevos convenios con distintos sectores de la sociedad. Ante esto, el secretario general de la Asociaci\u00f3n de Trabajadores Estatales (ATE), Fernando Mercado, manifest\u00f3 que han sido gratos y que esperan el incremento de la producci\u00f3n para la reincorporaci\u00f3n de los despedidos en todas las empresas a nivel nacional.<br \/>\nEn este sentido, coment\u00f3 que realizaron un plenario entre todos los empleados con el fin de unificar una agenda y presentar proyectos. En el caso de Villa Mar\u00eda, sostuvo que buscar\u00e1n \u201cla recuperaci\u00f3n de la empresa\u201d y que retornen a sus actividades -en una primera instancia- 55 de los 78 trabajadores despedidos.<\/p>\n<p><strong>Anuncios<br \/>\n<\/strong>El sindicalista precis\u00f3 que dentro de los anuncios del Directorio, garantizaron los salarios hasta diciembre pero advirtieron que en el a\u00f1o entrante discutir\u00e1n el presupuesto de haber mensual debido a que la situaci\u00f3n contin\u00faa como en los \u00faltimos 4 a\u00f1os.<br \/>\nAsimismo, fueron firmados nuevos convenios para la fabricaci\u00f3n de vagones, chalecos, balas para las fuerzas de seguridad -Polic\u00eda Federal, Gendarmer\u00eda- y acuerdos para la producci\u00f3n de insumos para la explotaci\u00f3n minera.<br \/>\nDesde esta perspectiva, Mercado explic\u00f3 que los anuncios \u201csignifican m\u00e1s producci\u00f3n y m\u00e1s trabajadores\u201d, cumpli\u00e9ndose as\u00ed el anhelo de concretar la reincorporaci\u00f3n como fuera anunciado por el directorio.<br \/>\nEn torno a la producci\u00f3n, Mercado aclar\u00f3 que en base a los anuncios del gobierno nacional, el directorio y el ministro de Defensa de la Naci\u00f3n, Agust\u00edn Rossi, habr\u00e1 partidas y tambi\u00e9n ventas propias de fabricaciones militares. \u201cLa tarea se ir\u00e1 haciendo m\u00e1s f\u00e1cil a medida que aumenten los niveles productivos\u201d, indic\u00f3.<br \/>\nSobre los productos a fabricar, el secretario describi\u00f3 que aluden al \u201cretorno del trabajador\u201d. Ejemplific\u00f3 que las balas llevan p\u00f3lvora que es generada en Villa Mar\u00eda, como tambi\u00e9n las voladoras.<\/p>\n<p><strong>Agendas<br \/>\n<\/strong>En el plenario, realizado el martes, Mercado afirm\u00f3 que los trabajadores fijaron una agenda \u201cdonde el eje central es la recuperaci\u00f3n de la empresa a nivel edilicio, maquinaria y de inversiones\u201d.<br \/>\nAdem\u00e1s, sostuvo que pedir\u00e1n una audiencia para presentar los proyectos y concreten los anuncios sobre la restituci\u00f3n de los trabajadores despedidos sobre las vacantes que los convenios generar\u00e1n.<br \/>\nEn relaci\u00f3n a esto, asever\u00f3: \u201cNosotros primero tenemos que poner en valor nuestra empresa, para eso necesitamos inversiones y uno de los recursos m\u00e1s importantes es el humano, que lo tenemos. Porque dentro de los despedidos hay compa\u00f1eros que realizan todos tipos de tareas\u201d.<\/p>\n<p><strong>Villa Mar\u00eda<br \/>\n<\/strong>Dentro de los proyectos, desde Villa Mar\u00eda pedir\u00e1n la recuperaci\u00f3n de la f\u00e1brica local pero tambi\u00e9n la reincorporaci\u00f3n de 55 de los 78 trabajadores despedidos. En este sentido, Mercado asever\u00f3 que entreg\u00f3 un informe detallado sobre aquellos que desean volver a trabajar.<br \/>\nAl respecto, declar\u00f3: \u201cEsperamos que tomemos los 55 y sigamos creciendo como a nivel del 2015 con la cantidad de trabajadores y niveles productivos, volver a ser una empresa pujante porque dem\u00e1s est\u00e1 el nivel de los productos de fabricaciones que son representados por la calidad de los productos\u201d.<\/p>\n<p><strong>Convenios<br \/>\n<\/strong>En torno a cu\u00e1ndo comienza la producci\u00f3n respectiva a los convenios, el representante de los trabajadores indic\u00f3: \u201cNo sabemos a\u00fan cu\u00e1ndo ponen en marcha pero nos quedamos tranquilos porque la materia prima ya est\u00e1 disponible. Ser\u00e1 cuesti\u00f3n de que empiece de inmediato la fabricaci\u00f3n para cumplir los convenios\u201d.<br \/>\nAsimismo, adelant\u00f3 que los detalles podr\u00e1n darse la semana que viene en la reuni\u00f3n con el Directorio. Por otro lado, explic\u00f3 que el aumento de la producci\u00f3n permitir\u00e1 generar las vacantes para ser ocupadas por los despedidos.<br \/>\nAl respecto, remarc\u00f3: \u201cFabricaciones es una familia, nos alegra que se hayan sumado 4 compa\u00f1eros despedidos, nos da felicidad. Significa que la palabra que empe\u00f1aron la empezaron a cumplir\u201d y agreg\u00f3: \u201cCon un poco m\u00e1s de paciencia vamos a lograr que los 55 compa\u00f1eros que perdieron la dignidad, recuperen el trabajo\u201d.<\/p>\n","protected":false},"excerpt":{"rendered":"<p>En el transcurso de la semana, el Directorio de Fabricaciones Militares anunci\u00f3 nuevos convenios con distintos sectores de la sociedad. Ante esto, el secretario general de la Asociaci\u00f3n de Trabajadores Estatales (ATE), Fernando Mercado, manifest\u00f3 que han sido gratos y que esperan el incremento de la producci\u00f3n para la reincorporaci\u00f3n de los despedidos en todas [&hellip;]<\/p>\n","protected":false},"author":6,"featured_media":20788,"comment_status":"open","ping_status":"open","sticky":false,"template":"","format":"standard","meta":{"_exactmetrics_skip_tracking":false,"_exactmetrics_sitenote_active":false,"_exactmetrics_sitenote_note":"","_exactmetrics_sitenote_category":0,"jnews-multi-image_gallery":[],"jnews_single_post":{"source_name":"","source_url":"","via_name":"","via_url":"","override_template":"0","override":[{"template":"1","single_blog_custom":"","parallax":"1","fullscreen":"0","layout":"right-sidebar","sidebar":"default-sidebar","second_sidebar":"default-sidebar","sticky_sidebar":"1","share_position":"top","share_float_style":"share-monocrhome","show_share_counter":"1","show_view_counter":"1","show_featured":"1","show_post_meta":"1","show_post_author":"1","show_post_author_image":"1","show_post_date":"1","post_date_format":"default","post_date_format_custom":"Y\/m\/d","show_post_category":"1","show_post_reading_time":"0","post_reading_time_wpm":"300","show_zoom_button":"0","zoom_button_out_step":"2","zoom_button_in_step":"3","show_post_tag":"1","show_prev_next_post":"1","show_popup_post":"1","number_popup_post":"1","show_author_box":"0","show_post_related":"0","show_inline_post_related":"0"}],"override_image_size":"0","image_override":[{"single_post_thumbnail_size":"crop-500","single_post_gallery_size":"crop-500"}],"trending_post":"0","trending_post_position":"meta","trending_post_label":"Trending","sponsored_post":"0","sponsored_post_label":"Sponsored by","sponsored_post_name":"","sponsored_post_url":"","sponsored_post_logo_enable":"0","sponsored_post_logo":"","sponsored_post_desc":""},"jnews_primary_category":{"id":""},"jnews_social_meta":{"fb_title":"","fb_description":"","fb_image":"","twitter_title":"","twitter_description":"","twitter_image":""},"jnews_review":[],"enable_review":"0","type":"percentage","name":"","summary":"","brand":"","sku":"","good":[{"good_text":""}],"bad":[{"bad_text":""}],"score_override":"","override_value":"","rating":[{"rating_text":"","rating_number":"10"}],"price":[{"shop":"","price":"","link":"","icon":""}],"jnews_override_counter":{"override_view_counter":"0","view_counter_number":"0","override_share_counter":"0","share_counter_number":"0","override_like_counter":"0","like_counter_number":"0","override_dislike_counter":"0","dislike_counter_number":"0"},"jnews_post_split":{"enable_post_split":"0","post_split":[{"template":"1","tag":"h2","numbering":"asc","mode":"normal"}]},"footnotes":""},"categories":[18,14],"tags":[],"class_list":["post-21365","post","type-post","status-publish","format-standard","has-post-thumbnail","hentry","category-nacionales","category-villa-maria"],"jetpack_featured_media_url":"https:\/\/atecordoba.org\/wp-content\/uploads\/2020\/07\/fernando-mercado.jpg","_links":{"self":[{"href":"https:\/\/atecordoba.org\/index.php?rest_route=\/wp\/v2\/posts\/21365","targetHints":{"allow":["GET"]}}],"collection":[{"href":"https:\/\/atecordoba.org\/index.php?rest_route=\/wp\/v2\/posts"}],"about":[{"href":"https:\/\/atecordoba.org\/index.php?rest_route=\/wp\/v2\/types\/post"}],"author":[{"embeddable":true,"href":"https:\/\/atecordoba.org\/index.php?rest_route=\/wp\/v2\/users\/6"}],"replies":[{"embeddable":true,"href":"https:\/\/atecordoba.org\/index.php?rest_route=%2Fwp%2Fv2%2Fcomments&post=21365"}],"version-history":[{"count":2,"href":"https:\/\/atecordoba.org\/index.php?rest_route=\/wp\/v2\/posts\/21365\/revisions"}],"predecessor-version":[{"id":21367,"href":"https:\/\/atecordoba.org\/index.php?rest_route=\/wp\/v2\/posts\/21365\/revisions\/21367"}],"wp:featuredmedia":[{"embeddable":true,"href":"https:\/\/atecordoba.org\/index.php?rest_route=\/wp\/v2\/media\/20788"}],"wp:attachment":[{"href":"https:\/\/atecordoba.org\/index.php?rest_route=%2Fwp%2Fv2%2Fmedia&parent=21365"}],"wp:term":[{"taxonomy":"category","embeddable":true,"href":"https:\/\/atecordoba.org\/index.php?rest_route=%2Fwp%2Fv2%2Fcategories&post=21365"},{"taxonomy":"post_tag","embeddable":true,"href":"https:\/\/atecordoba.org\/index.php?rest_route=%2Fwp%2Fv2%2Ftags&post=21365"}],"curies":[{"name":"wp","href":"https:\/\/api.w.org\/{rel}","templated":true}]}}