{"id":21360,"date":"2020-08-21T13:26:30","date_gmt":"2020-08-21T16:26:30","guid":{"rendered":"https:\/\/atecordoba.org\/?p=21360"},"modified":"2020-08-21T13:26:30","modified_gmt":"2020-08-21T16:26:30","slug":"primer-plenario-federal-de-trabajadoras-de-senasa","status":"publish","type":"post","link":"https:\/\/atecordoba.org\/?p=21360","title":{"rendered":"Primer plenario federal de trabajadoras de SENASA"},"content":{"rendered":"<p><img loading=\"lazy\" decoding=\"async\" class=\" wp-image-21362 aligncenter\" src=\"https:\/\/atecordoba.org\/wp-content\/uploads\/2020\/08\/IMG-20200820-WA0381-300x174.jpg\" alt=\"\" width=\"604\" height=\"350\" srcset=\"https:\/\/atecordoba.org\/wp-content\/uploads\/2020\/08\/IMG-20200820-WA0381-300x174.jpg 300w, https:\/\/atecordoba.org\/wp-content\/uploads\/2020\/08\/IMG-20200820-WA0381-1024x594.jpg 1024w, https:\/\/atecordoba.org\/wp-content\/uploads\/2020\/08\/IMG-20200820-WA0381-768x446.jpg 768w, https:\/\/atecordoba.org\/wp-content\/uploads\/2020\/08\/IMG-20200820-WA0381-750x435.jpg 750w, https:\/\/atecordoba.org\/wp-content\/uploads\/2020\/08\/IMG-20200820-WA0381-1140x662.jpg 1140w, https:\/\/atecordoba.org\/wp-content\/uploads\/2020\/08\/IMG-20200820-WA0381.jpg 1280w\" sizes=\"auto, (max-width: 604px) 100vw, 604px\" \/>La actividad de SENASA representado por las integrantes de la l\u00ednea fundacional de la Mesa Federal de Mujeres Trabajadoras: Carmen Mendez Az\u00f3n, Marianela P\u00e9rez, Alejandra Agnone, Carina Maloberti y Fabiana Garc\u00eda.<\/p>\n<p>Cabe recordar que la Mesa de trabajadoras inici\u00f3 su recorrido en la provincia de Santa Fe y hoy tiene car\u00e1cter federal, reconocido dentro del SENASA, por el generando redes de acci\u00f3n en el resto de la Administraci\u00f3n P\u00fablica Nacional.<\/p>\n<p>\u201cEste \u00e1mbito, que nos identifica y moviliza, es un espacio de intercambio inclusivo, plural y federal, de escucha de <img loading=\"lazy\" decoding=\"async\" class=\" wp-image-21363 alignright\" src=\"https:\/\/atecordoba.org\/wp-content\/uploads\/2020\/08\/IMG-20200820-WA0379-300x169.jpg\" alt=\"\" width=\"528\" height=\"297\" srcset=\"https:\/\/atecordoba.org\/wp-content\/uploads\/2020\/08\/IMG-20200820-WA0379-300x169.jpg 300w, https:\/\/atecordoba.org\/wp-content\/uploads\/2020\/08\/IMG-20200820-WA0379-1024x578.jpg 1024w, https:\/\/atecordoba.org\/wp-content\/uploads\/2020\/08\/IMG-20200820-WA0379-768x433.jpg 768w, https:\/\/atecordoba.org\/wp-content\/uploads\/2020\/08\/IMG-20200820-WA0379-750x423.jpg 750w, https:\/\/atecordoba.org\/wp-content\/uploads\/2020\/08\/IMG-20200820-WA0379-1140x643.jpg 1140w, https:\/\/atecordoba.org\/wp-content\/uploads\/2020\/08\/IMG-20200820-WA0379.jpg 1280w\" sizes=\"auto, (max-width: 528px) 100vw, 528px\" \/>acci\u00f3n para el avance en proyectos con perspectiva de g\u00e9nero y de aplicaci\u00f3n rea en todo el territorio\u201d, resumieron durante el foro.<\/p>\n<p>En la oportunidad, disertaron desde el Ministerio de la Mujer, G\u00e9nero y Diversidad, por la Direcci\u00f3n de Capacitaci\u00f3n al Sector P\u00fablico en G\u00e9nero y Diversidad su directora, Micaela Garibaldi; por la Direcci\u00f3n Nacional de Formaci\u00f3n y Capacitaci\u00f3n en g\u00e9nero y diversidad su Directora, Victoria Obreg\u00f3n.<\/p>\n<p>Por SENASA, la apertura a cargo del ingeniero Carlos Paz, qui\u00e9n resalt\u00f3 la importancia de los proyectos transversales con perspectiva de g\u00e9nero y felicit\u00f3 a las trabajadoras por los espacios de acci\u00f3n generados.<\/p>\n<p>A su vez, Mariela Fortunato, responsable de la implementaci\u00f3n Capacitaci\u00f3n Ley Micaela, realiz\u00f3 la presentaci\u00f3n del \u201cPrograma de transversalizaci\u00f3n con perspectiva de g\u00e9nero en el Organismo\u201d.<\/p>\n<p>Posteriormente hizo uso de la palabra la directora Nacional de Sanidad Animal \u201cDesaf\u00edo de la Mujer trabajadora en el SENASA\u201d, Ximena Mel\u00f3n.<\/p>\n<p>Las integrantes de la l\u00ednea fundacional explicaron el desarrollo del espacio, como un movimiento espont\u00e1neo que se origin\u00f3 en Santa Fe y hoy concluye en un plenario Federal.<\/p>\n<p>Por el Ministerio de Agricultura, Ganader\u00eda y Pesca de la Naci\u00f3n, Cecilia Moreno, referente de G\u00e9nero, destac\u00f3 la relevancia de los espacios participativos de g\u00e9nero en el Sector P\u00fablico.<\/p>\n<p><img loading=\"lazy\" decoding=\"async\" class=\" wp-image-21361 alignleft\" src=\"https:\/\/atecordoba.org\/wp-content\/uploads\/2020\/08\/IMG-20200820-WA0380-300x191.jpg\" alt=\"\" width=\"512\" height=\"326\" srcset=\"https:\/\/atecordoba.org\/wp-content\/uploads\/2020\/08\/IMG-20200820-WA0380-300x191.jpg 300w, https:\/\/atecordoba.org\/wp-content\/uploads\/2020\/08\/IMG-20200820-WA0380-1024x652.jpg 1024w, https:\/\/atecordoba.org\/wp-content\/uploads\/2020\/08\/IMG-20200820-WA0380-768x489.jpg 768w, https:\/\/atecordoba.org\/wp-content\/uploads\/2020\/08\/IMG-20200820-WA0380-750x478.jpg 750w, https:\/\/atecordoba.org\/wp-content\/uploads\/2020\/08\/IMG-20200820-WA0380-1140x726.jpg 1140w, https:\/\/atecordoba.org\/wp-content\/uploads\/2020\/08\/IMG-20200820-WA0380.jpg 1280w\" sizes=\"auto, (max-width: 512px) 100vw, 512px\" \/><\/p>\n<p>Adem\u00e1s se sumaron los testimonios de Natalia Fur\u00f3n, trabajadora contratada monotributista y Carina Montes, trabajadora despedida durante la gesti\u00f3n macrista.<\/p>\n<p>A su turno, la representante de C\u00f3rdoba, Alejandra Agnone, expres\u00f3 su reconocimiento de la importante actividad, se\u00f1alando que \u201chemos logrado conformar una mesa Federal de trabajadoras del SENASA, y logramos el reconocimiento del organismo, y como tal podr\u00edamos llegar a ser un mesa consultiva en \u00e1mbitos paritarios sectoriales y otros espacios desde el Ministerio de la Mujer\u201d.<\/p>\n<p>Agnone se manifest\u00f3 muy feliz. \u201cLes comparto el gran avance de lo que empez\u00f3 siendo una reuni\u00f3n regional, se va transformando d\u00eda tras d\u00eda en algo m\u00e1s grande y tan necesario para las mujeres de un organismo tan verticalista y machista como el nuestro\u201d.<\/p>\n","protected":false},"excerpt":{"rendered":"<p>La actividad de SENASA representado por las integrantes de la l\u00ednea fundacional de la Mesa Federal de Mujeres Trabajadoras: Carmen Mendez Az\u00f3n, Marianela P\u00e9rez, Alejandra Agnone, Carina Maloberti y Fabiana Garc\u00eda. Cabe recordar que la Mesa de trabajadoras inici\u00f3 su recorrido en la provincia de Santa Fe y hoy tiene car\u00e1cter federal, reconocido dentro del [&hellip;]<\/p>\n","protected":false},"author":7,"featured_media":21362,"comment_status":"open","ping_status":"open","sticky":true,"template":"","format":"standard","meta":{"_exactmetrics_skip_tracking":false,"_exactmetrics_sitenote_active":false,"_exactmetrics_sitenote_note":"","_exactmetrics_sitenote_category":0,"jnews-multi-image_gallery":[],"jnews_single_post":{"source_name":"","source_url":"","via_name":"","via_url":"","override_template":"0","override":[{"template":"1","single_blog_custom":"","parallax":"1","fullscreen":"0","layout":"right-sidebar","sidebar":"default-sidebar","second_sidebar":"default-sidebar","sticky_sidebar":"1","share_position":"top","share_float_style":"share-monocrhome","show_share_counter":"1","show_view_counter":"1","show_featured":"1","show_post_meta":"1","show_post_author":"1","show_post_author_image":"1","show_post_date":"1","post_date_format":"default","post_date_format_custom":"Y\/m\/d","show_post_category":"1","show_post_reading_time":"0","post_reading_time_wpm":"300","show_zoom_button":"0","zoom_button_out_step":"2","zoom_button_in_step":"3","show_post_tag":"1","show_prev_next_post":"1","show_popup_post":"1","number_popup_post":"1","show_author_box":"0","show_post_related":"0","show_inline_post_related":"0"}],"override_image_size":"0","image_override":[{"single_post_thumbnail_size":"crop-500","single_post_gallery_size":"crop-500"}],"trending_post":"0","trending_post_position":"meta","trending_post_label":"Trending","sponsored_post":"0","sponsored_post_label":"Sponsored by","sponsored_post_name":"","sponsored_post_url":"","sponsored_post_logo_enable":"0","sponsored_post_logo":"","sponsored_post_desc":""},"jnews_primary_category":{"id":""},"jnews_social_meta":{"fb_title":"","fb_description":"","fb_image":"","twitter_title":"","twitter_description":"","twitter_image":""},"jnews_review":[],"enable_review":"0","type":"percentage","name":"","summary":"","brand":"","sku":"","good":[{"good_text":""}],"bad":[{"bad_text":""}],"score_override":"","override_value":"","rating":[{"rating_text":"","rating_number":"10"}],"price":[{"shop":"","price":"","link":"","icon":""}],"jnews_override_counter":{"override_view_counter":"0","view_counter_number":"0","override_share_counter":"0","share_counter_number":"0","override_like_counter":"0","like_counter_number":"0","override_dislike_counter":"0","dislike_counter_number":"0"},"jnews_post_split":{"enable_post_split":"0","post_split":[{"template":"1","tag":"h2","numbering":"asc","mode":"normal"}]},"footnotes":""},"categories":[341,325,18],"tags":[46],"class_list":["post-21360","post","type-post","status-publish","format-standard","has-post-thumbnail","hentry","category-cdp","category-generos-y-diversidades","category-nacionales","tag-senasa"],"jetpack_featured_media_url":"https:\/\/atecordoba.org\/wp-content\/uploads\/2020\/08\/IMG-20200820-WA0381.jpg","_links":{"self":[{"href":"https:\/\/atecordoba.org\/index.php?rest_route=\/wp\/v2\/posts\/21360","targetHints":{"allow":["GET"]}}],"collection":[{"href":"https:\/\/atecordoba.org\/index.php?rest_route=\/wp\/v2\/posts"}],"about":[{"href":"https:\/\/atecordoba.org\/index.php?rest_route=\/wp\/v2\/types\/post"}],"author":[{"embeddable":true,"href":"https:\/\/atecordoba.org\/index.php?rest_route=\/wp\/v2\/users\/7"}],"replies":[{"embeddable":true,"href":"https:\/\/atecordoba.org\/index.php?rest_route=%2Fwp%2Fv2%2Fcomments&post=21360"}],"version-history":[{"count":1,"href":"https:\/\/atecordoba.org\/index.php?rest_route=\/wp\/v2\/posts\/21360\/revisions"}],"predecessor-version":[{"id":21364,"href":"https:\/\/atecordoba.org\/index.php?rest_route=\/wp\/v2\/posts\/21360\/revisions\/21364"}],"wp:featuredmedia":[{"embeddable":true,"href":"https:\/\/atecordoba.org\/index.php?rest_route=\/wp\/v2\/media\/21362"}],"wp:attachment":[{"href":"https:\/\/atecordoba.org\/index.php?rest_route=%2Fwp%2Fv2%2Fmedia&parent=21360"}],"wp:term":[{"taxonomy":"category","embeddable":true,"href":"https:\/\/atecordoba.org\/index.php?rest_route=%2Fwp%2Fv2%2Fcategories&post=21360"},{"taxonomy":"post_tag","embeddable":true,"href":"https:\/\/atecordoba.org\/index.php?rest_route=%2Fwp%2Fv2%2Ftags&post=21360"}],"curies":[{"name":"wp","href":"https:\/\/api.w.org\/{rel}","templated":true}]}}