{"id":21356,"date":"2020-08-21T13:08:50","date_gmt":"2020-08-21T16:08:50","guid":{"rendered":"https:\/\/atecordoba.org\/?p=21356"},"modified":"2020-08-21T19:29:22","modified_gmt":"2020-08-21T22:29:22","slug":"ddhh-se-cumplio-la-primera-jornada-con-la-participacion-de-importantes-referentes","status":"publish","type":"post","link":"https:\/\/atecordoba.org\/?p=21356","title":{"rendered":"DDHH: se cumpli\u00f3 la primera jornada con la participaci\u00f3n de importantes referentes"},"content":{"rendered":"<p>El pasado mi\u00e9rcoles se cumpli\u00f3 la primera de las jornadas de charla-debate organizadas por la Secretar\u00eda de<\/p>\n<p><img loading=\"lazy\" decoding=\"async\" class=\" wp-image-21357 aligncenter\" src=\"https:\/\/atecordoba.org\/wp-content\/uploads\/2020\/08\/WhatsApp-Image-2020-08-20-at-09.27.54-300x188.jpeg\" alt=\"\" width=\"608\" height=\"381\" srcset=\"https:\/\/atecordoba.org\/wp-content\/uploads\/2020\/08\/WhatsApp-Image-2020-08-20-at-09.27.54-300x188.jpeg 300w, https:\/\/atecordoba.org\/wp-content\/uploads\/2020\/08\/WhatsApp-Image-2020-08-20-at-09.27.54-1024x640.jpeg 1024w, https:\/\/atecordoba.org\/wp-content\/uploads\/2020\/08\/WhatsApp-Image-2020-08-20-at-09.27.54-768x480.jpeg 768w, https:\/\/atecordoba.org\/wp-content\/uploads\/2020\/08\/WhatsApp-Image-2020-08-20-at-09.27.54-750x469.jpeg 750w, https:\/\/atecordoba.org\/wp-content\/uploads\/2020\/08\/WhatsApp-Image-2020-08-20-at-09.27.54-1140x713.jpeg 1140w, https:\/\/atecordoba.org\/wp-content\/uploads\/2020\/08\/WhatsApp-Image-2020-08-20-at-09.27.54.jpeg 1280w\" sizes=\"auto, (max-width: 608px) 100vw, 608px\" \/><\/p>\n<p>formaci\u00f3n del Consejo Directivo Provincial, denominadas &#8216;Pasado presente futuro de los derechos humanos en C\u00f3rdoba y Argentina&#8217;.<\/p>\n<p>La actividad cont\u00f3 con la presentaci\u00f3n del secretario General, Federico Giuliani, y el secretario de Formaci\u00f3n, C\u00e9sar Theaux, y la coordinaci\u00f3n de la secretaria de Prensa, Julia Giuliani.<\/p>\n<p>Como panelistas participaron, seg\u00fan su orden de aparici\u00f3n, la abogada de Abuelas de Plaza de Mayo, Patricia Chalub, el ex secretario de DDHH de la Naci\u00f3n y titular del Observatorio de DDHH en el Senador de la Naci\u00f3n, Mart\u00edn Fresneda, y el abogado de la Liga Argentina de los DDHH y litigando en causas de lesa humanidad, julio C\u00e9sar Mart\u00ednez.<\/p>\n<p>La charla se realiz\u00f3 con la modalidad virtual y cont\u00f3 con la acompa\u00f1amiento de numerosos compa\u00f1eros de ATE y de organizaciones hermanas. La compa\u00f1era Mar\u00eda Jos\u00e9 Cano, de ATE Nacional e integrante del Departamento de DDHH, trajo el saludo del secretario General de ATE, Hugo Godoy, imposibilitado de participar.<\/p>\n<p>Tambi\u00e9n se destac\u00f3 la presencia de Juan Carlos Giuliani, dirigente y ex preso pol\u00edtico de la dictadura, Nicol\u00e1s Castiglione, de Abuelas de Plaza de Mayo, junto a la artista popular Garba y la fot\u00f3grafa Mercedes Ferreyra, que retrat\u00f3 juicios de lesa humanidad en C\u00f3rdoba.<\/p>\n<p>En principio, C\u00e9sar Theaux introdujo la charla-debate afirmando que &#8220;desde que asumimos en noviembre tomamos la definici\u00f3n que dentro de la formaci\u00f3n de las y los afiliados, delegados, y compa\u00f1eros estar\u00e1 presente la tem\u00e1tica de DDHH. El taller \u2018pasado presente futuro\u2019 expresa el concepto que no hay cortes, que es solo una larga palabra -m\u00e1s all\u00e1 de alg\u00fan corte metodol\u00f3gico para situarnos- donde no hay rupturas y las distintas palabras forman parte de lo mismo. Son los ejes por los que los trabajadores vamos a tener que discutir a partir de esta pandemia las condiciones laborales, que no son solo una cuesti\u00f3n laboral sino que est\u00e1n cortadas por las cuestiones de los DDHH donde los g\u00e9neros son muy importantes&#8221;.<\/p>\n<p>Seguidamente, Federico Giuliani agradeci\u00f3 la participaci\u00f3n de los presentes asegurando que se trata en parte de &#8220;un homenaje a la memoria pasada de la generaci\u00f3n de los \u201970, lo digo como hijo de un preso pol\u00edtico que tambi\u00e9n fue v\u00edctima del terrorismo de Estado. Desde ATE es fundamental que las y los trabajadores no solo podamos debatir los DDHH sino que tambi\u00e9n podamos ser capaces de generar instancias de este tipo, como militantes del campo popular. En medio de esta pandemia rechazamos el rol y la legitimidad que se le dan a las fuerzas represivas del Estado. En eso hay que remarcar la cantidad de casos de atropello policial, de gatillo f\u00e1cil, y nos muestra que a\u00fan hoy sigue habiendo criminalizaci\u00f3n de la pobreza y la juventud&#8221;.<\/p>\n<p>El dirigente dijo en otro p\u00e1rrafo que &#8220;seguimos peleando contra la judicializaci\u00f3n de las y los dirigentes del campo popular, que tienen causas o est\u00e1n presos por luchar. Por eso es un orgullo que est\u00e9 presente el viernes la compa\u00f1era Milagro Sala, que es presa pol\u00edtica del gobierno de Morales, y aun hoy no fue liberada, a nueve meses de asumido el nuevo gobierno nacional&#8221;.<\/p>\n<p>Al mismo tiempo, Giuliani destac\u00f3 como pol\u00edtica institucional de su etapa de conducci\u00f3n la creaci\u00f3n del Departamento de DDHH en el seno del CDP, que estar\u00e1 a cargo de Theaux, destacando que la resoluci\u00f3n &#8220;nos pone a la vanguardia como trabajadores estatales que un sindicato en C\u00f3rdoba tenga un espacio de estas caracter\u00edsticas&#8221; y ley\u00f3 la resoluci\u00f3n y sus fundamentos.<\/p>\n<p>Posteriormente, Garba evalu\u00f3 como &#8220;un privilegio participar en una actividad donde se entiende a la cultura como parte de los DDHH\u00a0 de las y los trabajadores. Como militante de DDHH y de un peronismo popular, creo que la cultura es una necesidad para que seamos mejor gente, mejor comunidad, construyendo el futuro desde el presente, recordando el pasado permanentemente&#8221;.<\/p>\n<p>La artista cont\u00f3 su experiencias personal que expresar la aproximaci\u00f3n de que pueden tener muchas personas con los DDHH. &#8220;Hace unos a\u00f1os, a la noche, dieron la noticia de la recuperaci\u00f3n de otro nieto. Cuando compart\u00ed la foto en las redes sociales de quien era el padre desaparecido de este nieto, me llamo mi madrina desde Buenos Aires, hac\u00eda a\u00f1os que no sab\u00eda nada de ella. Me pidi\u00f3 que mirara bien la foto, y reconoc\u00ed a un amigo de cuando \u00e9ramos chicos, que conoc\u00ed con otro nombre. Y lo pude llamar con el nombre que le hab\u00edan puesto sus verdaderos padres. Ahora nos re\u00edmos y decimos que nos conocemos de varias vidas, a veces el pasado, el presente, y el futuro se juntan en una misma historia. La de Pablo es una historia como la de tantos, gracias a esas abuelas que d\u00eda a d\u00eda siguen buscando hasta que estemos todas, todos y todes en este \u00e1lbum familiar.\u00a0Esta historia cuenta bastante esto que nos pasa: somos eso que fuimos y eso que recordamos&#8221;.<\/p>\n<p><img loading=\"lazy\" decoding=\"async\" class=\" wp-image-21358 aligncenter\" src=\"https:\/\/atecordoba.org\/wp-content\/uploads\/2020\/08\/WhatsApp-Image-2020-08-20-at-09.27.54-1-300x188.jpeg\" alt=\"\" width=\"605\" height=\"379\" srcset=\"https:\/\/atecordoba.org\/wp-content\/uploads\/2020\/08\/WhatsApp-Image-2020-08-20-at-09.27.54-1-300x188.jpeg 300w, https:\/\/atecordoba.org\/wp-content\/uploads\/2020\/08\/WhatsApp-Image-2020-08-20-at-09.27.54-1-1024x640.jpeg 1024w, https:\/\/atecordoba.org\/wp-content\/uploads\/2020\/08\/WhatsApp-Image-2020-08-20-at-09.27.54-1-768x480.jpeg 768w, https:\/\/atecordoba.org\/wp-content\/uploads\/2020\/08\/WhatsApp-Image-2020-08-20-at-09.27.54-1-750x469.jpeg 750w, https:\/\/atecordoba.org\/wp-content\/uploads\/2020\/08\/WhatsApp-Image-2020-08-20-at-09.27.54-1-1140x713.jpeg 1140w, https:\/\/atecordoba.org\/wp-content\/uploads\/2020\/08\/WhatsApp-Image-2020-08-20-at-09.27.54-1.jpeg 1280w\" sizes=\"auto, (max-width: 605px) 100vw, 605px\" \/><\/p>\n<p><strong>Las Abuelas<\/strong><\/p>\n<p>Seguidamente hizo uso de la palabra la abogada de Abuelas de Plaza de Mayo Patricia Chalub, que hizo un racconto de la lucha por los DDHH a partir de la recuperaci\u00f3n de la democracia, afirmando que &#8220;durante el gobierno de Ra\u00fal Alfons\u00edn se realiz\u00f3 el muy importante juicio a las juntas, que determin\u00f3 responsabilidades, aunque de manera parcial porque hubo autores de cr\u00edmenes de lesa humanidad que quedaron afuera de esas condenas. Fue un avance ese juicio como fue un retroceso las leyes de punto final y obediencia debida.<\/p>\n<p>&#8220;Hay que mencionar tambi\u00e9n -dijo la letrada- que el poder judicial fue absolutamente silente ante el dictado de estas leyes. Durante ese periodo gracias a la lucha de las Abuelas se logr\u00f3 que la sustracci\u00f3n de menores quedara fuera del \u00e1mbito de aplicaci\u00f3n de estas leyes. Es por eso que entre 1986 y 2003 se logr\u00f3 llevar a cabo 13 juicios por casos de apropiaci\u00f3n y robo de beb\u00e9s&#8221;.<\/p>\n<p>Y agreg\u00f3: &#8220;en 2003, durante la presidencia de N\u00e9stor Carlos Kirchner el congreso de la naci\u00f3n establece la nulidad de las leyes de Obediencia Debida y Punto Final y reci\u00e9n dos a\u00f1os despu\u00e9s la Corte Suprema declara la inconstitucionalidad de estas leyes, dando lugar a la apertura numerosos juicios de lesa humanidad a lo largo y ancho del pa\u00eds. Un caso emblem\u00e1tico para Abuelas fue el del a\u00f1o 2012, llamada plan sistem\u00e1tico de apropiaci\u00f3n de menores, cuando se juzg\u00f3 35 casos de sustracci\u00f3n, respecto a los cuales ten\u00edamos 25 nietos localizados y restituidos por Abuelas. En esa causa Videla fue condenado a 50 a\u00f1os de prisi\u00f3n&#8221;.<\/p>\n<p><strong>Fresneda<\/strong><\/p>\n<p>A su turno, julia Giuliani present\u00f3 a\u00a0Mart\u00edn Fresneda, fundador de Hijos, abogado de juicios de lesa humanidad y dirigente pol\u00edtico, ex gerente regional de Anses, legislador mandato cumplid, ex secretario de DDHH de la Naci\u00f3n y actualmente director del observatorio de DDHH del Senado de la Naci\u00f3n.<\/p>\n<p>Fresneda comenz\u00f3 reflexionando que &#8220;estamos en una fase hist\u00f3rica donde los DDHH necesariamente tiene que reencontrase frente a un contexto complejo del mundo. Me parece un buen desaf\u00edo&#8221;.<\/p>\n<p>&#8220;La agenda de DDHH -agreg\u00f3 el dirigente- es del presente pasado futuro, pero creo que necesitamos ponerle nombre a esos derechos. La pandemia nos ubica frente a la preocupaci\u00f3n mundial en cuanto a violaci\u00f3n de DDHH y en cuanto a las decisiones que se toman, que est\u00e1n tomando atajos sobre los est\u00e1ndares internacionales. \u00a0Lo vimos en experiencias de distintos pa\u00edses, pero en particular en Europa. Hoy me ocupo el nivel de dise\u00f1o legislativo de pol\u00edticas sobre derechos humanos, as\u00ed como su implementaci\u00f3n y aplicaci\u00f3n&#8221;.<\/p>\n<p>En tal sentido, Fresneda dijo que\u00a0Argentina tiene un alt\u00edsimo nivel de cumplimiento de DDHH, un \u2018Leader Case\u2019 en materia de memoria, verdad y justicia, como parte de los pa\u00edses que pudieron erradicar la impunidad, a pesar que quedan casos que son delitos continuados por ser de lesa humanidad, que se van a seguir juzgando. &#8220;Pudimos sortear la etapa m\u00e1s compleja de justicia transicional, desde el juicio a las juntas, pasando por las leyes de impunidad a la reapertura de los juicios, allanando todo tipo de obst\u00e1culo para cumplir con la realizaci\u00f3n de los juicios de lesa humanidad. Hay un reconocimiento mundial y un rumbo dif\u00edcil de retroceder&#8221;, afirm\u00f3.<\/p>\n<p>Y agreg\u00f3 en otro segmento de su alocuci\u00f3n que &#8220;ahora viene otra etapa, relacionada con los derechos de los trabajadores. En materia de derecho del trabajo, de las mujeres, de determinadas minor\u00edas, al ambiente sano, diversos derechos que se extienden en el est\u00e1ndar internacional y que se ven en dificultad de aplicarse cuando deben tener un correlato nacional. Y m\u00e1s a\u00fan se complejiza cuando los fueros provinciales no tienen ese nivel de acompa\u00f1amiento. Ah\u00ed los poderes f\u00e1cticos siguen interviniendo para impedir su cumplimiento. Hablo de recursos naturales, estractivismo, monocultivo. Una de las primeras leyes descartadas pro Mauricio Macri fue la ley de tierra que pon\u00edan l\u00edmites a la compra de tierra por extranjeros, directamente relacionada con la de reparaci\u00f3n hist\u00f3rica de la agricultura familiar ind\u00edgena. Una ley que en estos tiempos vuelve a asumir protagonismo en relaci\u00f3n a un debate sobre la soberan\u00eda alimentaria que los DDHH deben tener en agenda&#8221;.<\/p>\n<p><strong>Violencia institucional<\/strong><\/p>\n<p>Por \u00faltimo, hizo uso de la palabra\u00a0Julio Cesar Mart\u00ednez abogado, miembro de la Liga Argentina por los DDHH y querellante de la megacausa La Perla, integrante del Partido Comunista.<\/p>\n<p>Mart\u00ednez inici\u00f3 su reflexi\u00f3n detallando que &#8220;los DDHH desde las reivindicaciones de las luchas, porque cada DDHH es una conquista de nuestro pueblo, arrancada a quienes detentan aspectos centrales del poder en nuestra patria&#8221;.<\/p>\n<p>En esa l\u00ednea, el letrado sostuvo que &#8220;sin duda, asistimos a un cuadro de situaci\u00f3n dif\u00edcil, complicado. Lo observamos en su integralidad, pensando en nuestro pa\u00eds, en la\u00a0 provincia, y tambi\u00e9n a la patria grande latinoamericana. A\u00fan tenemos cuestiones muy importantes por resolver. No es menor la violencia institucional. Tuvimos que asistir los \u00faltimos d\u00edas a la muerte a manos de polic\u00eda del chico Valentino, que repite conductas a mediano y largo plazo para atr\u00e1s sobre el accionar represivo de la polic\u00eda. \u00a0Junto con la violencia institucional hay una cantidad de aspectos que hacen a la situaci\u00f3n social que no empiezan con la pandemia y que en todo caso la pandemia lo profundiz\u00f3&#8221;.<\/p>\n<p>Mart\u00ednez hizo referencia al &#8216;lawfare&#8217; como m\u00e9todo que utiliza el Poder Judicial para intervenir en los procesos pol\u00edticos en perjuicio de las grandes mayor\u00edas. &#8220;Hay un debate alrededor de los juicios inventados en Latinoam\u00e9rica y la utilizaci\u00f3n del Poder Judicial. Es muy importante la reforma judicial que est\u00e1 en tratamiento en el Congreso, que aspira a terminar con esta situaci\u00f3n, que se expres\u00f3 con Dilma y Lula en Brasil, con Zelaya en Honduras, la situaci\u00f3n en Paraguay, en Ecuador. La Justicia es en la actualidad una herramienta muy importante a los fines de cercenar y limitar los movimientos y gobiernos nacionales y populares. En ese contexto debemos denunciar que se firm\u00f3 el Plan Colombia 2, denunciar la situaci\u00f3n en Bolivia, un cuadro de situaci\u00f3n que indica la necesidad de profundizar la denunciar y solidaridad internacional para logra los cambios que nuestros pueblos necesitan&#8221;.<\/p>\n<p>Y afirm\u00f3: &#8220;en ese contexto se dan las relaciones de fuerzas. A 48 a\u00f1os de Trelew quiero reivindicar la memoria de aquellos acontecimientos que significaron cambios muy profundos en el accionar del aparato represivo&#8221;.<\/p>\n<p>Finalmente Julia Giuliani record\u00f3 a la abogada con gran importancia en los juicios de lesa humanidad y en la defensa de causas populares en C\u00f3rdoba, Mar\u00eda Elba Mart\u00ednez, a siete a\u00f1os de su fallecimiento.<\/p>\n<p><strong>El Departamento de Derechos Humanos<\/strong><\/p>\n<p>Durante su presentaci\u00f3n del Departamento de Derechos Humanos, Federico Giuliani ley\u00f3 la resoluci\u00f3n del CDP, que fundament\u00f3 la iniciativa.<\/p>\n<p>Facilitamos el texto \u00edntegro de la resoluci\u00f3n N\u00ba6 de 2020 de Comisi\u00f3n Directiva.<\/p>\n<p>&#8220;Se establece la creaci\u00f3n del Departamento de Derechos Humanos, en el \u00e1mbito del Consejo Directivo Provincial, considerando que desde su nacimiento nuestra organizaci\u00f3n sindical ha concebido que\u00a0 el fortalecimiento de una Naci\u00f3n justa, libre y soberana y de un Estado al servicio de todos los ciudadanos y ciudadanas, y en particular de los sectores m\u00e1s vulnerables, solo es alcanzable con la defensa y el respeto irrestricto de los DDHH, que se erigen sobre el principio universal y de tutela de dignidad de la persona humana, correspondi\u00e9ndoles a todas las personas sin distinci\u00f3n y cuya realizaci\u00f3n efectiva resulta indispensable para su desarrollo pleno e integral. Todas, todos y todes tenemos derecho a los DDHH, que deben ser ejercidos sin discriminaci\u00f3n alguna por motivos de opini\u00f3n pol\u00edtica, gremial, de g\u00e9nero, \u00e9tnica, racial, de color, lengua o cualquier otra distinci\u00f3n. Es por eso que en tal car\u00e1cter debemos exigir a los gobiernos que adopten medidas en determinadas situaciones o abstener de actuar de determinada forma en otras, a fin de promover y proteger los DDHH y las libertades fundamentales de las personas y sus grupos. En esta direcci\u00f3n los argentinos y las argentinas somos un ejemplo en el mundo en la b\u00fasqueda de la memoria, la verdad y la justicia, de aquellos compa\u00f1eros y compa\u00f1eras que pensaron, lucharon y so\u00f1aron un pa\u00eds con justicia social, independencia econ\u00f3mica y soberan\u00eda pol\u00edtica y que fueron secuestrados, torturadas y asesinados por pensar y desear un pa\u00eds distinto al modelo de hegemon\u00eda neoliberal que se impone con el sufrimiento de muchos y muchas para el beneficio de unos pocos.<\/p>\n<p>En la actualidad, el poder represivo del Estado contra las y los ciudadanos, luchadoras y luchadores populares, dirigentes sociales, barriales y populares, contra los pueblos originarios y contra los sectores m\u00e1s vulnerables tambi\u00e9n se impone y se manifiesta con una arbitrariedad que no podemos admitir, tolerar ni justificar. Porque exigimos del Estadio y de los gobiernos en todos sus niveles, y en particular en nuestra provincia de C\u00f3rdoba, una unidad amplia, diversa, plural, que no condene a las clases sociales m\u00e1s vulnerables para el beneficio de las \u00e9lites econ\u00f3micas, sociales y pol\u00edticas.\u00a0 Los DDHH tampoco son renunciables en una relaci\u00f3n de trabajo. En nuestra ATE tambi\u00e9n perseguimos que las y los trabajadores ejerzan su ciudadan\u00eda social cuando prestan su trabajo en favor del Estado. El derecho a expresarse, peticionar y reclamar por condiciones dignas de trabajo, libertad y organizaci\u00f3n sindical, tambi\u00e9n constituyen DDHH laborables y el compromiso en su defensa comprende el eje fundamental de nuestra organizaci\u00f3n y nuestra lucha.<\/p>\n<p>Es por eso que a fin de contar en nuestra ATE\u00b7 con una perspectiva amplia, plural, aguda y diversa en la defensa de los DDH fundamentales en la provincia se consider\u00f3 la creaci\u00f3n de un departamento para dicho fin, que intervenga con representaci\u00f3n suficiente en el \u00e1mbito sindical y social&#8221;.<\/p>\n","protected":false},"excerpt":{"rendered":"<p>El pasado mi\u00e9rcoles se cumpli\u00f3 la primera de las jornadas de charla-debate organizadas por la Secretar\u00eda de formaci\u00f3n del Consejo Directivo Provincial, denominadas &#8216;Pasado presente futuro de los derechos humanos en C\u00f3rdoba y Argentina&#8217;. La actividad cont\u00f3 con la presentaci\u00f3n del secretario General, Federico Giuliani, y el secretario de Formaci\u00f3n, C\u00e9sar Theaux, y la coordinaci\u00f3n [&hellip;]<\/p>\n","protected":false},"author":7,"featured_media":21357,"comment_status":"open","ping_status":"open","sticky":true,"template":"","format":"standard","meta":{"_exactmetrics_skip_tracking":false,"_exactmetrics_sitenote_active":false,"_exactmetrics_sitenote_note":"","_exactmetrics_sitenote_category":0,"jnews-multi-image_gallery":[],"jnews_single_post":{"source_name":"","source_url":"","via_name":"","via_url":"","override_template":"0","override":[{"template":"1","single_blog_custom":"","parallax":"1","fullscreen":"0","layout":"right-sidebar","sidebar":"default-sidebar","second_sidebar":"default-sidebar","sticky_sidebar":"1","share_position":"top","share_float_style":"share-monocrhome","show_share_counter":"1","show_view_counter":"1","show_featured":"1","show_post_meta":"1","show_post_author":"1","show_post_author_image":"1","show_post_date":"1","post_date_format":"default","post_date_format_custom":"Y\/m\/d","show_post_category":"1","show_post_reading_time":"0","post_reading_time_wpm":"300","show_zoom_button":"0","zoom_button_out_step":"2","zoom_button_in_step":"3","show_post_tag":"1","show_prev_next_post":"1","show_popup_post":"1","number_popup_post":"1","show_author_box":"0","show_post_related":"0","show_inline_post_related":"0"}],"override_image_size":"0","image_override":[{"single_post_thumbnail_size":"crop-500","single_post_gallery_size":"crop-500"}],"trending_post":"0","trending_post_position":"meta","trending_post_label":"Trending","sponsored_post":"0","sponsored_post_label":"Sponsored by","sponsored_post_name":"","sponsored_post_url":"","sponsored_post_logo_enable":"0","sponsored_post_logo":"","sponsored_post_desc":""},"jnews_primary_category":{"id":""},"jnews_social_meta":{"fb_title":"","fb_description":"","fb_image":"","twitter_title":"","twitter_description":"","twitter_image":""},"jnews_review":[],"enable_review":"0","type":"percentage","name":"","summary":"","brand":"","sku":"","good":[{"good_text":""}],"bad":[{"bad_text":""}],"score_override":"","override_value":"","rating":[{"rating_text":"","rating_number":"10"}],"price":[{"shop":"","price":"","link":"","icon":""}],"jnews_override_counter":{"override_view_counter":"0","view_counter_number":"0","override_share_counter":"0","share_counter_number":"0","override_like_counter":"0","like_counter_number":"0","override_dislike_counter":"0","dislike_counter_number":"0"},"jnews_post_split":{"enable_post_split":"0","post_split":[{"template":"1","tag":"h2","numbering":"asc","mode":"normal"}]},"footnotes":""},"categories":[341,122],"tags":[],"class_list":["post-21356","post","type-post","status-publish","format-standard","has-post-thumbnail","hentry","category-cdp","category-ddhh"],"jetpack_featured_media_url":"https:\/\/atecordoba.org\/wp-content\/uploads\/2020\/08\/WhatsApp-Image-2020-08-20-at-09.27.54.jpeg","_links":{"self":[{"href":"https:\/\/atecordoba.org\/index.php?rest_route=\/wp\/v2\/posts\/21356","targetHints":{"allow":["GET"]}}],"collection":[{"href":"https:\/\/atecordoba.org\/index.php?rest_route=\/wp\/v2\/posts"}],"about":[{"href":"https:\/\/atecordoba.org\/index.php?rest_route=\/wp\/v2\/types\/post"}],"author":[{"embeddable":true,"href":"https:\/\/atecordoba.org\/index.php?rest_route=\/wp\/v2\/users\/7"}],"replies":[{"embeddable":true,"href":"https:\/\/atecordoba.org\/index.php?rest_route=%2Fwp%2Fv2%2Fcomments&post=21356"}],"version-history":[{"count":3,"href":"https:\/\/atecordoba.org\/index.php?rest_route=\/wp\/v2\/posts\/21356\/revisions"}],"predecessor-version":[{"id":21375,"href":"https:\/\/atecordoba.org\/index.php?rest_route=\/wp\/v2\/posts\/21356\/revisions\/21375"}],"wp:featuredmedia":[{"embeddable":true,"href":"https:\/\/atecordoba.org\/index.php?rest_route=\/wp\/v2\/media\/21357"}],"wp:attachment":[{"href":"https:\/\/atecordoba.org\/index.php?rest_route=%2Fwp%2Fv2%2Fmedia&parent=21356"}],"wp:term":[{"taxonomy":"category","embeddable":true,"href":"https:\/\/atecordoba.org\/index.php?rest_route=%2Fwp%2Fv2%2Fcategories&post=21356"},{"taxonomy":"post_tag","embeddable":true,"href":"https:\/\/atecordoba.org\/index.php?rest_route=%2Fwp%2Fv2%2Ftags&post=21356"}],"curies":[{"name":"wp","href":"https:\/\/api.w.org\/{rel}","templated":true}]}}