{"id":21329,"date":"2020-08-20T14:05:59","date_gmt":"2020-08-20T17:05:59","guid":{"rendered":"https:\/\/atecordoba.org\/?p=21329"},"modified":"2020-08-20T14:05:59","modified_gmt":"2020-08-20T17:05:59","slug":"manifestacion-de-salud-provincial-de-ate-frente-al-ministerio","status":"publish","type":"post","link":"https:\/\/atecordoba.org\/?p=21329","title":{"rendered":"Manifestaci\u00f3n de Salud Provincial de ATE frente al Ministerio"},"content":{"rendered":"<div style='display:none' class=\"jeg_preview_slider gallery_1\" data-selector='gallery_1'>\n                        <div class=\"jeg_preview_holder\">\n                            <div class=\"jeg_preview_media\">\n                        <div class=\"jeg_preview_media_holder\">\n                            <h3>&nbsp;<\/h3>\n                            <div class=\"fullscreen-switch\">\n                                <i class=\"fa\"><\/i>\n                            <\/div>\n                            <div class=\"jeg_preview_media_content\">\n                                <div class=\"jeg_preview_media_content_holder_padding\">\n                                    <div class=\"jeg_preview_media_content_holder\"><\/div>\n                                <\/div>\n                                <div class=\"jeg_preview_media_content_navigation\">\n                                    <div class=\"prev\">\n\t\t\t\t\t\t\t\t\t\t<i class=\"fa\"><\/i>\n\t\t\t\t\t\t\t\t\t<\/div>\n                                    <div class=\"next\">\n\t\t\t\t\t\t\t\t\t\t<i class=\"fa\"><\/i>\n\t\t\t\t\t\t\t\t\t<\/div>\n                                <\/div>\n                                <div class='preview-slider-overlay'>\n                                    <div class='preloader_type preloader_dot'>\n                                        <div class=\"module-preloader jeg_preloader dot\">\n                                            <span><\/span><span><\/span><span><\/span>\n                                        <\/div>\n                                        <div class=\"module-preloader jeg_preloader circle\">\n                                            <div class=\"jnews_preloader_circle_outer\">\n                                                <div class=\"jnews_preloader_circle_inner\"><\/div>\n                                            <\/div>\n                                        <\/div>\n                                        <div class=\"module-preloader jeg_preloader square\">\n                                            <div class=\"jeg_square\">\n                                                <div class=\"jeg_square_inner\"><\/div>\n                                            <\/div>\n                                        <\/div>\n                                    <\/div>\n                                <\/div>\n                            <\/div>\n                            <div class=\"jeg_preview_control\">\n                                <div class=\"left_control\">\n                                    <div class=\"counter\"><span class=\"current\">1<\/span> de  18<\/div>\n                                    <div class=\"subtitle\"><\/div>\n                                <\/div>\n                                <div class=\"zoom\">\n                                    <span class=\"reduce\">-<\/span>\n                                    <span class=\"increase\">+<\/span>\n                                <\/div>\n                            <\/div>\n                        <\/div>\n                    <\/div>\n\n                    <div class=\"jeg_preview_bottom_slider\">\n                        <a data-id=\"0\" data-title=\"\" data-image=\"https:\/\/atecordoba.org\/wp-content\/uploads\/2020\/08\/2020-08-20-Corte-ATE-Pizzurno-4.jpeg\" href=\"https:\/\/atecordoba.org\/wp-content\/uploads\/2020\/08\/2020-08-20-Corte-ATE-Pizzurno-4.jpeg\" class=\"jeg_preview_item active\">\n                            <div class=\"jeg_preview_item_thumbnail\">\n                                <img loading=\"lazy\" decoding=\"async\" width=\"120\" height=\"86\" src=\"https:\/\/atecordoba.org\/wp-content\/uploads\/2020\/08\/2020-08-20-Corte-ATE-Pizzurno-4-120x86.jpeg\" class=\"attachment-jnews-120x86 size-jnews-120x86\" alt=\"\" srcset=\"https:\/\/atecordoba.org\/wp-content\/uploads\/2020\/08\/2020-08-20-Corte-ATE-Pizzurno-4-120x86.jpeg 120w, https:\/\/atecordoba.org\/wp-content\/uploads\/2020\/08\/2020-08-20-Corte-ATE-Pizzurno-4-350x250.jpeg 350w, https:\/\/atecordoba.org\/wp-content\/uploads\/2020\/08\/2020-08-20-Corte-ATE-Pizzurno-4-750x536.jpeg 750w\" sizes=\"auto, (max-width: 120px) 100vw, 120px\" \/>\n                            <\/div>\n                        <\/a><a data-id=\"1\" data-title=\"\" data-image=\"https:\/\/atecordoba.org\/wp-content\/uploads\/2020\/08\/2020-08-20-Corte-ATE-Pizzurno-5.jpeg\" href=\"https:\/\/atecordoba.org\/wp-content\/uploads\/2020\/08\/2020-08-20-Corte-ATE-Pizzurno-5.jpeg\" class=\"jeg_preview_item \">\n                            <div class=\"jeg_preview_item_thumbnail\">\n                                <img loading=\"lazy\" decoding=\"async\" width=\"120\" height=\"86\" src=\"https:\/\/atecordoba.org\/wp-content\/uploads\/2020\/08\/2020-08-20-Corte-ATE-Pizzurno-5-120x86.jpeg\" class=\"attachment-jnews-120x86 size-jnews-120x86\" alt=\"\" srcset=\"https:\/\/atecordoba.org\/wp-content\/uploads\/2020\/08\/2020-08-20-Corte-ATE-Pizzurno-5-120x86.jpeg 120w, https:\/\/atecordoba.org\/wp-content\/uploads\/2020\/08\/2020-08-20-Corte-ATE-Pizzurno-5-350x250.jpeg 350w, https:\/\/atecordoba.org\/wp-content\/uploads\/2020\/08\/2020-08-20-Corte-ATE-Pizzurno-5-750x536.jpeg 750w\" sizes=\"auto, (max-width: 120px) 100vw, 120px\" \/>\n                            <\/div>\n                        <\/a><a data-id=\"2\" data-title=\"\" data-image=\"https:\/\/atecordoba.org\/wp-content\/uploads\/2020\/08\/2020-08-20-Corte-ATE-Pizzurno.jpeg\" href=\"https:\/\/atecordoba.org\/wp-content\/uploads\/2020\/08\/2020-08-20-Corte-ATE-Pizzurno.jpeg\" class=\"jeg_preview_item \">\n                            <div class=\"jeg_preview_item_thumbnail\">\n                                <img loading=\"lazy\" decoding=\"async\" width=\"120\" height=\"86\" src=\"https:\/\/atecordoba.org\/wp-content\/uploads\/2020\/08\/2020-08-20-Corte-ATE-Pizzurno-120x86.jpeg\" class=\"attachment-jnews-120x86 size-jnews-120x86\" alt=\"\" srcset=\"https:\/\/atecordoba.org\/wp-content\/uploads\/2020\/08\/2020-08-20-Corte-ATE-Pizzurno-120x86.jpeg 120w, https:\/\/atecordoba.org\/wp-content\/uploads\/2020\/08\/2020-08-20-Corte-ATE-Pizzurno-350x250.jpeg 350w, https:\/\/atecordoba.org\/wp-content\/uploads\/2020\/08\/2020-08-20-Corte-ATE-Pizzurno-750x536.jpeg 750w\" sizes=\"auto, (max-width: 120px) 100vw, 120px\" \/>\n                            <\/div>\n                        <\/a><a data-id=\"3\" data-title=\"\" data-image=\"https:\/\/atecordoba.org\/wp-content\/uploads\/2020\/08\/2020-08-20-Corte-ATE-Pizzurno-3.jpeg\" href=\"https:\/\/atecordoba.org\/wp-content\/uploads\/2020\/08\/2020-08-20-Corte-ATE-Pizzurno-3.jpeg\" class=\"jeg_preview_item \">\n                            <div class=\"jeg_preview_item_thumbnail\">\n                                <img loading=\"lazy\" decoding=\"async\" width=\"120\" height=\"86\" src=\"https:\/\/atecordoba.org\/wp-content\/uploads\/2020\/08\/2020-08-20-Corte-ATE-Pizzurno-3-120x86.jpeg\" class=\"attachment-jnews-120x86 size-jnews-120x86\" alt=\"\" srcset=\"https:\/\/atecordoba.org\/wp-content\/uploads\/2020\/08\/2020-08-20-Corte-ATE-Pizzurno-3-120x86.jpeg 120w, https:\/\/atecordoba.org\/wp-content\/uploads\/2020\/08\/2020-08-20-Corte-ATE-Pizzurno-3-350x250.jpeg 350w, https:\/\/atecordoba.org\/wp-content\/uploads\/2020\/08\/2020-08-20-Corte-ATE-Pizzurno-3-750x536.jpeg 750w\" sizes=\"auto, (max-width: 120px) 100vw, 120px\" \/>\n                            <\/div>\n                        <\/a><a data-id=\"4\" data-title=\"\" data-image=\"https:\/\/atecordoba.org\/wp-content\/uploads\/2020\/08\/2020-08-20-Corte-ATE-Pizzurno-1.jpeg\" href=\"https:\/\/atecordoba.org\/wp-content\/uploads\/2020\/08\/2020-08-20-Corte-ATE-Pizzurno-1.jpeg\" class=\"jeg_preview_item \">\n                            <div class=\"jeg_preview_item_thumbnail\">\n                                <img loading=\"lazy\" decoding=\"async\" width=\"120\" height=\"86\" src=\"https:\/\/atecordoba.org\/wp-content\/uploads\/2020\/08\/2020-08-20-Corte-ATE-Pizzurno-1-120x86.jpeg\" class=\"attachment-jnews-120x86 size-jnews-120x86\" alt=\"\" srcset=\"https:\/\/atecordoba.org\/wp-content\/uploads\/2020\/08\/2020-08-20-Corte-ATE-Pizzurno-1-120x86.jpeg 120w, https:\/\/atecordoba.org\/wp-content\/uploads\/2020\/08\/2020-08-20-Corte-ATE-Pizzurno-1-350x250.jpeg 350w, https:\/\/atecordoba.org\/wp-content\/uploads\/2020\/08\/2020-08-20-Corte-ATE-Pizzurno-1-750x536.jpeg 750w\" sizes=\"auto, (max-width: 120px) 100vw, 120px\" \/>\n                            <\/div>\n                        <\/a><a data-id=\"5\" data-title=\"\" data-image=\"https:\/\/atecordoba.org\/wp-content\/uploads\/2020\/08\/2020-08-20-Corte-ATE-Pizzurno-2.jpeg\" href=\"https:\/\/atecordoba.org\/wp-content\/uploads\/2020\/08\/2020-08-20-Corte-ATE-Pizzurno-2.jpeg\" class=\"jeg_preview_item \">\n                            <div class=\"jeg_preview_item_thumbnail\">\n                                <img loading=\"lazy\" decoding=\"async\" width=\"120\" height=\"86\" src=\"https:\/\/atecordoba.org\/wp-content\/uploads\/2020\/08\/2020-08-20-Corte-ATE-Pizzurno-2-120x86.jpeg\" class=\"attachment-jnews-120x86 size-jnews-120x86\" alt=\"\" srcset=\"https:\/\/atecordoba.org\/wp-content\/uploads\/2020\/08\/2020-08-20-Corte-ATE-Pizzurno-2-120x86.jpeg 120w, https:\/\/atecordoba.org\/wp-content\/uploads\/2020\/08\/2020-08-20-Corte-ATE-Pizzurno-2-350x250.jpeg 350w, https:\/\/atecordoba.org\/wp-content\/uploads\/2020\/08\/2020-08-20-Corte-ATE-Pizzurno-2-750x536.jpeg 750w\" sizes=\"auto, (max-width: 120px) 100vw, 120px\" \/>\n                            <\/div>\n                        <\/a><a data-id=\"6\" data-title=\"\" data-image=\"https:\/\/atecordoba.org\/wp-content\/uploads\/2020\/08\/2020-08-20-Corte-ATE-Pizzurno-6.jpeg\" href=\"https:\/\/atecordoba.org\/wp-content\/uploads\/2020\/08\/2020-08-20-Corte-ATE-Pizzurno-6.jpeg\" class=\"jeg_preview_item \">\n                            <div class=\"jeg_preview_item_thumbnail\">\n                                <img loading=\"lazy\" decoding=\"async\" width=\"120\" height=\"86\" src=\"https:\/\/atecordoba.org\/wp-content\/uploads\/2020\/08\/2020-08-20-Corte-ATE-Pizzurno-6-120x86.jpeg\" class=\"attachment-jnews-120x86 size-jnews-120x86\" alt=\"\" srcset=\"https:\/\/atecordoba.org\/wp-content\/uploads\/2020\/08\/2020-08-20-Corte-ATE-Pizzurno-6-120x86.jpeg 120w, https:\/\/atecordoba.org\/wp-content\/uploads\/2020\/08\/2020-08-20-Corte-ATE-Pizzurno-6-350x250.jpeg 350w, https:\/\/atecordoba.org\/wp-content\/uploads\/2020\/08\/2020-08-20-Corte-ATE-Pizzurno-6-750x536.jpeg 750w\" sizes=\"auto, (max-width: 120px) 100vw, 120px\" \/>\n                            <\/div>\n                        <\/a><a data-id=\"7\" data-title=\"\" data-image=\"https:\/\/atecordoba.org\/wp-content\/uploads\/2020\/08\/2020-08-20-Corte-ATE-Pizzurno-7.jpeg\" href=\"https:\/\/atecordoba.org\/wp-content\/uploads\/2020\/08\/2020-08-20-Corte-ATE-Pizzurno-7.jpeg\" class=\"jeg_preview_item \">\n                            <div class=\"jeg_preview_item_thumbnail\">\n                                <img loading=\"lazy\" decoding=\"async\" width=\"120\" height=\"86\" src=\"https:\/\/atecordoba.org\/wp-content\/uploads\/2020\/08\/2020-08-20-Corte-ATE-Pizzurno-7-120x86.jpeg\" class=\"attachment-jnews-120x86 size-jnews-120x86\" alt=\"\" srcset=\"https:\/\/atecordoba.org\/wp-content\/uploads\/2020\/08\/2020-08-20-Corte-ATE-Pizzurno-7-120x86.jpeg 120w, https:\/\/atecordoba.org\/wp-content\/uploads\/2020\/08\/2020-08-20-Corte-ATE-Pizzurno-7-350x250.jpeg 350w, https:\/\/atecordoba.org\/wp-content\/uploads\/2020\/08\/2020-08-20-Corte-ATE-Pizzurno-7-750x536.jpeg 750w\" sizes=\"auto, (max-width: 120px) 100vw, 120px\" \/>\n                            <\/div>\n                        <\/a><a data-id=\"8\" data-title=\"\" data-image=\"https:\/\/atecordoba.org\/wp-content\/uploads\/2020\/08\/2020-08-20-Corte-ATE-Pizzurno-8.jpeg\" href=\"https:\/\/atecordoba.org\/wp-content\/uploads\/2020\/08\/2020-08-20-Corte-ATE-Pizzurno-8.jpeg\" class=\"jeg_preview_item \">\n                            <div class=\"jeg_preview_item_thumbnail\">\n                                <img loading=\"lazy\" decoding=\"async\" width=\"120\" height=\"86\" src=\"https:\/\/atecordoba.org\/wp-content\/uploads\/2020\/08\/2020-08-20-Corte-ATE-Pizzurno-8-120x86.jpeg\" class=\"attachment-jnews-120x86 size-jnews-120x86\" alt=\"\" srcset=\"https:\/\/atecordoba.org\/wp-content\/uploads\/2020\/08\/2020-08-20-Corte-ATE-Pizzurno-8-120x86.jpeg 120w, https:\/\/atecordoba.org\/wp-content\/uploads\/2020\/08\/2020-08-20-Corte-ATE-Pizzurno-8-350x250.jpeg 350w, https:\/\/atecordoba.org\/wp-content\/uploads\/2020\/08\/2020-08-20-Corte-ATE-Pizzurno-8-750x536.jpeg 750w\" sizes=\"auto, (max-width: 120px) 100vw, 120px\" \/>\n                            <\/div>\n                        <\/a><a data-id=\"9\" data-title=\"\" data-image=\"https:\/\/atecordoba.org\/wp-content\/uploads\/2020\/08\/2020-08-20-Corte-ATE-Pizzurno-Giuliani-Duran.jpeg\" href=\"https:\/\/atecordoba.org\/wp-content\/uploads\/2020\/08\/2020-08-20-Corte-ATE-Pizzurno-Giuliani-Duran.jpeg\" class=\"jeg_preview_item \">\n                            <div class=\"jeg_preview_item_thumbnail\">\n                                <img loading=\"lazy\" decoding=\"async\" width=\"120\" height=\"86\" src=\"https:\/\/atecordoba.org\/wp-content\/uploads\/2020\/08\/2020-08-20-Corte-ATE-Pizzurno-Giuliani-Duran-120x86.jpeg\" class=\"attachment-jnews-120x86 size-jnews-120x86\" alt=\"\" srcset=\"https:\/\/atecordoba.org\/wp-content\/uploads\/2020\/08\/2020-08-20-Corte-ATE-Pizzurno-Giuliani-Duran-120x86.jpeg 120w, https:\/\/atecordoba.org\/wp-content\/uploads\/2020\/08\/2020-08-20-Corte-ATE-Pizzurno-Giuliani-Duran-350x250.jpeg 350w, https:\/\/atecordoba.org\/wp-content\/uploads\/2020\/08\/2020-08-20-Corte-ATE-Pizzurno-Giuliani-Duran-750x536.jpeg 750w\" sizes=\"auto, (max-width: 120px) 100vw, 120px\" \/>\n                            <\/div>\n                        <\/a><a data-id=\"10\" data-title=\"\" data-image=\"https:\/\/atecordoba.org\/wp-content\/uploads\/2020\/08\/2020-08-20-Entrega-nota-salud-SUAC-2.jpeg\" href=\"https:\/\/atecordoba.org\/wp-content\/uploads\/2020\/08\/2020-08-20-Entrega-nota-salud-SUAC-2.jpeg\" class=\"jeg_preview_item \">\n                            <div class=\"jeg_preview_item_thumbnail\">\n                                <img loading=\"lazy\" decoding=\"async\" width=\"120\" height=\"86\" src=\"https:\/\/atecordoba.org\/wp-content\/uploads\/2020\/08\/2020-08-20-Entrega-nota-salud-SUAC-2-120x86.jpeg\" class=\"attachment-jnews-120x86 size-jnews-120x86\" alt=\"\" srcset=\"https:\/\/atecordoba.org\/wp-content\/uploads\/2020\/08\/2020-08-20-Entrega-nota-salud-SUAC-2-120x86.jpeg 120w, https:\/\/atecordoba.org\/wp-content\/uploads\/2020\/08\/2020-08-20-Entrega-nota-salud-SUAC-2-350x250.jpeg 350w, https:\/\/atecordoba.org\/wp-content\/uploads\/2020\/08\/2020-08-20-Entrega-nota-salud-SUAC-2-750x536.jpeg 750w\" sizes=\"auto, (max-width: 120px) 100vw, 120px\" \/>\n                            <\/div>\n                        <\/a><a data-id=\"11\" data-title=\"\" data-image=\"https:\/\/atecordoba.org\/wp-content\/uploads\/2020\/08\/2020-08-20-Entrega-nota-salud-SUAC-2-1.jpeg\" href=\"https:\/\/atecordoba.org\/wp-content\/uploads\/2020\/08\/2020-08-20-Entrega-nota-salud-SUAC-2-1.jpeg\" class=\"jeg_preview_item \">\n                            <div class=\"jeg_preview_item_thumbnail\">\n                                <img loading=\"lazy\" decoding=\"async\" width=\"120\" height=\"86\" src=\"https:\/\/atecordoba.org\/wp-content\/uploads\/2020\/08\/2020-08-20-Entrega-nota-salud-SUAC-2-1-120x86.jpeg\" class=\"attachment-jnews-120x86 size-jnews-120x86\" alt=\"\" srcset=\"https:\/\/atecordoba.org\/wp-content\/uploads\/2020\/08\/2020-08-20-Entrega-nota-salud-SUAC-2-1-120x86.jpeg 120w, https:\/\/atecordoba.org\/wp-content\/uploads\/2020\/08\/2020-08-20-Entrega-nota-salud-SUAC-2-1-350x250.jpeg 350w, https:\/\/atecordoba.org\/wp-content\/uploads\/2020\/08\/2020-08-20-Entrega-nota-salud-SUAC-2-1-750x536.jpeg 750w\" sizes=\"auto, (max-width: 120px) 100vw, 120px\" \/>\n                            <\/div>\n                        <\/a><a data-id=\"12\" data-title=\"\" data-image=\"https:\/\/atecordoba.org\/wp-content\/uploads\/2020\/08\/2020-08-20-Entrega-nota-salud-SUAC-3.jpeg\" href=\"https:\/\/atecordoba.org\/wp-content\/uploads\/2020\/08\/2020-08-20-Entrega-nota-salud-SUAC-3.jpeg\" class=\"jeg_preview_item \">\n                            <div class=\"jeg_preview_item_thumbnail\">\n                                <img loading=\"lazy\" decoding=\"async\" width=\"120\" height=\"86\" src=\"https:\/\/atecordoba.org\/wp-content\/uploads\/2020\/08\/2020-08-20-Entrega-nota-salud-SUAC-3-120x86.jpeg\" class=\"attachment-jnews-120x86 size-jnews-120x86\" alt=\"\" srcset=\"https:\/\/atecordoba.org\/wp-content\/uploads\/2020\/08\/2020-08-20-Entrega-nota-salud-SUAC-3-120x86.jpeg 120w, https:\/\/atecordoba.org\/wp-content\/uploads\/2020\/08\/2020-08-20-Entrega-nota-salud-SUAC-3-350x250.jpeg 350w, https:\/\/atecordoba.org\/wp-content\/uploads\/2020\/08\/2020-08-20-Entrega-nota-salud-SUAC-3-750x536.jpeg 750w\" sizes=\"auto, (max-width: 120px) 100vw, 120px\" \/>\n                            <\/div>\n                        <\/a><a data-id=\"13\" data-title=\"\" data-image=\"https:\/\/atecordoba.org\/wp-content\/uploads\/2020\/08\/2020-08-20-Entrega-nota-salud-SUAC-Giuliani-medios.jpeg\" href=\"https:\/\/atecordoba.org\/wp-content\/uploads\/2020\/08\/2020-08-20-Entrega-nota-salud-SUAC-Giuliani-medios.jpeg\" class=\"jeg_preview_item \">\n                            <div class=\"jeg_preview_item_thumbnail\">\n                                <img loading=\"lazy\" decoding=\"async\" width=\"120\" height=\"86\" src=\"https:\/\/atecordoba.org\/wp-content\/uploads\/2020\/08\/2020-08-20-Entrega-nota-salud-SUAC-Giuliani-medios-120x86.jpeg\" class=\"attachment-jnews-120x86 size-jnews-120x86\" alt=\"\" srcset=\"https:\/\/atecordoba.org\/wp-content\/uploads\/2020\/08\/2020-08-20-Entrega-nota-salud-SUAC-Giuliani-medios-120x86.jpeg 120w, https:\/\/atecordoba.org\/wp-content\/uploads\/2020\/08\/2020-08-20-Entrega-nota-salud-SUAC-Giuliani-medios-350x250.jpeg 350w, https:\/\/atecordoba.org\/wp-content\/uploads\/2020\/08\/2020-08-20-Entrega-nota-salud-SUAC-Giuliani-medios-750x536.jpeg 750w\" sizes=\"auto, (max-width: 120px) 100vw, 120px\" \/>\n                            <\/div>\n                        <\/a><a data-id=\"14\" data-title=\"\" data-image=\"https:\/\/atecordoba.org\/wp-content\/uploads\/2020\/08\/2020-08-20-Entrega-nota-salud-SUAC.jpeg\" href=\"https:\/\/atecordoba.org\/wp-content\/uploads\/2020\/08\/2020-08-20-Entrega-nota-salud-SUAC.jpeg\" class=\"jeg_preview_item \">\n                            <div class=\"jeg_preview_item_thumbnail\">\n                                <img loading=\"lazy\" decoding=\"async\" width=\"120\" height=\"86\" src=\"https:\/\/atecordoba.org\/wp-content\/uploads\/2020\/08\/2020-08-20-Entrega-nota-salud-SUAC-120x86.jpeg\" class=\"attachment-jnews-120x86 size-jnews-120x86\" alt=\"\" srcset=\"https:\/\/atecordoba.org\/wp-content\/uploads\/2020\/08\/2020-08-20-Entrega-nota-salud-SUAC-120x86.jpeg 120w, https:\/\/atecordoba.org\/wp-content\/uploads\/2020\/08\/2020-08-20-Entrega-nota-salud-SUAC-350x250.jpeg 350w, https:\/\/atecordoba.org\/wp-content\/uploads\/2020\/08\/2020-08-20-Entrega-nota-salud-SUAC-750x536.jpeg 750w\" sizes=\"auto, (max-width: 120px) 100vw, 120px\" \/>\n                            <\/div>\n                        <\/a><a data-id=\"15\" data-title=\"\" data-image=\"https:\/\/atecordoba.org\/wp-content\/uploads\/2020\/08\/Jornada-Protesta-desde-ATE.png\" href=\"https:\/\/atecordoba.org\/wp-content\/uploads\/2020\/08\/Jornada-Protesta-desde-ATE.png\" class=\"jeg_preview_item \">\n                            <div class=\"jeg_preview_item_thumbnail\">\n                                <img loading=\"lazy\" decoding=\"async\" width=\"120\" height=\"86\" src=\"https:\/\/atecordoba.org\/wp-content\/uploads\/2020\/08\/Jornada-Protesta-desde-ATE-120x86.png\" class=\"attachment-jnews-120x86 size-jnews-120x86\" alt=\"\" srcset=\"https:\/\/atecordoba.org\/wp-content\/uploads\/2020\/08\/Jornada-Protesta-desde-ATE-120x86.png 120w, https:\/\/atecordoba.org\/wp-content\/uploads\/2020\/08\/Jornada-Protesta-desde-ATE-350x250.png 350w, https:\/\/atecordoba.org\/wp-content\/uploads\/2020\/08\/Jornada-Protesta-desde-ATE-750x536.png 750w\" sizes=\"auto, (max-width: 120px) 100vw, 120px\" \/>\n                            <\/div>\n                        <\/a><a data-id=\"16\" data-title=\"\" data-image=\"https:\/\/atecordoba.org\/wp-content\/uploads\/2020\/08\/Jornada-Protesta-Ministerio.png\" href=\"https:\/\/atecordoba.org\/wp-content\/uploads\/2020\/08\/Jornada-Protesta-Ministerio.png\" class=\"jeg_preview_item \">\n                            <div class=\"jeg_preview_item_thumbnail\">\n                                <img loading=\"lazy\" decoding=\"async\" width=\"120\" height=\"86\" src=\"https:\/\/atecordoba.org\/wp-content\/uploads\/2020\/08\/Jornada-Protesta-Ministerio-120x86.png\" class=\"attachment-jnews-120x86 size-jnews-120x86\" alt=\"\" srcset=\"https:\/\/atecordoba.org\/wp-content\/uploads\/2020\/08\/Jornada-Protesta-Ministerio-120x86.png 120w, https:\/\/atecordoba.org\/wp-content\/uploads\/2020\/08\/Jornada-Protesta-Ministerio-350x250.png 350w, https:\/\/atecordoba.org\/wp-content\/uploads\/2020\/08\/Jornada-Protesta-Ministerio-750x536.png 750w\" sizes=\"auto, (max-width: 120px) 100vw, 120px\" \/>\n                            <\/div>\n                        <\/a><a data-id=\"17\" data-title=\"\" data-image=\"https:\/\/atecordoba.org\/wp-content\/uploads\/2020\/08\/Jornada-Protesta-ATE.png\" href=\"https:\/\/atecordoba.org\/wp-content\/uploads\/2020\/08\/Jornada-Protesta-ATE.png\" class=\"jeg_preview_item \">\n                            <div class=\"jeg_preview_item_thumbnail\">\n                                <img loading=\"lazy\" decoding=\"async\" width=\"120\" height=\"86\" src=\"https:\/\/atecordoba.org\/wp-content\/uploads\/2020\/08\/Jornada-Protesta-ATE-120x86.png\" class=\"attachment-jnews-120x86 size-jnews-120x86\" alt=\"\" srcset=\"https:\/\/atecordoba.org\/wp-content\/uploads\/2020\/08\/Jornada-Protesta-ATE-120x86.png 120w, https:\/\/atecordoba.org\/wp-content\/uploads\/2020\/08\/Jornada-Protesta-ATE-350x250.png 350w, https:\/\/atecordoba.org\/wp-content\/uploads\/2020\/08\/Jornada-Protesta-ATE-750x536.png 750w\" sizes=\"auto, (max-width: 120px) 100vw, 120px\" \/>\n                            <\/div>\n                        <\/a>\n                    <\/div>\n                        <\/div>\n                        <div class=\"jeg_preview_description\">\n                            \n                            <div class=\"jeg_preview_description_wrapper\">\n                            \n                            <\/div>\n                        <\/div>\n                        <script>\n                            var gallery_1 = {\n                                rtl: false,\n                                native_zoom: false,\n                                zoom_max: 5,\n                                zoom_step: 40,\n                                image_sequence: [{\"src\":\"https:\\\/\\\/atecordoba.org\\\/wp-content\\\/uploads\\\/2020\\\/08\\\/2020-08-20-Corte-ATE-Pizzurno-4.jpeg\",\"w\":1032,\"h\":581,\"title\":\"\"},{\"src\":\"https:\\\/\\\/atecordoba.org\\\/wp-content\\\/uploads\\\/2020\\\/08\\\/2020-08-20-Corte-ATE-Pizzurno-5.jpeg\",\"w\":1032,\"h\":581,\"title\":\"\"},{\"src\":\"https:\\\/\\\/atecordoba.org\\\/wp-content\\\/uploads\\\/2020\\\/08\\\/2020-08-20-Corte-ATE-Pizzurno.jpeg\",\"w\":1032,\"h\":581,\"title\":\"\"},{\"src\":\"https:\\\/\\\/atecordoba.org\\\/wp-content\\\/uploads\\\/2020\\\/08\\\/2020-08-20-Corte-ATE-Pizzurno-3.jpeg\",\"w\":1032,\"h\":581,\"title\":\"\"},{\"src\":\"https:\\\/\\\/atecordoba.org\\\/wp-content\\\/uploads\\\/2020\\\/08\\\/2020-08-20-Corte-ATE-Pizzurno-1.jpeg\",\"w\":1032,\"h\":581,\"title\":\"\"},{\"src\":\"https:\\\/\\\/atecordoba.org\\\/wp-content\\\/uploads\\\/2020\\\/08\\\/2020-08-20-Corte-ATE-Pizzurno-2.jpeg\",\"w\":1032,\"h\":581,\"title\":\"\"},{\"src\":\"https:\\\/\\\/atecordoba.org\\\/wp-content\\\/uploads\\\/2020\\\/08\\\/2020-08-20-Corte-ATE-Pizzurno-6.jpeg\",\"w\":1032,\"h\":581,\"title\":\"\"},{\"src\":\"https:\\\/\\\/atecordoba.org\\\/wp-content\\\/uploads\\\/2020\\\/08\\\/2020-08-20-Corte-ATE-Pizzurno-7.jpeg\",\"w\":1032,\"h\":581,\"title\":\"\"},{\"src\":\"https:\\\/\\\/atecordoba.org\\\/wp-content\\\/uploads\\\/2020\\\/08\\\/2020-08-20-Corte-ATE-Pizzurno-8.jpeg\",\"w\":1032,\"h\":581,\"title\":\"\"},{\"src\":\"https:\\\/\\\/atecordoba.org\\\/wp-content\\\/uploads\\\/2020\\\/08\\\/2020-08-20-Corte-ATE-Pizzurno-Giuliani-Duran.jpeg\",\"w\":1032,\"h\":581,\"title\":\"\"},{\"src\":\"https:\\\/\\\/atecordoba.org\\\/wp-content\\\/uploads\\\/2020\\\/08\\\/2020-08-20-Entrega-nota-salud-SUAC-2.jpeg\",\"w\":1280,\"h\":721,\"title\":\"\"},{\"src\":\"https:\\\/\\\/atecordoba.org\\\/wp-content\\\/uploads\\\/2020\\\/08\\\/2020-08-20-Entrega-nota-salud-SUAC-2-1.jpeg\",\"w\":1280,\"h\":721,\"title\":\"\"},{\"src\":\"https:\\\/\\\/atecordoba.org\\\/wp-content\\\/uploads\\\/2020\\\/08\\\/2020-08-20-Entrega-nota-salud-SUAC-3.jpeg\",\"w\":1280,\"h\":721,\"title\":\"\"},{\"src\":\"https:\\\/\\\/atecordoba.org\\\/wp-content\\\/uploads\\\/2020\\\/08\\\/2020-08-20-Entrega-nota-salud-SUAC-Giuliani-medios.jpeg\",\"w\":1280,\"h\":721,\"title\":\"\"},{\"src\":\"https:\\\/\\\/atecordoba.org\\\/wp-content\\\/uploads\\\/2020\\\/08\\\/2020-08-20-Entrega-nota-salud-SUAC.jpeg\",\"w\":1280,\"h\":721,\"title\":\"\"},{\"src\":\"https:\\\/\\\/atecordoba.org\\\/wp-content\\\/uploads\\\/2020\\\/08\\\/Jornada-Protesta-desde-ATE.png\",\"w\":1080,\"h\":1080,\"title\":\"\"},{\"src\":\"https:\\\/\\\/atecordoba.org\\\/wp-content\\\/uploads\\\/2020\\\/08\\\/Jornada-Protesta-Ministerio.png\",\"w\":1080,\"h\":1080,\"title\":\"\"},{\"src\":\"https:\\\/\\\/atecordoba.org\\\/wp-content\\\/uploads\\\/2020\\\/08\\\/Jornada-Protesta-ATE.png\",\"w\":1080,\"h\":1080,\"title\":\"\"}]\n                            };\n                        <\/script>\n                    <\/div>\n<p>Con una concurrida afluencia de trabajadoras y trabajadores de la Salud Provincial, <strong>ATE C\u00f3rdoba realiz\u00f3 esta ma\u00f1ana una movilizaci\u00f3n<\/strong> -frente a la sede del Pizzurno, en Av. V\u00e9lez Sarsfield al 2300-, <strong>en reclamo por reapertura de paritarias<\/strong> (clausuradas con la &#8220;excusa de la pandemia&#8221;), <strong>la incorporaci\u00f3n urgente de personal a hospitales p\u00fablicos, la provisi\u00f3n permanente y adecuada de Elementos de Protecci\u00f3n Personal (EPP) para todo el personal de salud,\u00a0 testeos (PCR RT) peri\u00f3dicos y sistem\u00e1ticos para la totalidad de las y los trabajadores y contra el ajuste Previsional del Gobierno de Schiaretti a la Caja de Jubilaciones de la Provincia.<\/strong><\/p>\n<p><strong>Federico Giuliani, Secretario General de ATE C\u00f3rdoba<\/strong>, expres\u00f3 que &#8220;nos movilizamos hoy ante la falta de respuestas a las demandas que venimos realizando&#8221;. El m\u00e1ximo representante provincial de la organizaci\u00f3n que nuclea a trabajadoras y trabajadores de los estados nacional, provincial y municipal remarc\u00f3 que &#8220;claramente estos problemas ven\u00edan de antes de la pandemia: precarizaci\u00f3n laboral, salarios de miseria, falta de insumos b\u00e1sicos para poder trabajar de manera digna&#8221; y que &#8220;la pandemia profundiz\u00f3 la gran desigualdad social y la brecha laboral que existe en nuestra primera l\u00ednea de combate contra el coronavirus&#8221;. Por este motivo, Giuliani advirti\u00f3 acerca de &#8220;la gran insensibilidad del Gobierno Provincial y la falta de capacidad y gesti\u00f3n por parte del Ministro de Salud Provincial, Diego Cardozo. El desprecio por la salud p\u00fablica es evidente si no cuidan a las trabajadoras y trabajadores&#8221;, sentenci\u00f3 Giuliani.<\/p>\n<div class=\"epyt-video-wrapper\"><iframe loading=\"lazy\"  style=\"display: block; margin: 0px auto;\"  id=\"_ytid_24261\"  width=\"480\" height=\"270\"  data-origwidth=\"480\" data-origheight=\"270\" src=\"https:\/\/www.youtube.com\/embed\/2BIRCWCZlkw?enablejsapi=1&autoplay=0&cc_load_policy=0&cc_lang_pref=&iv_load_policy=3&loop=0&rel=0&fs=1&playsinline=0&autohide=2&theme=dark&color=red&controls=1&disablekb=0&\" class=\"__youtube_prefs__  no-lazyload\" title=\"YouTube player\"  allow=\"fullscreen; accelerometer; autoplay; clipboard-write; encrypted-media; gyroscope; picture-in-picture; web-share\" referrerpolicy=\"strict-origin-when-cross-origin\" allowfullscreen data-no-lazy=\"1\" data-skipgform_ajax_framebjll=\"\"><\/iframe><\/div>\n<p><strong>La Jornada en el interior Provincial<\/strong><\/p>\n<p>https:\/\/www.facebook.com\/155901921487744\/posts\/946267675784494\/<\/p>\n<p>https:\/\/www.facebook.com\/1016482468397278\/posts\/3244999822212187\/<\/p>\n<p>&nbsp;<\/p>\n<p>https:\/\/www.facebook.com\/420249625406065\/posts\/774053146692376\/<\/p>\n","protected":false},"excerpt":{"rendered":"<p>Con una concurrida afluencia de trabajadoras y trabajadores de la Salud Provincial, ATE C\u00f3rdoba realiz\u00f3 esta ma\u00f1ana una movilizaci\u00f3n -frente a la sede del Pizzurno, en Av. V\u00e9lez Sarsfield al 2300-, en reclamo por reapertura de paritarias (clausuradas con la &#8220;excusa de la pandemia&#8221;), la incorporaci\u00f3n urgente de personal a hospitales p\u00fablicos, la provisi\u00f3n permanente [&hellip;]<\/p>\n","protected":false},"author":6,"featured_media":21333,"comment_status":"open","ping_status":"open","sticky":false,"template":"","format":"standard","meta":{"_exactmetrics_skip_tracking":false,"_exactmetrics_sitenote_active":false,"_exactmetrics_sitenote_note":"","_exactmetrics_sitenote_category":0,"jnews-multi-image_gallery":[],"jnews_single_post":{"source_name":"","source_url":"","via_name":"","via_url":"","override_template":"0","override":[{"template":"1","single_blog_custom":"","parallax":"1","fullscreen":"0","layout":"right-sidebar","sidebar":"default-sidebar","second_sidebar":"default-sidebar","sticky_sidebar":"1","share_position":"top","share_float_style":"share-monocrhome","show_share_counter":"1","show_view_counter":"1","show_featured":"1","show_post_meta":"1","show_post_author":"1","show_post_author_image":"1","show_post_date":"1","post_date_format":"default","post_date_format_custom":"Y\/m\/d","show_post_category":"1","show_post_reading_time":"0","post_reading_time_wpm":"300","show_zoom_button":"0","zoom_button_out_step":"2","zoom_button_in_step":"3","show_post_tag":"1","show_prev_next_post":"1","show_popup_post":"1","number_popup_post":"1","show_author_box":"0","show_post_related":"0","show_inline_post_related":"0"}],"override_image_size":"0","image_override":[{"single_post_thumbnail_size":"crop-500","single_post_gallery_size":"crop-500"}],"trending_post":"0","trending_post_position":"meta","trending_post_label":"Trending","sponsored_post":"0","sponsored_post_label":"Sponsored by","sponsored_post_name":"","sponsored_post_url":"","sponsored_post_logo_enable":"0","sponsored_post_logo":"","sponsored_post_desc":""},"jnews_primary_category":{"id":""},"jnews_social_meta":{"fb_title":"","fb_description":"","fb_image":"","twitter_title":"","twitter_description":"","twitter_image":""},"jnews_review":[],"enable_review":"0","type":"percentage","name":"","summary":"","brand":"","sku":"","good":[{"good_text":""}],"bad":[{"bad_text":""}],"score_override":"","override_value":"","rating":[{"rating_text":"","rating_number":"10"}],"price":[{"shop":"","price":"","link":"","icon":""}],"jnews_override_counter":{"override_view_counter":"0","view_counter_number":"0","override_share_counter":"0","share_counter_number":"0","override_like_counter":"0","like_counter_number":"0","override_dislike_counter":"0","dislike_counter_number":"0"},"jnews_post_split":{"enable_post_split":"0","post_split":[{"template":"1","tag":"h2","numbering":"asc","mode":"normal"}]},"footnotes":""},"categories":[341,104],"tags":[],"class_list":["post-21329","post","type-post","status-publish","format-standard","has-post-thumbnail","hentry","category-cdp","category-departamento-de-salud"],"jetpack_featured_media_url":"https:\/\/atecordoba.org\/wp-content\/uploads\/2020\/08\/2020-08-20-Corte-ATE-Pizzurno-4.jpeg","_links":{"self":[{"href":"https:\/\/atecordoba.org\/index.php?rest_route=\/wp\/v2\/posts\/21329","targetHints":{"allow":["GET"]}}],"collection":[{"href":"https:\/\/atecordoba.org\/index.php?rest_route=\/wp\/v2\/posts"}],"about":[{"href":"https:\/\/atecordoba.org\/index.php?rest_route=\/wp\/v2\/types\/post"}],"author":[{"embeddable":true,"href":"https:\/\/atecordoba.org\/index.php?rest_route=\/wp\/v2\/users\/6"}],"replies":[{"embeddable":true,"href":"https:\/\/atecordoba.org\/index.php?rest_route=%2Fwp%2Fv2%2Fcomments&post=21329"}],"version-history":[{"count":3,"href":"https:\/\/atecordoba.org\/index.php?rest_route=\/wp\/v2\/posts\/21329\/revisions"}],"predecessor-version":[{"id":21350,"href":"https:\/\/atecordoba.org\/index.php?rest_route=\/wp\/v2\/posts\/21329\/revisions\/21350"}],"wp:featuredmedia":[{"embeddable":true,"href":"https:\/\/atecordoba.org\/index.php?rest_route=\/wp\/v2\/media\/21333"}],"wp:attachment":[{"href":"https:\/\/atecordoba.org\/index.php?rest_route=%2Fwp%2Fv2%2Fmedia&parent=21329"}],"wp:term":[{"taxonomy":"category","embeddable":true,"href":"https:\/\/atecordoba.org\/index.php?rest_route=%2Fwp%2Fv2%2Fcategories&post=21329"},{"taxonomy":"post_tag","embeddable":true,"href":"https:\/\/atecordoba.org\/index.php?rest_route=%2Fwp%2Fv2%2Ftags&post=21329"}],"curies":[{"name":"wp","href":"https:\/\/api.w.org\/{rel}","templated":true}]}}