{"id":21315,"date":"2020-08-19T19:55:23","date_gmt":"2020-08-19T22:55:23","guid":{"rendered":"https:\/\/atecordoba.org\/?p=21315"},"modified":"2020-08-19T19:55:23","modified_gmt":"2020-08-19T22:55:23","slug":"la-libertad-sindical-en-los-municipios-latinoamericanos-se-discutio-en-ate-cordoba","status":"publish","type":"post","link":"https:\/\/atecordoba.org\/?p=21315","title":{"rendered":"La libertad sindical en los municipios latinoamericanos se discuti\u00f3 en ATE C\u00f3rdoba"},"content":{"rendered":"<div style='display:none' class=\"jeg_preview_slider gallery_1\" data-selector='gallery_1'>\n                        <div class=\"jeg_preview_holder\">\n                            <div class=\"jeg_preview_media\">\n                        <div class=\"jeg_preview_media_holder\">\n                            <h3>&nbsp;<\/h3>\n                            <div class=\"fullscreen-switch\">\n                                <i class=\"fa\"><\/i>\n                            <\/div>\n                            <div class=\"jeg_preview_media_content\">\n                                <div class=\"jeg_preview_media_content_holder_padding\">\n                                    <div class=\"jeg_preview_media_content_holder\"><\/div>\n                                <\/div>\n                                <div class=\"jeg_preview_media_content_navigation\">\n                                    <div class=\"prev\">\n\t\t\t\t\t\t\t\t\t\t<i class=\"fa\"><\/i>\n\t\t\t\t\t\t\t\t\t<\/div>\n                                    <div class=\"next\">\n\t\t\t\t\t\t\t\t\t\t<i class=\"fa\"><\/i>\n\t\t\t\t\t\t\t\t\t<\/div>\n                                <\/div>\n                                <div class='preview-slider-overlay'>\n                                    <div class='preloader_type preloader_dot'>\n                                        <div class=\"module-preloader jeg_preloader dot\">\n                                            <span><\/span><span><\/span><span><\/span>\n                                        <\/div>\n                                        <div class=\"module-preloader jeg_preloader circle\">\n                                            <div class=\"jnews_preloader_circle_outer\">\n                                                <div class=\"jnews_preloader_circle_inner\"><\/div>\n                                            <\/div>\n                                        <\/div>\n                                        <div class=\"module-preloader jeg_preloader square\">\n                                            <div class=\"jeg_square\">\n                                                <div class=\"jeg_square_inner\"><\/div>\n                                            <\/div>\n                                        <\/div>\n                                    <\/div>\n                                <\/div>\n                            <\/div>\n                            <div class=\"jeg_preview_control\">\n                                <div class=\"left_control\">\n                                    <div class=\"counter\"><span class=\"current\">1<\/span> de  3<\/div>\n                                    <div class=\"subtitle\"><\/div>\n                                <\/div>\n                                <div class=\"zoom\">\n                                    <span class=\"reduce\">-<\/span>\n                                    <span class=\"increase\">+<\/span>\n                                <\/div>\n                            <\/div>\n                        <\/div>\n                    <\/div>\n\n                    <div class=\"jeg_preview_bottom_slider\">\n                        <a data-id=\"0\" data-title=\"\" data-image=\"https:\/\/atecordoba.org\/wp-content\/uploads\/2020\/08\/2020-08-19-Municipales-Clate.jpg\" href=\"https:\/\/atecordoba.org\/wp-content\/uploads\/2020\/08\/2020-08-19-Municipales-Clate.jpg\" class=\"jeg_preview_item active\">\n                            <div class=\"jeg_preview_item_thumbnail\">\n                                <img loading=\"lazy\" decoding=\"async\" width=\"120\" height=\"86\" src=\"https:\/\/atecordoba.org\/wp-content\/uploads\/2020\/08\/2020-08-19-Municipales-Clate-120x86.jpg\" class=\"attachment-jnews-120x86 size-jnews-120x86\" alt=\"\" srcset=\"https:\/\/atecordoba.org\/wp-content\/uploads\/2020\/08\/2020-08-19-Municipales-Clate-120x86.jpg 120w, https:\/\/atecordoba.org\/wp-content\/uploads\/2020\/08\/2020-08-19-Municipales-Clate-350x250.jpg 350w, https:\/\/atecordoba.org\/wp-content\/uploads\/2020\/08\/2020-08-19-Municipales-Clate-750x536.jpg 750w, https:\/\/atecordoba.org\/wp-content\/uploads\/2020\/08\/2020-08-19-Municipales-Clate-1140x815.jpg 1140w\" sizes=\"auto, (max-width: 120px) 100vw, 120px\" \/>\n                            <\/div>\n                        <\/a><a data-id=\"1\" data-title=\"\" data-image=\"https:\/\/atecordoba.org\/wp-content\/uploads\/2020\/08\/Captura-2.png\" href=\"https:\/\/atecordoba.org\/wp-content\/uploads\/2020\/08\/Captura-2.png\" class=\"jeg_preview_item \">\n                            <div class=\"jeg_preview_item_thumbnail\">\n                                <img loading=\"lazy\" decoding=\"async\" width=\"120\" height=\"86\" src=\"https:\/\/atecordoba.org\/wp-content\/uploads\/2020\/08\/Captura-2-120x86.png\" class=\"attachment-jnews-120x86 size-jnews-120x86\" alt=\"\" srcset=\"https:\/\/atecordoba.org\/wp-content\/uploads\/2020\/08\/Captura-2-120x86.png 120w, https:\/\/atecordoba.org\/wp-content\/uploads\/2020\/08\/Captura-2-350x250.png 350w, https:\/\/atecordoba.org\/wp-content\/uploads\/2020\/08\/Captura-2-750x536.png 750w, https:\/\/atecordoba.org\/wp-content\/uploads\/2020\/08\/Captura-2-1140x815.png 1140w\" sizes=\"auto, (max-width: 120px) 100vw, 120px\" \/>\n                            <\/div>\n                        <\/a><a data-id=\"2\" data-title=\"\" data-image=\"https:\/\/atecordoba.org\/wp-content\/uploads\/2020\/08\/Captura.png\" href=\"https:\/\/atecordoba.org\/wp-content\/uploads\/2020\/08\/Captura.png\" class=\"jeg_preview_item \">\n                            <div class=\"jeg_preview_item_thumbnail\">\n                                <img loading=\"lazy\" decoding=\"async\" width=\"120\" height=\"86\" src=\"https:\/\/atecordoba.org\/wp-content\/uploads\/2020\/08\/Captura-120x86.png\" class=\"attachment-jnews-120x86 size-jnews-120x86\" alt=\"\" srcset=\"https:\/\/atecordoba.org\/wp-content\/uploads\/2020\/08\/Captura-120x86.png 120w, https:\/\/atecordoba.org\/wp-content\/uploads\/2020\/08\/Captura-350x250.png 350w, https:\/\/atecordoba.org\/wp-content\/uploads\/2020\/08\/Captura-750x536.png 750w, https:\/\/atecordoba.org\/wp-content\/uploads\/2020\/08\/Captura-1140x815.png 1140w\" sizes=\"auto, (max-width: 120px) 100vw, 120px\" \/>\n                            <\/div>\n                        <\/a>\n                    <\/div>\n                        <\/div>\n                        <div class=\"jeg_preview_description\">\n                            \n                            <div class=\"jeg_preview_description_wrapper\">\n                            \n                            <\/div>\n                        <\/div>\n                        <script>\n                            var gallery_1 = {\n                                rtl: false,\n                                native_zoom: false,\n                                zoom_max: 5,\n                                zoom_step: 40,\n                                image_sequence: [{\"src\":\"https:\\\/\\\/atecordoba.org\\\/wp-content\\\/uploads\\\/2020\\\/08\\\/2020-08-19-Municipales-Clate.jpg\",\"w\":2000,\"h\":1600,\"title\":\"\"},{\"src\":\"https:\\\/\\\/atecordoba.org\\\/wp-content\\\/uploads\\\/2020\\\/08\\\/Captura-2.png\",\"w\":1440,\"h\":900,\"title\":\"\"},{\"src\":\"https:\\\/\\\/atecordoba.org\\\/wp-content\\\/uploads\\\/2020\\\/08\\\/Captura.png\",\"w\":1440,\"h\":900,\"title\":\"\"}]\n                            };\n                        <\/script>\n                    <\/div>\n<p>De la actividad participaron m\u00e1s de 90 personas, entre quienes asistieron v\u00eda zoom y quienes siguieron la reuni\u00f3n en vivo por las redes sociales de ATE C\u00f3rdoba. Intervinieron Federico Giuliani, Secretario General del Consejo Directivo Provincial (CDP) de ATE C\u00f3rdoba; Julio Fuentes, Presidente de la Confederaci\u00f3n Latinoamericana y del Caribe de Trabajadores Estatales (CLATE); Valeria Ripoll, Secretaria General de ADEOM, Presidenta de la Federaci\u00f3n Nacional de Municipales (PITCNT) Uruguay; Eduardo Chamarelli Correia, Vice Pte. Da Federa\u00e7\u00e3o dos Servidores P\u00fablicos de R\u00edo de Janeiro (FESEP RJ); y Ren\u00e9 Palomares Parra del Sindicato \u00danico de Trabajadores de los Poderes, Municipios e Instituciones Descentralizadas del Estado de M\u00e9xico (SUTEYM); y cont\u00f3 con la moderaci\u00f3n de Julia Giuliani, trabajadora municipal y Secretaria de Prensa y Comunicaci\u00f3n del CDP de ATE C\u00f3rdoba.<\/p>\n<p>La apertura de la jornada estuvo a cargo de Federico Giuliani quien celebr\u00f3 haber &#8220;logrado que haya compa\u00f1eros y amigos de toda Latinoam\u00e9rica debatiendo esta tem\u00e1tica que nos convoca que es la del eslab\u00f3n m\u00e1s vulnerado del empleo p\u00fablico&#8221;. Giuliani destac\u00f3 que en la Provincia de C\u00f3rdoba &#8220;son 100 mil trabajadoras y trabajadores estatales municipales en la Provincia, con 429 comunas y municipios, en casi todos los casos viviendo una realidad muchas veces penosa&#8221;. En ese sentido, el Secretario General de ATE C\u00f3rdoba remarc\u00f3 que &#8220;por m\u00e1s que gobierne cualquier partido, los intendentes se comportan como patrones de estancia&#8221;. Giuliani llam\u00f3 la atenci\u00f3n sobre la falta de libertad de las y los trabajadores para elegir c\u00f3mo desean organizarse: &#8220;No nos permiten elegir d\u00f3nde organizarnos porque hay acuerdos entre la burocracia sindical que se autoadjudica la representaci\u00f3n de los trabajadores y las patronales. As\u00ed vemos c\u00f3mo se congelan salarios, no existen las carreras, antiguedades, vaciones pagas, derecho a la salubridad, etc, sin que las organizaciones primera hagan todo lo que est\u00e1 a su alcance para que ello no suceda&#8221;.<br \/>\nGiuliani explic\u00f3 que desde C\u00f3rdoba se est\u00e1 planteando una &#8220;paritaria unificada para obtener un piso de dignidad. No queremos los viejos estatutos que datan de la dictadura olig\u00e1rquico-c\u00edvico-militar: queremos un convenio unificado&#8221; y destac\u00f3 que &#8220;de las 6 Seccionales de ATE C\u00f3rdoba, 3 las conducen trabajadoras y trabajadores municipales&#8221;.<br \/>\nEl Secretario General de ATE C\u00f3rdoba llam\u00f3 la atenci\u00f3n ante el contexto de clausura de paritarias: &#8220;Si bien logramos echar al gobierno de Macri, a\u00fan hoy a mitad de agosto no hemos discutido paritarias. Es as\u00ed que lo que no se discute en la Naci\u00f3n, tampoco se discute en las provincias y sus municipios&#8221;.<br \/>\nPor \u00faltimo, Giuliani defini\u00f3 que &#8220;la salida es continental con el conjunto de sus trabajadoras y trabajadores&#8221; y que debemos &#8220;pasar de la reivindicaci\u00f3n al programa, pensando en m\u00e1s Estado popular presente&#8221;.<\/p>\n<p>Julio Fuentes, Presidente de la CLATE, hizo hincapi\u00e9 en que &#8220;el Estado Municipal es el primer Estado. Antes que las Naciones se fundaron ciudades sobre las ciudades destruidas ya existentes, muchas veces&#8221; y destac\u00f3 que los municipios son &#8220;los Estados a los que muchas veces el Pueblo accede y puede ejercer, casi, una democracia directa en muchas oportunidades&#8221;. En ese sentido, puso el foco en el problema de que son &#8220;pocos los municipios&#8221; en nuestros pa\u00edses latinoamericanos, tendiendo &#8220;a llevar a la gente a las mega-ciudades. Y es all\u00ed donde se ven los mayores dramas habitacionales, de pobreza, etc&#8221;. De esta forma, seg\u00fan Fuentes, se debilita el acceso de la representaci\u00f3n: &#8220;imaginemos que 12 millones de habitantes en San Pablo tienen solo 52 concejales&#8221;. &#8220;Es por ello que pensar en mayor cantidad de municipios, m\u00e1s chicos, son b\u00e1sicos para hacer m\u00e1s participativas nuestras sociedades&#8221;.<br \/>\nPor otro lado, el presidente de CLATE reclam\u00f3 ante el &#8220;poco recurso del gasto p\u00fablico destinado a los Estados Municipales&#8221;. &#8220;Los Municipales somos los peores pagos en t\u00e9rminos generales y eso tiene una explicaci\u00f3n: en la Argentina, por ejemplo, solo un 11 por ciento de presupuesto total se destina a los Municipios&#8221;.<\/p>\n<p>La Secretaria General de ADEOM, Presidenta de la Federaci\u00f3n Nacional de Municipales (PITCNT) de Uruguay, Valeria Ripoll, llam\u00f3 la atenci\u00f3n acerca de que &#8220;a veces estamos medio desconectados aunque cumplimos las mismas funciones en toda Am\u00e9rica Latina&#8221;. &#8220;En Uruguay -continu\u00f3 la referenta- la tarea municipal adem\u00e1s de ser muy precaria es muy desprestigiada. Siempre se carga la responsabilidad de las malas gestiones en las trabajadoras y trabajadores en nuestras espaldas cuando los malos gobiernos son ellos. Se toma al trabajador municipal como un trabajador privilegiado y nada m\u00e1s lejos de esa realidad&#8221;. Incluso, &#8220;muchas veces est\u00e1n obligados\/as a prestar servicios que tienen que ver con lo pol\u00edtico partidario para no perder el trabajo&#8221;.<br \/>\nRipoll hizo puso de manifiesto que &#8220;al momento de negociar con los trabajadores municipales, los municipios buscar\u00e1n trasladar los recortes que este gobierno nacional les impartir\u00e1 sobre los estados subnacionales&#8221;.<br \/>\nPor otro lado, la representante hizo referencia a la firma de &#8220;un acuerdo desde nuestra Federaci\u00f3n de Municipales con el Congreso de Intendente, que son los ingresos por concursos para darle transparencia al ingresos al trabajo p\u00fablico&#8221; y cerr\u00f3 con un llamado a la unidad: &#8220;debemos pensar en tomar alguna medida conjunta en toda Latinoam\u00e9rica. Ello podr\u00eda ser una muy buena herramienta porque sufrimos los mismos problemas&#8221;.<\/p>\n<p>Por su parte, Eduardo Chamarelli Correia, Vice Pte. Da Federa\u00e7\u00e3o dos Servidores P\u00fablicos de R\u00edo de Janeiro (FESEP RJ) advirti\u00f3 que en Brasil &#8220;tenemos un Gobierno neoliberal y fascista. Se ve de forma muy agresiva en Chile, en pa\u00edses de Am\u00e9rica Central, donde sus representaciones son engranajes de la interevenci\u00f3n directa de los Estados Unidos&#8221;. &#8220;Tenemos un ataque muy grande a nuestro sector municipal, con congelamiento de salarios, del ingreso a los servicios p\u00fablicos que cada vez est\u00e1n siendo privatizados en mayor medida: cada vez se pasan m\u00e1s cosas de la \u00f3rbita p\u00fablica a la privada&#8221;.<\/p>\n<p>Ren\u00e9 Palomares Parra del Sindicato \u00danico de Trabajadores de los Poderes, Municipios e Instituciones Descentralizadas del Estado de M\u00e9xico (SUTEYM) explic\u00f3 que su sindicato hoy tiene una organizaci\u00f3n federal, federada y con 450 mil afiliadas y afiliados y destac\u00f3 que las trabajadoras y trabajadores de los municipios &#8220;somos quienes logramos que las acciones de Gobierno puedan cristalizarse en mejoras a la poblaci\u00f3n: somos grandes &#8220;aliados&#8221;. Hemos podido garantizar la estabilidad en muchos municipios, tenemos que mejorar los esquemas de autofinanciamiento y autodefensa&#8221;. En este \u00faltimo sentido, Palomares explic\u00f3 que en su organizaci\u00f3n &#8220;cuando alg\u00fan trabajador es despedido\/a injustamente se le paga el salario con el fondo de resistencia, mientras \u00e9l\/ella litiga contra el el Estado&#8221;.<br \/>\nPor \u00faltimo, el representante del hermano pa\u00eds de M\u00e9xico advirti\u00f3 que &#8220;el teletrabajo ser\u00e1 algo que nos dejar\u00e1 una amenaza latente de que se tenga la intenci\u00f3n de disminuir la planta laboral en diferentes sectores&#8221;.<\/p>\n","protected":false},"excerpt":{"rendered":"<p>De la actividad participaron m\u00e1s de 90 personas, entre quienes asistieron v\u00eda zoom y quienes siguieron la reuni\u00f3n en vivo por las redes sociales de ATE C\u00f3rdoba. Intervinieron Federico Giuliani, Secretario General del Consejo Directivo Provincial (CDP) de ATE C\u00f3rdoba; Julio Fuentes, Presidente de la Confederaci\u00f3n Latinoamericana y del Caribe de Trabajadores Estatales (CLATE); Valeria [&hellip;]<\/p>\n","protected":false},"author":6,"featured_media":21318,"comment_status":"open","ping_status":"open","sticky":false,"template":"","format":"standard","meta":{"_exactmetrics_skip_tracking":false,"_exactmetrics_sitenote_active":false,"_exactmetrics_sitenote_note":"","_exactmetrics_sitenote_category":0,"jnews-multi-image_gallery":[],"jnews_single_post":{"source_name":"","source_url":"","via_name":"","via_url":"","override_template":"0","override":[{"template":"1","single_blog_custom":"","parallax":"1","fullscreen":"0","layout":"right-sidebar","sidebar":"default-sidebar","second_sidebar":"default-sidebar","sticky_sidebar":"1","share_position":"top","share_float_style":"share-monocrhome","show_share_counter":"1","show_view_counter":"1","show_featured":"1","show_post_meta":"1","show_post_author":"1","show_post_author_image":"1","show_post_date":"1","post_date_format":"default","post_date_format_custom":"Y\/m\/d","show_post_category":"1","show_post_reading_time":"0","post_reading_time_wpm":"300","show_zoom_button":"0","zoom_button_out_step":"2","zoom_button_in_step":"3","show_post_tag":"1","show_prev_next_post":"1","show_popup_post":"1","number_popup_post":"1","show_author_box":"0","show_post_related":"0","show_inline_post_related":"0"}],"override_image_size":"0","image_override":[{"single_post_thumbnail_size":"crop-500","single_post_gallery_size":"crop-500"}],"trending_post":"0","trending_post_position":"meta","trending_post_label":"Trending","sponsored_post":"0","sponsored_post_label":"Sponsored by","sponsored_post_name":"","sponsored_post_url":"","sponsored_post_logo_enable":"0","sponsored_post_logo":"","sponsored_post_desc":""},"jnews_primary_category":{"id":""},"jnews_social_meta":{"fb_title":"","fb_description":"","fb_image":"","twitter_title":"","twitter_description":"","twitter_image":""},"jnews_review":[],"enable_review":"0","type":"percentage","name":"","summary":"","brand":"","sku":"","good":[{"good_text":""}],"bad":[{"bad_text":""}],"score_override":"","override_value":"","rating":[{"rating_text":"","rating_number":"10"}],"price":[{"shop":"","price":"","link":"","icon":""}],"jnews_override_counter":{"override_view_counter":"0","view_counter_number":"0","override_share_counter":"0","share_counter_number":"0","override_like_counter":"0","like_counter_number":"0","override_dislike_counter":"0","dislike_counter_number":"0"},"jnews_post_split":{"enable_post_split":"0","post_split":[{"template":"1","tag":"h2","numbering":"asc","mode":"normal"}]},"footnotes":""},"categories":[129,341,20],"tags":[],"class_list":["post-21315","post","type-post","status-publish","format-standard","has-post-thumbnail","hentry","category-clate","category-cdp","category-municipales"],"jetpack_featured_media_url":"https:\/\/atecordoba.org\/wp-content\/uploads\/2020\/08\/2020-08-19-Municipales-Clate.jpg","_links":{"self":[{"href":"https:\/\/atecordoba.org\/index.php?rest_route=\/wp\/v2\/posts\/21315","targetHints":{"allow":["GET"]}}],"collection":[{"href":"https:\/\/atecordoba.org\/index.php?rest_route=\/wp\/v2\/posts"}],"about":[{"href":"https:\/\/atecordoba.org\/index.php?rest_route=\/wp\/v2\/types\/post"}],"author":[{"embeddable":true,"href":"https:\/\/atecordoba.org\/index.php?rest_route=\/wp\/v2\/users\/6"}],"replies":[{"embeddable":true,"href":"https:\/\/atecordoba.org\/index.php?rest_route=%2Fwp%2Fv2%2Fcomments&post=21315"}],"version-history":[{"count":3,"href":"https:\/\/atecordoba.org\/index.php?rest_route=\/wp\/v2\/posts\/21315\/revisions"}],"predecessor-version":[{"id":21321,"href":"https:\/\/atecordoba.org\/index.php?rest_route=\/wp\/v2\/posts\/21315\/revisions\/21321"}],"wp:featuredmedia":[{"embeddable":true,"href":"https:\/\/atecordoba.org\/index.php?rest_route=\/wp\/v2\/media\/21318"}],"wp:attachment":[{"href":"https:\/\/atecordoba.org\/index.php?rest_route=%2Fwp%2Fv2%2Fmedia&parent=21315"}],"wp:term":[{"taxonomy":"category","embeddable":true,"href":"https:\/\/atecordoba.org\/index.php?rest_route=%2Fwp%2Fv2%2Fcategories&post=21315"},{"taxonomy":"post_tag","embeddable":true,"href":"https:\/\/atecordoba.org\/index.php?rest_route=%2Fwp%2Fv2%2Ftags&post=21315"}],"curies":[{"name":"wp","href":"https:\/\/api.w.org\/{rel}","templated":true}]}}