{"id":21312,"date":"2020-08-19T16:04:02","date_gmt":"2020-08-19T19:04:02","guid":{"rendered":"https:\/\/atecordoba.org\/?p=21312"},"modified":"2020-08-19T19:23:12","modified_gmt":"2020-08-19T22:23:12","slug":"el-tsj-contradice-su-propia-doctrina-previsional-al-rechazar-medidas-cautelares","status":"publish","type":"post","link":"https:\/\/atecordoba.org\/?p=21312","title":{"rendered":"El TSJ contradice su propia doctrina previsional al rechazar medidas cautelares"},"content":{"rendered":"<figure id=\"attachment_21313\" aria-describedby=\"caption-attachment-21313\" style=\"width: 606px\" class=\"wp-caption aligncenter\"><img loading=\"lazy\" decoding=\"async\" class=\"wp-image-21313\" src=\"https:\/\/atecordoba.org\/wp-content\/uploads\/2020\/08\/tsj-300x225.jpg\" alt=\"\" width=\"606\" height=\"454\" srcset=\"https:\/\/atecordoba.org\/wp-content\/uploads\/2020\/08\/tsj-300x225.jpg 300w, https:\/\/atecordoba.org\/wp-content\/uploads\/2020\/08\/tsj-1024x768.jpg 1024w, https:\/\/atecordoba.org\/wp-content\/uploads\/2020\/08\/tsj-768x576.jpg 768w, https:\/\/atecordoba.org\/wp-content\/uploads\/2020\/08\/tsj-1536x1152.jpg 1536w, https:\/\/atecordoba.org\/wp-content\/uploads\/2020\/08\/tsj-750x563.jpg 750w, https:\/\/atecordoba.org\/wp-content\/uploads\/2020\/08\/tsj-1140x855.jpg 1140w, https:\/\/atecordoba.org\/wp-content\/uploads\/2020\/08\/tsj.jpg 2048w\" sizes=\"auto, (max-width: 606px) 100vw, 606px\" \/><figcaption id=\"caption-attachment-21313\" class=\"wp-caption-text\">Sede se Tribunales.<\/figcaption><\/figure>\n<p>A pesar que no se trata de las presentaciones realizadas por ATE, el rechazo de las medidas cautelares presentadas contra la ley provincial de reforma previsional \u2013en el marco de la discusi\u00f3n de fondo sobre la inconstitucionalidad de la norma- supone para nuestro gremio un retroceso del Tribunal Superior de Justicia (TSJ) respecto a los derechos que asisten a los aportantes de la Caja de Jubilaciones de la Provincia.<\/p>\n<p>En concreto, el TSJ se manifest\u00f3 sobre el llamado \u2018n\u00facleo duro\u2019, denominado a partir del Fallo Bossio al m\u00ednimo de base del c\u00e1lculo de haber jubilatorio y las dem\u00e1s prestaciones previsionales. Contradictoriamente con sus propio fallo el tribunal expresa un grav\u00edsimo cambio en favor del ajuste de los sueldos de los jubilados de la Caja, que tras toda una vida de trabajo y aporte previsional, se ven podados en sus ingresos en el marco de un programa de fuerte ajuste que el gobierno de Schiaretti aplica sobre las y los estatales cordobeses.<\/p>\n<p>La argumentaci\u00f3n del TSJ, en l\u00ednea con el programa de ajuste que aplica Schiaretti, considera que las pensiones no forman parte del mencionado \u2018n\u00facleo duro\u2019 y por lo tanto pueden ser reducidas. Esta resoluci\u00f3n choca abiertamente con el art\u00edculo 57 de la Constituci\u00f3n Provincial, donde se se\u00f1ala expresamente que\u00a0\u201clas pensiones tambi\u00e9n son irreductibles\u201d al igual que las jubilaciones.<\/p>\n<p>&nbsp;<\/p>\n","protected":false},"excerpt":{"rendered":"<p>A pesar que no se trata de las presentaciones realizadas por ATE, el rechazo de las medidas cautelares presentadas contra la ley provincial de reforma previsional \u2013en el marco de la discusi\u00f3n de fondo sobre la inconstitucionalidad de la norma- supone para nuestro gremio un retroceso del Tribunal Superior de Justicia (TSJ) respecto a los [&hellip;]<\/p>\n","protected":false},"author":7,"featured_media":21313,"comment_status":"open","ping_status":"open","sticky":true,"template":"","format":"standard","meta":{"_exactmetrics_skip_tracking":false,"_exactmetrics_sitenote_active":false,"_exactmetrics_sitenote_note":"","_exactmetrics_sitenote_category":0,"jnews-multi-image_gallery":[],"jnews_single_post":{"source_name":"","source_url":"","via_name":"","via_url":"","override_template":"0","override":[{"template":"1","single_blog_custom":"","parallax":"1","fullscreen":"0","layout":"right-sidebar","sidebar":"default-sidebar","second_sidebar":"default-sidebar","sticky_sidebar":"1","share_position":"top","share_float_style":"share-monocrhome","show_share_counter":"1","show_view_counter":"1","show_featured":"1","show_post_meta":"1","show_post_author":"1","show_post_author_image":"1","show_post_date":"1","post_date_format":"default","post_date_format_custom":"Y\/m\/d","show_post_category":"1","show_post_reading_time":"0","post_reading_time_wpm":"300","show_zoom_button":"0","zoom_button_out_step":"2","zoom_button_in_step":"3","show_post_tag":"1","show_prev_next_post":"1","show_popup_post":"1","number_popup_post":"1","show_author_box":"0","show_post_related":"0","show_inline_post_related":"0"}],"override_image_size":"0","image_override":[{"single_post_thumbnail_size":"crop-500","single_post_gallery_size":"crop-500"}],"trending_post":"0","trending_post_position":"meta","trending_post_label":"Trending","sponsored_post":"0","sponsored_post_label":"Sponsored by","sponsored_post_name":"","sponsored_post_url":"","sponsored_post_logo_enable":"0","sponsored_post_logo":"","sponsored_post_desc":""},"jnews_primary_category":{"id":""},"jnews_social_meta":{"fb_title":"","fb_description":"","fb_image":"","twitter_title":"","twitter_description":"","twitter_image":""},"jnews_review":[],"enable_review":"0","type":"percentage","name":"","summary":"","brand":"","sku":"","good":[{"good_text":""}],"bad":[{"bad_text":""}],"score_override":"","override_value":"","rating":[{"rating_text":"","rating_number":"10"}],"price":[{"shop":"","price":"","link":"","icon":""}],"jnews_override_counter":{"override_view_counter":"0","view_counter_number":"0","override_share_counter":"0","share_counter_number":"0","override_like_counter":"0","like_counter_number":"0","override_dislike_counter":"0","dislike_counter_number":"0"},"jnews_post_split":{"enable_post_split":"0","post_split":[{"template":"1","tag":"h2","numbering":"asc","mode":"normal"}]},"footnotes":""},"categories":[341,22],"tags":[422,492,23,521],"class_list":["post-21312","post","type-post","status-publish","format-standard","has-post-thumbnail","hentry","category-cdp","category-jubilados","tag-ajuste-schiaretti","tag-caja-de-jubilaciones","tag-jubilados-2","tag-justicia"],"jetpack_featured_media_url":"https:\/\/atecordoba.org\/wp-content\/uploads\/2020\/08\/tsj.jpg","_links":{"self":[{"href":"https:\/\/atecordoba.org\/index.php?rest_route=\/wp\/v2\/posts\/21312","targetHints":{"allow":["GET"]}}],"collection":[{"href":"https:\/\/atecordoba.org\/index.php?rest_route=\/wp\/v2\/posts"}],"about":[{"href":"https:\/\/atecordoba.org\/index.php?rest_route=\/wp\/v2\/types\/post"}],"author":[{"embeddable":true,"href":"https:\/\/atecordoba.org\/index.php?rest_route=\/wp\/v2\/users\/7"}],"replies":[{"embeddable":true,"href":"https:\/\/atecordoba.org\/index.php?rest_route=%2Fwp%2Fv2%2Fcomments&post=21312"}],"version-history":[{"count":1,"href":"https:\/\/atecordoba.org\/index.php?rest_route=\/wp\/v2\/posts\/21312\/revisions"}],"predecessor-version":[{"id":21314,"href":"https:\/\/atecordoba.org\/index.php?rest_route=\/wp\/v2\/posts\/21312\/revisions\/21314"}],"wp:featuredmedia":[{"embeddable":true,"href":"https:\/\/atecordoba.org\/index.php?rest_route=\/wp\/v2\/media\/21313"}],"wp:attachment":[{"href":"https:\/\/atecordoba.org\/index.php?rest_route=%2Fwp%2Fv2%2Fmedia&parent=21312"}],"wp:term":[{"taxonomy":"category","embeddable":true,"href":"https:\/\/atecordoba.org\/index.php?rest_route=%2Fwp%2Fv2%2Fcategories&post=21312"},{"taxonomy":"post_tag","embeddable":true,"href":"https:\/\/atecordoba.org\/index.php?rest_route=%2Fwp%2Fv2%2Ftags&post=21312"}],"curies":[{"name":"wp","href":"https:\/\/api.w.org\/{rel}","templated":true}]}}