{"id":21275,"date":"2020-08-18T11:29:34","date_gmt":"2020-08-18T14:29:34","guid":{"rendered":"https:\/\/atecordoba.org\/?p=21275"},"modified":"2020-08-18T11:29:34","modified_gmt":"2020-08-18T14:29:34","slug":"plenario-del-ministerio-de-trabajo-rechazo-el-congelamiento-salarial-para-los-estatales-y-convoca-a-una-protesta-el-jueves-20-de-agosto","status":"publish","type":"post","link":"https:\/\/atecordoba.org\/?p=21275","title":{"rendered":"Plenario del Ministerio de Trabajo rechaz\u00f3 el congelamiento salarial para los estatales y convoca a una protesta el jueves 20 de agosto"},"content":{"rendered":"<p><img loading=\"lazy\" decoding=\"async\" class=\" wp-image-21276 aligncenter\" src=\"https:\/\/atecordoba.org\/wp-content\/uploads\/2020\/08\/IMG-20200814-WA0005-300x177.jpg\" alt=\"\" width=\"606\" height=\"358\" srcset=\"https:\/\/atecordoba.org\/wp-content\/uploads\/2020\/08\/IMG-20200814-WA0005-300x177.jpg 300w, https:\/\/atecordoba.org\/wp-content\/uploads\/2020\/08\/IMG-20200814-WA0005-1024x604.jpg 1024w, https:\/\/atecordoba.org\/wp-content\/uploads\/2020\/08\/IMG-20200814-WA0005-768x453.jpg 768w, https:\/\/atecordoba.org\/wp-content\/uploads\/2020\/08\/IMG-20200814-WA0005-750x442.jpg 750w, https:\/\/atecordoba.org\/wp-content\/uploads\/2020\/08\/IMG-20200814-WA0005.jpg 1126w\" sizes=\"auto, (max-width: 606px) 100vw, 606px\" \/><\/p>\n<p>El pasado jueves 13 de Agosto se realiz\u00f3 un plenario de trabajadores y trabajadoras del Ministerio de Trabajo de la Naci\u00f3n. El encuentro v\u00eda zoom cont\u00f3 con la participaci\u00f3n de m\u00e1s de 200 compa\u00f1eros y compa\u00f1eras presentes tanto de nivel central como pertenecientes a m\u00e1s de 20 Agencias Territoriales de todo el pa\u00eds.<\/p>\n<p>El plenario convoc\u00f3 a realizar una Jornada Nacional de visibilizaci\u00f3n y lucha el pr\u00f3ximo jueves 20, \u201cconsistente en una campa\u00f1a en redes sociales con nuestras principales demandas y la entrega presencial a las autoridades del MTEySS de la agenda gremial de los trabajadores y trabajadoras del organismo\u201d.<\/p>\n<p>En representaci\u00f3n del sector en C\u00f3rdoba participaron los delegados Jorge Chalup, C\u00e9sar Theaux y Mar\u00eda Sotti.<img loading=\"lazy\" decoding=\"async\" class=\" wp-image-21277 alignright\" src=\"https:\/\/atecordoba.org\/wp-content\/uploads\/2020\/08\/IMG-20200814-WA0006-300x187.jpg\" alt=\"\" width=\"551\" height=\"344\" srcset=\"https:\/\/atecordoba.org\/wp-content\/uploads\/2020\/08\/IMG-20200814-WA0006-300x187.jpg 300w, https:\/\/atecordoba.org\/wp-content\/uploads\/2020\/08\/IMG-20200814-WA0006-768x478.jpg 768w, https:\/\/atecordoba.org\/wp-content\/uploads\/2020\/08\/IMG-20200814-WA0006.jpg 1010w\" sizes=\"auto, (max-width: 551px) 100vw, 551px\" \/><\/p>\n<p>En el inicio se realiz\u00f3 una presentaci\u00f3n general de la agenda gremial con los puntos reivindicativos fundamentales, luego siguieron informes de asambleas de sector y de las distintas Agencias Territoriales presentes y posteriormente intervenciones individuales, seg\u00fan inform\u00f3 la delegaci\u00f3n cordobesa.<\/p>\n<p>En el plano salarial se acord\u00f3 rechazar todo congelamiento de salarios y el cierre del componente salarial de la paritaria. \u201cPor una recomposici\u00f3n efectiva del poder adquisitivo de nuestros salarios para todas las modalidades contractuales (planta permanente, Art\u00edculo 9 y monotributistas)\u201d, reclamaron los delegados. Y agregaron: \u201cpor un reintegro de emergencia por costos de trabajo remoto (en monto a determinar) por gastos de energ\u00eda, conectividad, afectaci\u00f3n de computadoras y celulares personales, reparaci\u00f3n y adecuaciones de dispositivos tecnol\u00f3gicos, dispuestos en su conjunto para el cumplimiento del trabajo remoto en emergencia sanitaria\u201d.<\/p>\n<p>Por \u00faltimo en el plano salarial, el plenario se expres\u00f3 a favor de la \u201cimplementaci\u00f3n de paliativos sectoriales para la mejora de ingresos, priorizando los niveles inferiores del escalaf\u00f3n que se ubican por debajo de la l\u00ednea de pobreza: reparto progresivo y federal de las Unidades Retributivas, corrimiento extraordinario de grados para las\/os Art\u00edculo 9, extensi\u00f3n de la autorizaci\u00f3n de horas extras a todos los grados de los niveles D y C\u201d.<\/p>\n<p>Otro reclamo que motiva la protesta se relaciona con la necesidad cumplimentar la designaci\u00f3n en plazo urgente de todos los cargos de planta permanente concursados en 2015 y a\u00fan pendientes de designaci\u00f3n, para garantizar la estabilidad que la Constituci\u00f3n establece para el trabajador estatal.<\/p>\n<p>En esa l\u00ednea, el sectorial exigi\u00f3 el \u201cpase a planta permanente de las y los contratados mediante \u201cuna pol\u00edtica integral de regularizaci\u00f3n del empleo p\u00fablico que termine con la precariedad laboral en el Estado\u201d.<\/p>\n<p>El plenario tambi\u00e9n reclam\u00f3 la \u201cimplementaci\u00f3n efectiva y a la brevedad del pase a Articulo 9 de todas y todos las y los compa\u00f1eros monotributistas que lo requieran, sin p\u00e9rdida salarial, como primer paso en el camino de la plena estabilidad\u201d.<\/p>\n<p><strong>Condiciones y medio ambiente de trabajo<\/strong><\/p>\n<p>Respecto al cuidado de la salud de las y los trabajadores, las y los delegados de todo el pa\u00eds reclamaron \u201cgarantizar las condiciones y medio ambiente de trabajo, para el cuidado de la salud, tanto para los y las compa\u00f1eras que est\u00e1n realizando la cobertura de las \u2018guardias m\u00ednimas\u2019 en todo el pa\u00eds, como para los y las compa\u00f1eras que se encuentran realizando \u2018trabajo remoto\u2019 con sus propios recursos\u201d.<\/p>\n<p><img loading=\"lazy\" decoding=\"async\" class=\" wp-image-21278 aligncenter\" src=\"https:\/\/atecordoba.org\/wp-content\/uploads\/2020\/08\/IMG-20200814-WA0004-300x186.jpg\" alt=\"\" width=\"598\" height=\"371\" srcset=\"https:\/\/atecordoba.org\/wp-content\/uploads\/2020\/08\/IMG-20200814-WA0004-300x186.jpg 300w, https:\/\/atecordoba.org\/wp-content\/uploads\/2020\/08\/IMG-20200814-WA0004-768x477.jpg 768w, https:\/\/atecordoba.org\/wp-content\/uploads\/2020\/08\/IMG-20200814-WA0004-750x466.jpg 750w, https:\/\/atecordoba.org\/wp-content\/uploads\/2020\/08\/IMG-20200814-WA0004.jpg 1019w\" sizes=\"auto, (max-width: 598px) 100vw, 598px\" \/><\/p>\n<p>En ese sentido, un extremo exigido a las autoridades constituy\u00f3 la necesidad de \u201cgarantizar el cumplimiento efectivo por parte de las empresas tercerizadas de las pautas de higiene y salubridad de los trabajadores y trabajadoras de limpieza que prestan un servicio esencial en la emergencia sanitaria, a trav\u00e9s de la provisi\u00f3n adecuada de los elementos de prevenci\u00f3n, insumos y el traslado de las y los compa\u00f1eros\u201d.<\/p>\n<p><strong>Carrera Administrativa y reincorporaciones<\/strong><\/p>\n<p>Por \u00faltimo, el plenario plante\u00f3 la \u201ccontinuidad en el avance de todas las dimensiones convencionales del r\u00e9gimen escalafonario y de carrera administrativa (recategorizaciones, corrimientos de grado, acceso a tramos, etc.), en los t\u00e9rminos establecidos en el Convenio Colectivo de Trabajo del Sistema Nacional de Empleo P\u00fablico (SINEP)\u201d.<\/p>\n<p>Asimismo, las y los delegados \u00a0insistieron con el reclamo por la \u201creintegraci\u00f3n a sus puestos de trabajo de todos los compa\u00f1eros y compa\u00f1eras despedidos durante la gesti\u00f3n macrista, que lo requieran, a modo de reparaci\u00f3n material y pol\u00edtica por parte de la presente gesti\u00f3n\u201d.<\/p>\n<p>&nbsp;<\/p>\n","protected":false},"excerpt":{"rendered":"<p>El pasado jueves 13 de Agosto se realiz\u00f3 un plenario de trabajadores y trabajadoras del Ministerio de Trabajo de la Naci\u00f3n. El encuentro v\u00eda zoom cont\u00f3 con la participaci\u00f3n de m\u00e1s de 200 compa\u00f1eros y compa\u00f1eras presentes tanto de nivel central como pertenecientes a m\u00e1s de 20 Agencias Territoriales de todo el pa\u00eds. El plenario [&hellip;]<\/p>\n","protected":false},"author":7,"featured_media":21276,"comment_status":"open","ping_status":"open","sticky":true,"template":"","format":"standard","meta":{"_exactmetrics_skip_tracking":false,"_exactmetrics_sitenote_active":false,"_exactmetrics_sitenote_note":"","_exactmetrics_sitenote_category":0,"jnews-multi-image_gallery":[],"jnews_single_post":{"source_name":"","source_url":"","via_name":"","via_url":"","override_template":"0","override":[{"template":"1","single_blog_custom":"","parallax":"1","fullscreen":"0","layout":"right-sidebar","sidebar":"default-sidebar","second_sidebar":"default-sidebar","sticky_sidebar":"1","share_position":"top","share_float_style":"share-monocrhome","show_share_counter":"1","show_view_counter":"1","show_featured":"1","show_post_meta":"1","show_post_author":"1","show_post_author_image":"1","show_post_date":"1","post_date_format":"default","post_date_format_custom":"Y\/m\/d","show_post_category":"1","show_post_reading_time":"0","post_reading_time_wpm":"300","show_zoom_button":"0","zoom_button_out_step":"2","zoom_button_in_step":"3","show_post_tag":"1","show_prev_next_post":"1","show_popup_post":"1","number_popup_post":"1","show_author_box":"0","show_post_related":"0","show_inline_post_related":"0"}],"override_image_size":"0","image_override":[{"single_post_thumbnail_size":"crop-500","single_post_gallery_size":"crop-500"}],"trending_post":"0","trending_post_position":"meta","trending_post_label":"Trending","sponsored_post":"0","sponsored_post_label":"Sponsored by","sponsored_post_name":"","sponsored_post_url":"","sponsored_post_logo_enable":"0","sponsored_post_logo":"","sponsored_post_desc":""},"jnews_primary_category":{"id":""},"jnews_social_meta":{"fb_title":"","fb_description":"","fb_image":"","twitter_title":"","twitter_description":"","twitter_image":""},"jnews_review":[],"enable_review":"0","type":"percentage","name":"","summary":"","brand":"","sku":"","good":[{"good_text":""}],"bad":[{"bad_text":""}],"score_override":"","override_value":"","rating":[{"rating_text":"","rating_number":"10"}],"price":[{"shop":"","price":"","link":"","icon":""}],"jnews_override_counter":{"override_view_counter":"0","view_counter_number":"0","override_share_counter":"0","share_counter_number":"0","override_like_counter":"0","like_counter_number":"0","override_dislike_counter":"0","dislike_counter_number":"0"},"jnews_post_split":{"enable_post_split":"0","post_split":[{"template":"1","tag":"h2","numbering":"asc","mode":"normal"}]},"footnotes":""},"categories":[18],"tags":[338],"class_list":["post-21275","post","type-post","status-publish","format-standard","has-post-thumbnail","hentry","category-nacionales","tag-ministerio-de-trabajo-de-la-nacion"],"jetpack_featured_media_url":"https:\/\/atecordoba.org\/wp-content\/uploads\/2020\/08\/IMG-20200814-WA0005.jpg","_links":{"self":[{"href":"https:\/\/atecordoba.org\/index.php?rest_route=\/wp\/v2\/posts\/21275","targetHints":{"allow":["GET"]}}],"collection":[{"href":"https:\/\/atecordoba.org\/index.php?rest_route=\/wp\/v2\/posts"}],"about":[{"href":"https:\/\/atecordoba.org\/index.php?rest_route=\/wp\/v2\/types\/post"}],"author":[{"embeddable":true,"href":"https:\/\/atecordoba.org\/index.php?rest_route=\/wp\/v2\/users\/7"}],"replies":[{"embeddable":true,"href":"https:\/\/atecordoba.org\/index.php?rest_route=%2Fwp%2Fv2%2Fcomments&post=21275"}],"version-history":[{"count":1,"href":"https:\/\/atecordoba.org\/index.php?rest_route=\/wp\/v2\/posts\/21275\/revisions"}],"predecessor-version":[{"id":21279,"href":"https:\/\/atecordoba.org\/index.php?rest_route=\/wp\/v2\/posts\/21275\/revisions\/21279"}],"wp:featuredmedia":[{"embeddable":true,"href":"https:\/\/atecordoba.org\/index.php?rest_route=\/wp\/v2\/media\/21276"}],"wp:attachment":[{"href":"https:\/\/atecordoba.org\/index.php?rest_route=%2Fwp%2Fv2%2Fmedia&parent=21275"}],"wp:term":[{"taxonomy":"category","embeddable":true,"href":"https:\/\/atecordoba.org\/index.php?rest_route=%2Fwp%2Fv2%2Fcategories&post=21275"},{"taxonomy":"post_tag","embeddable":true,"href":"https:\/\/atecordoba.org\/index.php?rest_route=%2Fwp%2Fv2%2Ftags&post=21275"}],"curies":[{"name":"wp","href":"https:\/\/api.w.org\/{rel}","templated":true}]}}