{"id":21250,"date":"2020-08-14T16:30:27","date_gmt":"2020-08-14T19:30:27","guid":{"rendered":"https:\/\/atecordoba.org\/?p=21250"},"modified":"2020-08-14T16:30:43","modified_gmt":"2020-08-14T19:30:43","slug":"jornadas-de-debate-y-reflexion-ddhh-pasado-presente-y-futuro-en-cordoba-y-argentina","status":"publish","type":"post","link":"https:\/\/atecordoba.org\/?p=21250","title":{"rendered":"Jornadas de debate y reflexi\u00f3n: DDHH, pasado, presente y futuro en C\u00f3rdoba y Argentina"},"content":{"rendered":"<p><img loading=\"lazy\" decoding=\"async\" class=\"wp-image-21255 aligncenter\" src=\"https:\/\/atecordoba.org\/wp-content\/uploads\/2020\/08\/sonia-240x300.jpeg\" alt=\"\" width=\"482\" height=\"603\" srcset=\"https:\/\/atecordoba.org\/wp-content\/uploads\/2020\/08\/sonia-240x300.jpeg 240w, https:\/\/atecordoba.org\/wp-content\/uploads\/2020\/08\/sonia-819x1024.jpeg 819w, https:\/\/atecordoba.org\/wp-content\/uploads\/2020\/08\/sonia-768x960.jpeg 768w, https:\/\/atecordoba.org\/wp-content\/uploads\/2020\/08\/sonia-750x938.jpeg 750w, https:\/\/atecordoba.org\/wp-content\/uploads\/2020\/08\/sonia.jpeg 1024w\" sizes=\"auto, (max-width: 482px) 100vw, 482px\" \/>Desde este Consejo Directivo Provincial de ATE C\u00f3rdoba se impulsa a trav\u00e9s de su Secretar\u00eda de Formaci\u00f3n la inclusi\u00f3n dentro de la capacitaci\u00f3n de las y los afiliados y delegados un temario de DDHH.<\/p>\n<p>En esta oportunidad se realizar\u00e1 una charla sobre DDHH, fuera de los cursos dictados por la Secretar\u00eda de Formaci\u00f3n. La intenci\u00f3n es concretar una charla\/debate sobre los DDHH en la historia pr\u00f3xima argentina, en el presente y una perspectiva a futuro.<img loading=\"lazy\" decoding=\"async\" class=\" wp-image-21256 alignright\" src=\"https:\/\/atecordoba.org\/wp-content\/uploads\/2020\/08\/abuelas-espalda-300x300.jpeg\" alt=\"\" width=\"252\" height=\"252\" srcset=\"https:\/\/atecordoba.org\/wp-content\/uploads\/2020\/08\/abuelas-espalda-300x300.jpeg 300w, https:\/\/atecordoba.org\/wp-content\/uploads\/2020\/08\/abuelas-espalda-1024x1024.jpeg 1024w, https:\/\/atecordoba.org\/wp-content\/uploads\/2020\/08\/abuelas-espalda-150x150.jpeg 150w, https:\/\/atecordoba.org\/wp-content\/uploads\/2020\/08\/abuelas-espalda-768x768.jpeg 768w, https:\/\/atecordoba.org\/wp-content\/uploads\/2020\/08\/abuelas-espalda-560x560.jpeg 560w, https:\/\/atecordoba.org\/wp-content\/uploads\/2020\/08\/abuelas-espalda-75x75.jpeg 75w, https:\/\/atecordoba.org\/wp-content\/uploads\/2020\/08\/abuelas-espalda-750x750.jpeg 750w, https:\/\/atecordoba.org\/wp-content\/uploads\/2020\/08\/abuelas-espalda.jpeg 1080w\" sizes=\"auto, (max-width: 252px) 100vw, 252px\" \/><\/p>\n<p>Para ello se ha pensado en tres d\u00edas de encuentros, de manera virtual, para la segunda quincena de agosto del corriente a\u00f1o, de no m\u00e1s de 2 horas de duraci\u00f3n por la modalidad de zoom.<\/p>\n<p>En la primera presentaci\u00f3n, el 19 de agosto de 2020, a las 18 horas, se tratar\u00e1 de hablar de los DDHH desde los juicios a los genocidas, con la participaci\u00f3n de Sonia Torres (Abuela de Plaza de Mayo, C\u00f3rdoba), la abogada Patricia Chalup, el abogado Julio C\u00e9sar Martinez y el abogado Mart\u00edn Fresneda (Ex Secretario de DDHH).<\/p>\n<p>La segunda jornada, 21 de Agosto 2020, a las 18 horas, se abordar\u00e1 el presente de los DDHH para hablar sobre los sucesos de los \u00faltimos a\u00f1os y los que ocurren en estos d\u00edas. Ene sta oportunidad, el panel estar\u00e1 integrado por la <img loading=\"lazy\" decoding=\"async\" class=\" wp-image-21257 alignleft\" src=\"https:\/\/atecordoba.org\/wp-content\/uploads\/2020\/08\/mapuche-300x300.jpeg\" alt=\"\" width=\"251\" height=\"251\" srcset=\"https:\/\/atecordoba.org\/wp-content\/uploads\/2020\/08\/mapuche-300x300.jpeg 300w, https:\/\/atecordoba.org\/wp-content\/uploads\/2020\/08\/mapuche-1024x1024.jpeg 1024w, https:\/\/atecordoba.org\/wp-content\/uploads\/2020\/08\/mapuche-150x150.jpeg 150w, https:\/\/atecordoba.org\/wp-content\/uploads\/2020\/08\/mapuche-768x768.jpeg 768w, https:\/\/atecordoba.org\/wp-content\/uploads\/2020\/08\/mapuche-560x560.jpeg 560w, https:\/\/atecordoba.org\/wp-content\/uploads\/2020\/08\/mapuche-75x75.jpeg 75w, https:\/\/atecordoba.org\/wp-content\/uploads\/2020\/08\/mapuche-750x750.jpeg 750w, https:\/\/atecordoba.org\/wp-content\/uploads\/2020\/08\/mapuche.jpeg 1080w\" sizes=\"auto, (max-width: 251px) 100vw, 251px\" \/>abogada Lylan Luque, la abogada In\u00e9s Le\u00f3n Barretto y la dirigente pol\u00edtica y social juje\u00f1a Milagro Sala.<\/p>\n<p>Por \u00faltimo, la tercera propuesta se llevar\u00e1 a cabo el 24 de Agosto, a las 18 horas, y estar\u00e1 a cargo de Moira Mill\u00e1n (dirigente mapuche), el Dr Eduardo Barcesat (constitucionalista) y el abogado de ATE Eugenio Biafore.<\/p>\n<p>Contaremos con la exposici\u00f3n de \u201cFotos de los Juicios de Lesa Humanidad\u201d, a cargo de Mercedes Ferreyra (Fot\u00f3grafa de la Mesa de Trabajo de DDHH Cba). En tanto, la apertura y cierre contar\u00e1 con espect\u00e1culo a cargo de la artista Garba.<\/p>\n<p><img loading=\"lazy\" decoding=\"async\" class=\" wp-image-21258 aligncenter\" src=\"https:\/\/atecordoba.org\/wp-content\/uploads\/2020\/08\/milagro-300x300.jpeg\" alt=\"\" width=\"484\" height=\"484\" srcset=\"https:\/\/atecordoba.org\/wp-content\/uploads\/2020\/08\/milagro-300x300.jpeg 300w, https:\/\/atecordoba.org\/wp-content\/uploads\/2020\/08\/milagro-1024x1024.jpeg 1024w, https:\/\/atecordoba.org\/wp-content\/uploads\/2020\/08\/milagro-150x150.jpeg 150w, https:\/\/atecordoba.org\/wp-content\/uploads\/2020\/08\/milagro-768x768.jpeg 768w, https:\/\/atecordoba.org\/wp-content\/uploads\/2020\/08\/milagro-560x560.jpeg 560w, https:\/\/atecordoba.org\/wp-content\/uploads\/2020\/08\/milagro-75x75.jpeg 75w, https:\/\/atecordoba.org\/wp-content\/uploads\/2020\/08\/milagro-750x750.jpeg 750w, https:\/\/atecordoba.org\/wp-content\/uploads\/2020\/08\/milagro.jpeg 1080w\" sizes=\"auto, (max-width: 484px) 100vw, 484px\" \/><\/p>\n<p>&nbsp;<\/p>\n","protected":false},"excerpt":{"rendered":"<p>Desde este Consejo Directivo Provincial de ATE C\u00f3rdoba se impulsa a trav\u00e9s de su Secretar\u00eda de Formaci\u00f3n la inclusi\u00f3n dentro de la capacitaci\u00f3n de las y los afiliados y delegados un temario de DDHH. En esta oportunidad se realizar\u00e1 una charla sobre DDHH, fuera de los cursos dictados por la Secretar\u00eda de Formaci\u00f3n. La intenci\u00f3n [&hellip;]<\/p>\n","protected":false},"author":7,"featured_media":21255,"comment_status":"open","ping_status":"open","sticky":true,"template":"","format":"standard","meta":{"_exactmetrics_skip_tracking":false,"_exactmetrics_sitenote_active":false,"_exactmetrics_sitenote_note":"","_exactmetrics_sitenote_category":0,"jnews-multi-image_gallery":[],"jnews_single_post":{"source_name":"","source_url":"","via_name":"","via_url":"","override_template":"0","override":[{"template":"1","single_blog_custom":"","parallax":"1","fullscreen":"0","layout":"right-sidebar","sidebar":"default-sidebar","second_sidebar":"default-sidebar","sticky_sidebar":"1","share_position":"top","share_float_style":"share-monocrhome","show_share_counter":"1","show_view_counter":"1","show_featured":"1","show_post_meta":"1","show_post_author":"1","show_post_author_image":"1","show_post_date":"1","post_date_format":"default","post_date_format_custom":"Y\/m\/d","show_post_category":"1","show_post_reading_time":"0","post_reading_time_wpm":"300","show_zoom_button":"0","zoom_button_out_step":"2","zoom_button_in_step":"3","show_post_tag":"1","show_prev_next_post":"1","show_popup_post":"1","number_popup_post":"1","show_author_box":"0","show_post_related":"0","show_inline_post_related":"0"}],"override_image_size":"0","image_override":[{"single_post_thumbnail_size":"crop-500","single_post_gallery_size":"crop-500"}],"trending_post":"0","trending_post_position":"meta","trending_post_label":"Trending","sponsored_post":"0","sponsored_post_label":"Sponsored by","sponsored_post_name":"","sponsored_post_url":"","sponsored_post_logo_enable":"0","sponsored_post_logo":"","sponsored_post_desc":""},"jnews_primary_category":{"id":""},"jnews_social_meta":{"fb_title":"","fb_description":"","fb_image":"","twitter_title":"","twitter_description":"","twitter_image":""},"jnews_review":[],"enable_review":"0","type":"percentage","name":"","summary":"","brand":"","sku":"","good":[{"good_text":""}],"bad":[{"bad_text":""}],"score_override":"","override_value":"","rating":[{"rating_text":"","rating_number":"10"}],"price":[{"shop":"","price":"","link":"","icon":""}],"jnews_override_counter":{"override_view_counter":"0","view_counter_number":"0","override_share_counter":"0","share_counter_number":"0","override_like_counter":"0","like_counter_number":"0","override_dislike_counter":"0","dislike_counter_number":"0"},"jnews_post_split":{"enable_post_split":"0","post_split":[{"template":"1","tag":"h2","numbering":"asc","mode":"normal"}]},"footnotes":""},"categories":[122,88],"tags":[514,512,513],"class_list":["post-21250","post","type-post","status-publish","format-standard","has-post-thumbnail","hentry","category-ddhh","category-formacion","tag-futuro-ddhh","tag-lesa-humanidad","tag-presente-ddhh"],"jetpack_featured_media_url":"https:\/\/atecordoba.org\/wp-content\/uploads\/2020\/08\/sonia.jpeg","_links":{"self":[{"href":"https:\/\/atecordoba.org\/index.php?rest_route=\/wp\/v2\/posts\/21250","targetHints":{"allow":["GET"]}}],"collection":[{"href":"https:\/\/atecordoba.org\/index.php?rest_route=\/wp\/v2\/posts"}],"about":[{"href":"https:\/\/atecordoba.org\/index.php?rest_route=\/wp\/v2\/types\/post"}],"author":[{"embeddable":true,"href":"https:\/\/atecordoba.org\/index.php?rest_route=\/wp\/v2\/users\/7"}],"replies":[{"embeddable":true,"href":"https:\/\/atecordoba.org\/index.php?rest_route=%2Fwp%2Fv2%2Fcomments&post=21250"}],"version-history":[{"count":1,"href":"https:\/\/atecordoba.org\/index.php?rest_route=\/wp\/v2\/posts\/21250\/revisions"}],"predecessor-version":[{"id":21259,"href":"https:\/\/atecordoba.org\/index.php?rest_route=\/wp\/v2\/posts\/21250\/revisions\/21259"}],"wp:featuredmedia":[{"embeddable":true,"href":"https:\/\/atecordoba.org\/index.php?rest_route=\/wp\/v2\/media\/21255"}],"wp:attachment":[{"href":"https:\/\/atecordoba.org\/index.php?rest_route=%2Fwp%2Fv2%2Fmedia&parent=21250"}],"wp:term":[{"taxonomy":"category","embeddable":true,"href":"https:\/\/atecordoba.org\/index.php?rest_route=%2Fwp%2Fv2%2Fcategories&post=21250"},{"taxonomy":"post_tag","embeddable":true,"href":"https:\/\/atecordoba.org\/index.php?rest_route=%2Fwp%2Fv2%2Ftags&post=21250"}],"curies":[{"name":"wp","href":"https:\/\/api.w.org\/{rel}","templated":true}]}}