{"id":21244,"date":"2020-08-14T15:59:15","date_gmt":"2020-08-14T18:59:15","guid":{"rendered":"https:\/\/atecordoba.org\/?p=21244"},"modified":"2020-08-14T16:08:53","modified_gmt":"2020-08-14T19:08:53","slug":"coronavirus-reclaman-hisopados-para-la-totalidad-del-personal-en-el-hospital-misericordia","status":"publish","type":"post","link":"https:\/\/atecordoba.org\/?p=21244","title":{"rendered":"Coronavirus: reclaman hisopados para la totalidad del personal en el Hospital Misericordia"},"content":{"rendered":"<p><img loading=\"lazy\" decoding=\"async\" class=\"wp-image-21246 alignleft\" src=\"https:\/\/atecordoba.org\/wp-content\/uploads\/2020\/08\/delegado-misericordia_pablo-aguirre-216x300.png\" alt=\"\" width=\"392\" height=\"545\" srcset=\"https:\/\/atecordoba.org\/wp-content\/uploads\/2020\/08\/delegado-misericordia_pablo-aguirre-216x300.png 216w, https:\/\/atecordoba.org\/wp-content\/uploads\/2020\/08\/delegado-misericordia_pablo-aguirre.png 550w\" sizes=\"auto, (max-width: 392px) 100vw, 392px\" \/><\/p>\n<p>Durante la jornada de ayer, las y los trabajadores del Hospital Misericordia hicieron p\u00fablico su reclamo para que la totalidad del equipo de salud sea objeto de an\u00e1lisis de Covid 19, dada la ola de infecciones entre las y los trabajadores de los diversos nosocomios durante la \u00faltima semana.<\/p>\n<p>La medida tiene por fin prevenir contagios, tal como lo explic\u00f3 el delegado de ATE y m\u00e9dico del hospital Pablo Aguirre. \u201cQueremos prevenir y evitar los contagios masivos, de forma que si alguno se infecta se pueda diagnosticar r\u00e1pidamente y aislar el sector donde se desempe\u00f1a\u201d, dijo el delegado.<\/p>\n<p>\u201cLo importante es encontrar los casos asintom\u00e1ticos que pueden contagiar sin darse cuenta. Lamentablemente los hisopados se suspendieron en todos los hospitales para los asintom\u00e1ticos, lleg\u00f3 una circular de gobierno donde dec\u00eda que quedaban suspendidos los testeos a todo aquel que no tuviera s\u00edntomas ni fuera sospechoso. Reclamamos que se reinicien de inmediato\u201d, profundiz\u00f3 Aguirre.<\/p>\n<p><strong>Otros reclamos igual de urgentes<\/strong><\/p>\n<p>Seg\u00fan detallo el dirigente en varios hospitales hay problemas con el suministro de EPP (Equipos de Protecci\u00f3n Personal), cuya falta supone un agravamiento del riesgo para el personal que est\u00e1 en la primera l\u00ednea de atenci\u00f3n.<\/p>\n<p>Por otro lado, Aguirre trajo a colaci\u00f3n el grav\u00edsimo problema que significa la falta de personal. \u201cEs planteo hist\u00f3rico de las y los trabajadores del sector, que hoy toma una gravedad may\u00fascula por la misma pandemia. La crisis sanitaria agudiza un problema ya existente y nunca solucionado por el gobierno provincial\u201d, dijo.<\/p>\n<p>Y agreg\u00f3: \u201cen el Misericordia nos falta personal en todas las \u00e1reas, pero si tomamos solamente sectores cr\u00edticos como enfermer\u00eda, para una atenci\u00f3n esencial conforme la demanda faltan 90 trabajadoras y trabajadores. A eso hay que sumarle las carpetas m\u00e9dicas por licencia Covid que se toma aquel personal que es factor de riesgo y por ley tiene licencia durante la epidemia. Tampoco est\u00e1n viniendo muchas compa\u00f1eras y compa\u00f1eros por la falta de transporte p\u00fablico\u201d.<\/p>\n<p>En este contexto, el delegado asegur\u00f3 que \u201cno sentimos que el gobierno de la provincia nos est\u00e9 protegiendo lo suficiente, todo este cuadro genera jornadas laborales muy estresantes que conlleva el riesgo de accidentes, en este caso el contagio\u201d.<\/p>\n<p>Por \u00faltimo Aguirre afirm\u00f3 que \u201cotro de los reclamos b\u00e1sicos es la recomposici\u00f3n salarial, en una situaci\u00f3n donde muchos no est\u00e1n logrando realizar las tareas que habitualmente hacen fuera del hospital\u201d y eso se traduce en una baja significativa de sus ingresos.<\/p>\n<p>Por eso, el delegado adelant\u00f3 que la semana que viene se llevar\u00e1 a cabo un plenario de ATE para planificar las medidas a seguir.<\/p>\n<div class=\"epyt-video-wrapper\"><iframe loading=\"lazy\"  style=\"display: block; margin: 0px auto;\"  id=\"_ytid_61921\"  width=\"480\" height=\"270\"  data-origwidth=\"480\" data-origheight=\"270\" src=\"https:\/\/www.youtube.com\/embed\/Hq90LuTU_wY?enablejsapi=1&#038;autoplay=0&#038;cc_load_policy=0&#038;cc_lang_pref=&#038;iv_load_policy=3&#038;loop=0&#038;rel=0&#038;fs=1&#038;playsinline=0&#038;autohide=2&#038;theme=dark&#038;color=red&#038;controls=1&#038;disablekb=0&#038;\" class=\"__youtube_prefs__  epyt-is-override  no-lazyload\" title=\"YouTube player\"  allow=\"fullscreen; accelerometer; autoplay; clipboard-write; encrypted-media; gyroscope; picture-in-picture; web-share\" referrerpolicy=\"strict-origin-when-cross-origin\" allowfullscreen data-no-lazy=\"1\" data-skipgform_ajax_framebjll=\"\"><\/iframe><\/div>\n","protected":false},"excerpt":{"rendered":"<p>Durante la jornada de ayer, las y los trabajadores del Hospital Misericordia hicieron p\u00fablico su reclamo para que la totalidad del equipo de salud sea objeto de an\u00e1lisis de Covid 19, dada la ola de infecciones entre las y los trabajadores de los diversos nosocomios durante la \u00faltima semana. La medida tiene por fin prevenir [&hellip;]<\/p>\n","protected":false},"author":7,"featured_media":21246,"comment_status":"open","ping_status":"open","sticky":true,"template":"","format":"standard","meta":{"_exactmetrics_skip_tracking":false,"_exactmetrics_sitenote_active":false,"_exactmetrics_sitenote_note":"","_exactmetrics_sitenote_category":0,"jnews-multi-image_gallery":[],"jnews_single_post":{"source_name":"","source_url":"","via_name":"","via_url":"","override_template":"0","override":[{"template":"1","single_blog_custom":"","parallax":"1","fullscreen":"0","layout":"right-sidebar","sidebar":"default-sidebar","second_sidebar":"default-sidebar","sticky_sidebar":"1","share_position":"top","share_float_style":"share-monocrhome","show_share_counter":"1","show_view_counter":"1","show_featured":"1","show_post_meta":"1","show_post_author":"1","show_post_author_image":"1","show_post_date":"1","post_date_format":"default","post_date_format_custom":"Y\/m\/d","show_post_category":"1","show_post_reading_time":"0","post_reading_time_wpm":"300","show_zoom_button":"0","zoom_button_out_step":"2","zoom_button_in_step":"3","show_post_tag":"1","show_prev_next_post":"1","show_popup_post":"1","number_popup_post":"1","show_author_box":"0","show_post_related":"0","show_inline_post_related":"0"}],"override_image_size":"0","image_override":[{"single_post_thumbnail_size":"crop-500","single_post_gallery_size":"crop-500"}],"trending_post":"0","trending_post_position":"meta","trending_post_label":"Trending","sponsored_post":"0","sponsored_post_label":"Sponsored by","sponsored_post_name":"","sponsored_post_url":"","sponsored_post_logo_enable":"0","sponsored_post_logo":"","sponsored_post_desc":""},"jnews_primary_category":{"id":""},"jnews_social_meta":{"fb_title":"","fb_description":"","fb_image":"","twitter_title":"","twitter_description":"","twitter_image":""},"jnews_review":[],"enable_review":"0","type":"percentage","name":"","summary":"","brand":"","sku":"","good":[{"good_text":""}],"bad":[{"bad_text":""}],"score_override":"","override_value":"","rating":[{"rating_text":"","rating_number":"10"}],"price":[{"shop":"","price":"","link":"","icon":""}],"jnews_override_counter":{"override_view_counter":"0","view_counter_number":"0","override_share_counter":"0","share_counter_number":"0","override_like_counter":"0","like_counter_number":"0","override_dislike_counter":"0","dislike_counter_number":"0"},"jnews_post_split":{"enable_post_split":"0","post_split":[{"template":"1","tag":"h2","numbering":"asc","mode":"normal"}]},"footnotes":""},"categories":[341,104,8],"tags":[511,510,478,509],"class_list":["post-21244","post","type-post","status-publish","format-standard","has-post-thumbnail","hentry","category-cdp","category-departamento-de-salud","category-provinciales","tag-aumentos-salarial","tag-enfermeros","tag-hisopados","tag-nombramiento-de-personal"],"jetpack_featured_media_url":"https:\/\/atecordoba.org\/wp-content\/uploads\/2020\/08\/delegado-misericordia_pablo-aguirre.png","_links":{"self":[{"href":"https:\/\/atecordoba.org\/index.php?rest_route=\/wp\/v2\/posts\/21244","targetHints":{"allow":["GET"]}}],"collection":[{"href":"https:\/\/atecordoba.org\/index.php?rest_route=\/wp\/v2\/posts"}],"about":[{"href":"https:\/\/atecordoba.org\/index.php?rest_route=\/wp\/v2\/types\/post"}],"author":[{"embeddable":true,"href":"https:\/\/atecordoba.org\/index.php?rest_route=\/wp\/v2\/users\/7"}],"replies":[{"embeddable":true,"href":"https:\/\/atecordoba.org\/index.php?rest_route=%2Fwp%2Fv2%2Fcomments&post=21244"}],"version-history":[{"count":3,"href":"https:\/\/atecordoba.org\/index.php?rest_route=\/wp\/v2\/posts\/21244\/revisions"}],"predecessor-version":[{"id":21249,"href":"https:\/\/atecordoba.org\/index.php?rest_route=\/wp\/v2\/posts\/21244\/revisions\/21249"}],"wp:featuredmedia":[{"embeddable":true,"href":"https:\/\/atecordoba.org\/index.php?rest_route=\/wp\/v2\/media\/21246"}],"wp:attachment":[{"href":"https:\/\/atecordoba.org\/index.php?rest_route=%2Fwp%2Fv2%2Fmedia&parent=21244"}],"wp:term":[{"taxonomy":"category","embeddable":true,"href":"https:\/\/atecordoba.org\/index.php?rest_route=%2Fwp%2Fv2%2Fcategories&post=21244"},{"taxonomy":"post_tag","embeddable":true,"href":"https:\/\/atecordoba.org\/index.php?rest_route=%2Fwp%2Fv2%2Ftags&post=21244"}],"curies":[{"name":"wp","href":"https:\/\/api.w.org\/{rel}","templated":true}]}}