{"id":21238,"date":"2020-08-14T11:49:56","date_gmt":"2020-08-14T14:49:56","guid":{"rendered":"https:\/\/atecordoba.org\/?p=21238"},"modified":"2020-08-14T11:49:56","modified_gmt":"2020-08-14T14:49:56","slug":"cta-autanoma-charla-virtual-sobre-la-crisis-ambiental-en-cordoba","status":"publish","type":"post","link":"https:\/\/atecordoba.org\/?p=21238","title":{"rendered":"CTA Aut\u00e1noma: charla virtual sobre la crisis ambiental en C\u00f3rdoba"},"content":{"rendered":"<p><img loading=\"lazy\" decoding=\"async\" class=\" wp-image-21239 aligncenter\" src=\"https:\/\/atecordoba.org\/wp-content\/uploads\/2020\/08\/cta-charla-300x300.jpg\" alt=\"\" width=\"599\" height=\"599\" srcset=\"https:\/\/atecordoba.org\/wp-content\/uploads\/2020\/08\/cta-charla-300x300.jpg 300w, https:\/\/atecordoba.org\/wp-content\/uploads\/2020\/08\/cta-charla-150x150.jpg 150w, https:\/\/atecordoba.org\/wp-content\/uploads\/2020\/08\/cta-charla-75x75.jpg 75w, https:\/\/atecordoba.org\/wp-content\/uploads\/2020\/08\/cta-charla.jpg 550w\" sizes=\"auto, (max-width: 599px) 100vw, 599px\" \/><\/p>\n<p>La Central de Trabajadores de la Argentina (CTA Aut\u00f3noma) de la provincia de C\u00f3rdoba, ha programado para el pr\u00f3ximo martes 18 de agosto a las 18.30 horas una charla-debate sobre \u201cExtractivismo, Agronegocio e Industricidio: La crisis ambiental en C\u00f3rdoba\u201d, con la participaci\u00f3n de reconocidos panelistas en la lucha en defensa de los bienes comunes y por otro modelo productivo.<\/p>\n<p>Disertar\u00e1n Dar\u00edo \u00c1vila, abogado especializado en Ambiente que trabaja desde hace m\u00e1s de diez a\u00f1os junto a pueblos fumigados con agrot\u00f3xicos de C\u00f3rdoba. Avila integra la C\u00e1tedra B Derecho de los Recursos Naturales y Ambiental de la Universidad Nacional de C\u00f3rdoba (UNC).<\/p>\n<p>El otro disertante ser\u00e1 Medardo \u00c1vila V\u00e1zquez, Coordinador de la Red de M\u00e9dicos de Pueblos Fumigados; integrante del Colectivo Andr\u00e9s Carrasco; Pediatra, Docente de Pediatr\u00eda en la C\u00e1tedra de la Cl\u00ednica Pedi\u00e1trica del Hospital Universitario de Maternidad y Neonatolog\u00eda de C\u00f3rdoba.<\/p>\n<p>Coordinar\u00e1 y ser\u00e1 moderador de la charla-debate Federico Giuliani, Secretario General de la CTA Aut\u00f3noma C\u00f3rdoba, quien manifest\u00f3: \u201cSe trata de una instancia importante, con dos panelistas de extensa trayectoria y renombre en la lucha ambiental. Va a servir para el debate y la formaci\u00f3n de los compa\u00f1eros y compa\u00f1eras de toda la provincia en un tema que es central en la disputa con el Modelo Extractivista que envenena el aire, enferma y mata a la gente\u201d.<\/p>\n<p>\u201cC\u00f3rdoba es escenario de la devastaci\u00f3n del Bosque Nativo, la utilizaci\u00f3n a mansalva del glifosato y otros agrot\u00f3xicos puestos al servicio de la \u2018sojizaci\u00f3n\u2019 que destruye la potencialidad productiva de la tierra y contamina el ambiente\u201d, indic\u00f3.<\/p>\n<p>Giuliani concluy\u00f3: \u201cLa lucha multisectorial, con gran arraigo en la juventud, impidi\u00f3 la instalaci\u00f3n de Monsanto en Malvinas Argentinas y logr\u00f3 que el Gobierno de R\u00edo Cuarto no autorizara la radicaci\u00f3n de una planta de esa multinacional en la ciudad. Son muestras de los niveles de conciencia y organizaci\u00f3n que tiene en nuestra provincia\u00a0 la confrontaci\u00f3n con el agronegocio. Ac\u00e1 no hay licencia social para la depredaci\u00f3n de nuestros recursos naturales\u201d.<\/p>\n","protected":false},"excerpt":{"rendered":"<p>La Central de Trabajadores de la Argentina (CTA Aut\u00f3noma) de la provincia de C\u00f3rdoba, ha programado para el pr\u00f3ximo martes 18 de agosto a las 18.30 horas una charla-debate sobre \u201cExtractivismo, Agronegocio e Industricidio: La crisis ambiental en C\u00f3rdoba\u201d, con la participaci\u00f3n de reconocidos panelistas en la lucha en defensa de los bienes comunes y [&hellip;]<\/p>\n","protected":false},"author":7,"featured_media":21239,"comment_status":"open","ping_status":"open","sticky":true,"template":"","format":"video","meta":{"_exactmetrics_skip_tracking":false,"_exactmetrics_sitenote_active":false,"_exactmetrics_sitenote_note":"","_exactmetrics_sitenote_category":0,"jnews-multi-image_gallery":[],"jnews_single_post":{"source_name":"","source_url":"","via_name":"","via_url":"","override_template":"0","override":[{"template":"1","single_blog_custom":"","parallax":"1","fullscreen":"0","layout":"right-sidebar","sidebar":"default-sidebar","second_sidebar":"default-sidebar","sticky_sidebar":"1","share_position":"top","share_float_style":"share-monocrhome","show_share_counter":"1","show_view_counter":"1","show_featured":"1","show_post_meta":"1","show_post_author":"1","show_post_author_image":"1","show_post_date":"1","post_date_format":"default","post_date_format_custom":"Y\/m\/d","show_post_category":"1","show_post_reading_time":"0","post_reading_time_wpm":"300","show_zoom_button":"0","zoom_button_out_step":"2","zoom_button_in_step":"3","show_post_tag":"1","show_prev_next_post":"1","show_popup_post":"1","number_popup_post":"1","show_author_box":"0","show_post_related":"0","show_inline_post_related":"0"}],"override_image_size":"0","image_override":[{"single_post_thumbnail_size":"crop-500","single_post_gallery_size":"crop-500"}],"trending_post":"0","trending_post_position":"meta","trending_post_label":"Trending","sponsored_post":"0","sponsored_post_label":"Sponsored by","sponsored_post_name":"","sponsored_post_url":"","sponsored_post_logo_enable":"0","sponsored_post_logo":"","sponsored_post_desc":""},"jnews_primary_category":{"id":""},"jnews_social_meta":{"fb_title":"","fb_description":"","fb_image":"","twitter_title":"","twitter_description":"","twitter_image":""},"jnews_review":[],"enable_review":"0","type":"percentage","name":"","summary":"","brand":"","sku":"","good":[{"good_text":""}],"bad":[{"bad_text":""}],"score_override":"","override_value":"","rating":[{"rating_text":"","rating_number":"10"}],"price":[{"shop":"","price":"","link":"","icon":""}],"jnews_override_counter":{"override_view_counter":"0","view_counter_number":"0","override_share_counter":"0","share_counter_number":"0","override_like_counter":"0","like_counter_number":"0","override_dislike_counter":"0","dislike_counter_number":"0"},"jnews_post_split":{"enable_post_split":"0","post_split":[{"template":"1","tag":"h2","numbering":"asc","mode":"normal"}]},"footnotes":""},"categories":[10,92],"tags":[505,507,504,506],"class_list":["post-21238","post","type-post","status-publish","format-video","has-post-thumbnail","hentry","category-accion-politica","category-cta","tag-agronegocios","tag-charla-debate","tag-extractivismo","tag-industricidio","post_format-post-format-video"],"jetpack_featured_media_url":"https:\/\/atecordoba.org\/wp-content\/uploads\/2020\/08\/cta-charla.jpg","_links":{"self":[{"href":"https:\/\/atecordoba.org\/index.php?rest_route=\/wp\/v2\/posts\/21238","targetHints":{"allow":["GET"]}}],"collection":[{"href":"https:\/\/atecordoba.org\/index.php?rest_route=\/wp\/v2\/posts"}],"about":[{"href":"https:\/\/atecordoba.org\/index.php?rest_route=\/wp\/v2\/types\/post"}],"author":[{"embeddable":true,"href":"https:\/\/atecordoba.org\/index.php?rest_route=\/wp\/v2\/users\/7"}],"replies":[{"embeddable":true,"href":"https:\/\/atecordoba.org\/index.php?rest_route=%2Fwp%2Fv2%2Fcomments&post=21238"}],"version-history":[{"count":1,"href":"https:\/\/atecordoba.org\/index.php?rest_route=\/wp\/v2\/posts\/21238\/revisions"}],"predecessor-version":[{"id":21240,"href":"https:\/\/atecordoba.org\/index.php?rest_route=\/wp\/v2\/posts\/21238\/revisions\/21240"}],"wp:featuredmedia":[{"embeddable":true,"href":"https:\/\/atecordoba.org\/index.php?rest_route=\/wp\/v2\/media\/21239"}],"wp:attachment":[{"href":"https:\/\/atecordoba.org\/index.php?rest_route=%2Fwp%2Fv2%2Fmedia&parent=21238"}],"wp:term":[{"taxonomy":"category","embeddable":true,"href":"https:\/\/atecordoba.org\/index.php?rest_route=%2Fwp%2Fv2%2Fcategories&post=21238"},{"taxonomy":"post_tag","embeddable":true,"href":"https:\/\/atecordoba.org\/index.php?rest_route=%2Fwp%2Fv2%2Ftags&post=21238"}],"curies":[{"name":"wp","href":"https:\/\/api.w.org\/{rel}","templated":true}]}}