{"id":21236,"date":"2020-08-14T11:40:36","date_gmt":"2020-08-14T14:40:36","guid":{"rendered":"https:\/\/atecordoba.org\/?p=21236"},"modified":"2020-08-14T11:40:36","modified_gmt":"2020-08-14T14:40:36","slug":"municipales-de-reduccion-aumento-salarial-y-pase-a-planta-permanente","status":"publish","type":"post","link":"https:\/\/atecordoba.org\/?p=21236","title":{"rendered":"Municipales de Reducci\u00f3n: aumento salarial y pase a planta permanente"},"content":{"rendered":"<p><img loading=\"lazy\" decoding=\"async\" class=\" wp-image-21234 aligncenter\" src=\"https:\/\/atecordoba.org\/wp-content\/uploads\/2020\/08\/117258495_2665720157091628_7069168638697954297_o-300x225.jpg\" alt=\"\" width=\"606\" height=\"454\" srcset=\"https:\/\/atecordoba.org\/wp-content\/uploads\/2020\/08\/117258495_2665720157091628_7069168638697954297_o-300x225.jpg 300w, https:\/\/atecordoba.org\/wp-content\/uploads\/2020\/08\/117258495_2665720157091628_7069168638697954297_o-768x576.jpg 768w, https:\/\/atecordoba.org\/wp-content\/uploads\/2020\/08\/117258495_2665720157091628_7069168638697954297_o-750x563.jpg 750w, https:\/\/atecordoba.org\/wp-content\/uploads\/2020\/08\/117258495_2665720157091628_7069168638697954297_o.jpg 960w\" sizes=\"auto, (max-width: 606px) 100vw, 606px\" \/><\/p>\n<p>ATE R\u00edo Cuarto firm\u00f3 ayer por la ma\u00f1ana un acta acuerdo con la Municipalidad de Reducci\u00f3n donde se estableci\u00f3 un incremento salarial del 35% que ser\u00e1 abonado en cuotas. La primera del 10% con los sueldos del mes de <img loading=\"lazy\" decoding=\"async\" class=\"size-medium wp-image-21235 alignright\" src=\"https:\/\/atecordoba.org\/wp-content\/uploads\/2020\/08\/80629445_1281616292044066_614466733222133760_n-225x300.jpg\" alt=\"\" width=\"225\" height=\"300\" srcset=\"https:\/\/atecordoba.org\/wp-content\/uploads\/2020\/08\/80629445_1281616292044066_614466733222133760_n-225x300.jpg 225w, https:\/\/atecordoba.org\/wp-content\/uploads\/2020\/08\/80629445_1281616292044066_614466733222133760_n.jpg 720w\" sizes=\"auto, (max-width: 225px) 100vw, 225px\" \/>agosto, la segunda tambi\u00e9n del 10% en septiembre y las 3 restantes en los meses de octubre, enero y febrero.<\/p>\n<p>La titular de la seccional, Rafaela Alcoba, el secretario Gremial, Pablo Irusta y el delegado local, Marcos Rivarola, tambi\u00e9n acordaron el pase a planta permanente de nueve trabajadores y trabajadoras, en bases al criterio de la antig\u00fcedad del personal.<\/p>\n<p>&nbsp;<\/p>\n<p>Por otra parte, se estableci\u00f3 la actualizaci\u00f3n del pago de refrigerio y recategorizaciones.<\/p>\n<p>Finalmente, desde ATE se solicit\u00f3 el pago de un bono\u00a0est\u00edmulo para las y los trabajadores esenciales que ser\u00e1 analizado.<\/p>\n<p>Participaron en representaci\u00f3n del ejecutivo municipal firmaron el acta-acuerdo el intendente Andr\u00e9s Passero y el secretario de gobierno Franco Bustamante.<\/p>\n","protected":false},"excerpt":{"rendered":"<p>ATE R\u00edo Cuarto firm\u00f3 ayer por la ma\u00f1ana un acta acuerdo con la Municipalidad de Reducci\u00f3n donde se estableci\u00f3 un incremento salarial del 35% que ser\u00e1 abonado en cuotas. La primera del 10% con los sueldos del mes de agosto, la segunda tambi\u00e9n del 10% en septiembre y las 3 restantes en los meses de [&hellip;]<\/p>\n","protected":false},"author":7,"featured_media":21235,"comment_status":"open","ping_status":"open","sticky":true,"template":"","format":"standard","meta":{"_exactmetrics_skip_tracking":false,"_exactmetrics_sitenote_active":false,"_exactmetrics_sitenote_note":"","_exactmetrics_sitenote_category":0,"jnews-multi-image_gallery":[],"jnews_single_post":{"source_name":"","source_url":"","via_name":"","via_url":"","override_template":"0","override":[{"template":"1","single_blog_custom":"","parallax":"1","fullscreen":"0","layout":"right-sidebar","sidebar":"default-sidebar","second_sidebar":"default-sidebar","sticky_sidebar":"1","share_position":"top","share_float_style":"share-monocrhome","show_share_counter":"1","show_view_counter":"1","show_featured":"1","show_post_meta":"1","show_post_author":"1","show_post_author_image":"1","show_post_date":"1","post_date_format":"default","post_date_format_custom":"Y\/m\/d","show_post_category":"1","show_post_reading_time":"0","post_reading_time_wpm":"300","show_zoom_button":"0","zoom_button_out_step":"2","zoom_button_in_step":"3","show_post_tag":"1","show_prev_next_post":"1","show_popup_post":"1","number_popup_post":"1","show_author_box":"0","show_post_related":"0","show_inline_post_related":"0"}],"override_image_size":"0","image_override":[{"single_post_thumbnail_size":"crop-500","single_post_gallery_size":"crop-500"}],"trending_post":"0","trending_post_position":"meta","trending_post_label":"Trending","sponsored_post":"0","sponsored_post_label":"Sponsored by","sponsored_post_name":"","sponsored_post_url":"","sponsored_post_logo_enable":"0","sponsored_post_logo":"","sponsored_post_desc":""},"jnews_primary_category":{"id":""},"jnews_social_meta":{"fb_title":"","fb_description":"","fb_image":"","twitter_title":"","twitter_description":"","twitter_image":""},"jnews_review":[],"enable_review":"0","type":"percentage","name":"","summary":"","brand":"","sku":"","good":[{"good_text":""}],"bad":[{"bad_text":""}],"score_override":"","override_value":"","rating":[{"rating_text":"","rating_number":"10"}],"price":[{"shop":"","price":"","link":"","icon":""}],"jnews_override_counter":{"override_view_counter":"0","view_counter_number":"0","override_share_counter":"0","share_counter_number":"0","override_like_counter":"0","like_counter_number":"0","override_dislike_counter":"0","dislike_counter_number":"0"},"jnews_post_split":{"enable_post_split":"0","post_split":[{"template":"1","tag":"h2","numbering":"asc","mode":"normal"}]},"footnotes":""},"categories":[150,20,34],"tags":[385,388,503],"class_list":["post-21236","post","type-post","status-publish","format-standard","has-post-thumbnail","hentry","category-cruz-del-eje","category-municipales","category-seccionales","tag-aumento-salarial","tag-pase-a-planta-de-precarizados","tag-recategorizaciones"],"jetpack_featured_media_url":"https:\/\/atecordoba.org\/wp-content\/uploads\/2020\/08\/80629445_1281616292044066_614466733222133760_n.jpg","_links":{"self":[{"href":"https:\/\/atecordoba.org\/index.php?rest_route=\/wp\/v2\/posts\/21236","targetHints":{"allow":["GET"]}}],"collection":[{"href":"https:\/\/atecordoba.org\/index.php?rest_route=\/wp\/v2\/posts"}],"about":[{"href":"https:\/\/atecordoba.org\/index.php?rest_route=\/wp\/v2\/types\/post"}],"author":[{"embeddable":true,"href":"https:\/\/atecordoba.org\/index.php?rest_route=\/wp\/v2\/users\/7"}],"replies":[{"embeddable":true,"href":"https:\/\/atecordoba.org\/index.php?rest_route=%2Fwp%2Fv2%2Fcomments&post=21236"}],"version-history":[{"count":1,"href":"https:\/\/atecordoba.org\/index.php?rest_route=\/wp\/v2\/posts\/21236\/revisions"}],"predecessor-version":[{"id":21237,"href":"https:\/\/atecordoba.org\/index.php?rest_route=\/wp\/v2\/posts\/21236\/revisions\/21237"}],"wp:featuredmedia":[{"embeddable":true,"href":"https:\/\/atecordoba.org\/index.php?rest_route=\/wp\/v2\/media\/21235"}],"wp:attachment":[{"href":"https:\/\/atecordoba.org\/index.php?rest_route=%2Fwp%2Fv2%2Fmedia&parent=21236"}],"wp:term":[{"taxonomy":"category","embeddable":true,"href":"https:\/\/atecordoba.org\/index.php?rest_route=%2Fwp%2Fv2%2Fcategories&post=21236"},{"taxonomy":"post_tag","embeddable":true,"href":"https:\/\/atecordoba.org\/index.php?rest_route=%2Fwp%2Fv2%2Ftags&post=21236"}],"curies":[{"name":"wp","href":"https:\/\/api.w.org\/{rel}","templated":true}]}}