{"id":21227,"date":"2020-08-14T11:08:06","date_gmt":"2020-08-14T14:08:06","guid":{"rendered":"https:\/\/atecordoba.org\/?p=21227"},"modified":"2020-08-14T21:37:18","modified_gmt":"2020-08-15T00:37:18","slug":"cosquin-repudian-intimidacion-en-la-municipalidad","status":"publish","type":"post","link":"https:\/\/atecordoba.org\/?p=21227","title":{"rendered":"Cosqu\u00edn: repudian intimidaci\u00f3n en la Municipalidad"},"content":{"rendered":"<p><img loading=\"lazy\" decoding=\"async\" class=\"wp-image-21228 alignleft\" src=\"https:\/\/atecordoba.org\/wp-content\/uploads\/2020\/08\/cosquin-repudio-214x300.jpeg\" alt=\"\" width=\"203\" height=\"285\" srcset=\"https:\/\/atecordoba.org\/wp-content\/uploads\/2020\/08\/cosquin-repudio-214x300.jpeg 214w, https:\/\/atecordoba.org\/wp-content\/uploads\/2020\/08\/cosquin-repudio-731x1024.jpeg 731w, https:\/\/atecordoba.org\/wp-content\/uploads\/2020\/08\/cosquin-repudio-768x1076.jpeg 768w, https:\/\/atecordoba.org\/wp-content\/uploads\/2020\/08\/cosquin-repudio-360x504.jpeg 360w, https:\/\/atecordoba.org\/wp-content\/uploads\/2020\/08\/cosquin-repudio-750x1050.jpeg 750w, https:\/\/atecordoba.org\/wp-content\/uploads\/2020\/08\/cosquin-repudio.jpeg 914w\" sizes=\"auto, (max-width: 203px) 100vw, 203px\" \/><\/p>\n<p>Un compa\u00f1ero recientemente afiliado a ATE como trabajador de la Municipalidad de Cosqu\u00edn se sinti\u00f3 intimidado, cuando recibi\u00f3 una visita de control m\u00e9dico laboral en su domicilio, tras integrar una delegaci\u00f3n de nuestro gremio que solicit\u00f3 una audiencia con el intendente Gabriel Musso.<\/p>\n<p>&#8220;Es claramente una intimidaci\u00f3n. El compa\u00f1ero es una persona de grupo de riesgo y est\u00e1 exceptuado de concurrir a trabajar. Solo le mandaron el medico a la casa cuando lo vieron con nosotros presentando la nota en la sede municipal. Qu\u00e9 mensaje est\u00e1n mandando. Reclamamos el fin de toda persecuci\u00f3n y acoso laboral, las y los compa\u00f1eros pueden afiliarse al sindicato que quieran porque hay libertad sindical en el Estado&#8221;, declar\u00f3 la seccional ATE Cruz del Eje.<\/p>\n<p>Nuestro gremio ha reclamado a Musso que la Municipalidad reconozca a ATE como entidad sindical de las y los trabajadores municipales en Cosqu\u00edn dada la cantidad de afiliados con que contamos.<\/p>\n<p>Las solicitudes no han tenido respuesta favorable de parte del intendente, a lo que ahora se suma este hecho de amedrentamiento que muestra a las claras la falta de voluntad de di\u00e1logo y el escaso respeto en la autoridad pol\u00edtica de la ciudad por la libertad que tienen las y los trabajadores para elegir su gremio.<\/p>\n","protected":false},"excerpt":{"rendered":"<p>Un compa\u00f1ero recientemente afiliado a ATE como trabajador de la Municipalidad de Cosqu\u00edn se sinti\u00f3 intimidado, cuando recibi\u00f3 una visita de control m\u00e9dico laboral en su domicilio, tras integrar una delegaci\u00f3n de nuestro gremio que solicit\u00f3 una audiencia con el intendente Gabriel Musso. &#8220;Es claramente una intimidaci\u00f3n. El compa\u00f1ero es una persona de grupo de [&hellip;]<\/p>\n","protected":false},"author":7,"featured_media":21228,"comment_status":"open","ping_status":"open","sticky":false,"template":"","format":"standard","meta":{"_exactmetrics_skip_tracking":false,"_exactmetrics_sitenote_active":false,"_exactmetrics_sitenote_note":"","_exactmetrics_sitenote_category":0,"jnews-multi-image_gallery":[],"jnews_single_post":{"source_name":"","source_url":"","via_name":"","via_url":"","override_template":"0","override":[{"template":"1","single_blog_custom":"","parallax":"1","fullscreen":"0","layout":"right-sidebar","sidebar":"default-sidebar","second_sidebar":"default-sidebar","sticky_sidebar":"1","share_position":"top","share_float_style":"share-monocrhome","show_share_counter":"1","show_view_counter":"1","show_featured":"1","show_post_meta":"1","show_post_author":"1","show_post_author_image":"1","show_post_date":"1","post_date_format":"default","post_date_format_custom":"Y\/m\/d","show_post_category":"1","show_post_reading_time":"0","post_reading_time_wpm":"300","show_zoom_button":"0","zoom_button_out_step":"2","zoom_button_in_step":"3","show_post_tag":"1","show_prev_next_post":"1","show_popup_post":"1","number_popup_post":"1","show_author_box":"0","show_post_related":"0","show_inline_post_related":"0"}],"override_image_size":"0","image_override":[{"single_post_thumbnail_size":"crop-500","single_post_gallery_size":"crop-500"}],"trending_post":"0","trending_post_position":"meta","trending_post_label":"Trending","sponsored_post":"0","sponsored_post_label":"Sponsored by","sponsored_post_name":"","sponsored_post_url":"","sponsored_post_logo_enable":"0","sponsored_post_logo":"","sponsored_post_desc":""},"jnews_primary_category":{"id":""},"jnews_social_meta":{"fb_title":"","fb_description":"","fb_image":"","twitter_title":"","twitter_description":"","twitter_image":""},"jnews_review":[],"enable_review":"0","type":"percentage","name":"","summary":"","brand":"","sku":"","good":[{"good_text":""}],"bad":[{"bad_text":""}],"score_override":"","override_value":"","rating":[{"rating_text":"","rating_number":"10"}],"price":[{"shop":"","price":"","link":"","icon":""}],"jnews_override_counter":{"override_view_counter":"0","view_counter_number":"0","override_share_counter":"0","share_counter_number":"0","override_like_counter":"0","like_counter_number":"0","override_dislike_counter":"0","dislike_counter_number":"0"},"jnews_post_split":{"enable_post_split":"0","post_split":[{"template":"1","tag":"h2","numbering":"asc","mode":"normal"}]},"footnotes":""},"categories":[20],"tags":[368,502,404],"class_list":["post-21227","post","type-post","status-publish","format-standard","has-post-thumbnail","hentry","category-municipales","tag-acoso-laboral","tag-cosquin","tag-persecucion-politico-gremial"],"jetpack_featured_media_url":"https:\/\/atecordoba.org\/wp-content\/uploads\/2020\/08\/cosquin-repudio.jpeg","_links":{"self":[{"href":"https:\/\/atecordoba.org\/index.php?rest_route=\/wp\/v2\/posts\/21227","targetHints":{"allow":["GET"]}}],"collection":[{"href":"https:\/\/atecordoba.org\/index.php?rest_route=\/wp\/v2\/posts"}],"about":[{"href":"https:\/\/atecordoba.org\/index.php?rest_route=\/wp\/v2\/types\/post"}],"author":[{"embeddable":true,"href":"https:\/\/atecordoba.org\/index.php?rest_route=\/wp\/v2\/users\/7"}],"replies":[{"embeddable":true,"href":"https:\/\/atecordoba.org\/index.php?rest_route=%2Fwp%2Fv2%2Fcomments&post=21227"}],"version-history":[{"count":5,"href":"https:\/\/atecordoba.org\/index.php?rest_route=\/wp\/v2\/posts\/21227\/revisions"}],"predecessor-version":[{"id":21267,"href":"https:\/\/atecordoba.org\/index.php?rest_route=\/wp\/v2\/posts\/21227\/revisions\/21267"}],"wp:featuredmedia":[{"embeddable":true,"href":"https:\/\/atecordoba.org\/index.php?rest_route=\/wp\/v2\/media\/21228"}],"wp:attachment":[{"href":"https:\/\/atecordoba.org\/index.php?rest_route=%2Fwp%2Fv2%2Fmedia&parent=21227"}],"wp:term":[{"taxonomy":"category","embeddable":true,"href":"https:\/\/atecordoba.org\/index.php?rest_route=%2Fwp%2Fv2%2Fcategories&post=21227"},{"taxonomy":"post_tag","embeddable":true,"href":"https:\/\/atecordoba.org\/index.php?rest_route=%2Fwp%2Fv2%2Ftags&post=21227"}],"curies":[{"name":"wp","href":"https:\/\/api.w.org\/{rel}","templated":true}]}}