{"id":21219,"date":"2020-08-13T20:15:45","date_gmt":"2020-08-13T23:15:45","guid":{"rendered":"https:\/\/atecordoba.org\/?p=21219"},"modified":"2020-08-14T10:32:53","modified_gmt":"2020-08-14T13:32:53","slug":"equipos-de-salud-mental-provinciales-debatieron-la-realidad-del-sector","status":"publish","type":"post","link":"https:\/\/atecordoba.org\/?p=21219","title":{"rendered":"Equipos de salud mental provinciales debatieron la realidad del sector"},"content":{"rendered":"<p><img loading=\"lazy\" decoding=\"async\" class=\" wp-image-21220 aligncenter\" src=\"https:\/\/atecordoba.org\/wp-content\/uploads\/2020\/08\/salud-emntal-zoom-300x138.jpg\" alt=\"\" width=\"600\" height=\"276\" srcset=\"https:\/\/atecordoba.org\/wp-content\/uploads\/2020\/08\/salud-emntal-zoom-300x138.jpg 300w, https:\/\/atecordoba.org\/wp-content\/uploads\/2020\/08\/salud-emntal-zoom-1024x473.jpg 1024w, https:\/\/atecordoba.org\/wp-content\/uploads\/2020\/08\/salud-emntal-zoom-768x354.jpg 768w, https:\/\/atecordoba.org\/wp-content\/uploads\/2020\/08\/salud-emntal-zoom-1536x709.jpg 1536w, https:\/\/atecordoba.org\/wp-content\/uploads\/2020\/08\/salud-emntal-zoom-750x346.jpg 750w, https:\/\/atecordoba.org\/wp-content\/uploads\/2020\/08\/salud-emntal-zoom-1140x526.jpg 1140w, https:\/\/atecordoba.org\/wp-content\/uploads\/2020\/08\/salud-emntal-zoom.jpg 1560w\" sizes=\"auto, (max-width: 600px) 100vw, 600px\" \/>A partir de la iniciativa de diversos compa\u00f1eros de equipos de salud mental provinciales, ayer se realiz\u00f3 un encuentro virtual donde trabajadores y trabajadoras de Villa Libertador, R\u00edo Cuarto y Villa Dolores dieron una panorama de c\u00f3mo transcurren la pandemia en el contexto de un gobierno provincial que destrata el servicio d salud mental, sea ignorando sus reclamos, sea trasladando compulsivamente los espacios de trabajo o directamente clausur\u00e1ndolos, como es <a href=\"https:\/\/atecordoba.org\/?p=21082\">el caso del hist\u00f3rico consultorio de Villa Libertador<\/a>.<\/p>\n<p>En la oportunidad coordin\u00f3 la charla la secretaria de Prensa del CDP, Julia Giuliani. Tambi\u00e9n particip\u00f3 el secretario General del CDP, Fedrico Giuliani, y la secretaria de Interior, Edith Innamorato.<\/p>\n<p>En primer t\u00e9rmino, hizo uso de la palabra el compa\u00f1eros de la Casa del Joven Jos\u00e9 Pesuto, que destac\u00f3 la importancia que desde ATE &#8220;podamos exigir con toda la contundencia que haga falta que las pol\u00edticas sanitarias se implementen de la mejor manera. Estamos en total desacuerdo con decisiones como la que se tom\u00f3 en Villa Libertador. Porque coincidimos en que la principal pol\u00edtica debe apuntar al trabajo comunitario. No hay forma de salir de esta situaci\u00f3n si no es en conjunto&#8221;.<\/p>\n<p>Puesto agreg\u00f3 que &#8220;no es posible pensar la salud mental inclusive desde el mismo consultorio. Tenemos la tradici\u00f3n de formaci\u00f3n de la cl\u00ednica del consultorio y hoy si bien sigue siendo importante me parce que hay que empezar a pensar la formaci\u00f3n como un trabajo comunitario. No es posible una perspectiva solo desde el individuo, sino esta mirada m\u00e1s pol\u00edtica que nos permita considerar la realidad que atraviesan las personas en el plano de la salud metal&#8221;.<\/p>\n<p>Seguidamente\u00a0Andrea Ferreyra, desde R\u00edo Cuarto, consider\u00f3 que &#8220;quienes trabajamos en el espacio de salud mental nos sentimos interpelados sobre la gesti\u00f3n oficial en salud mental desde antes de la pandemia, pregunta que se agudiza cuando se desencadena el Covid 19&#8221;.<\/p>\n<p><img loading=\"lazy\" decoding=\"async\" class=\" wp-image-21223 aligncenter\" src=\"https:\/\/atecordoba.org\/wp-content\/uploads\/2020\/08\/salud-emntal-zoom-2-300x138.jpg\" alt=\"\" width=\"602\" height=\"277\" srcset=\"https:\/\/atecordoba.org\/wp-content\/uploads\/2020\/08\/salud-emntal-zoom-2-300x138.jpg 300w, https:\/\/atecordoba.org\/wp-content\/uploads\/2020\/08\/salud-emntal-zoom-2-1024x473.jpg 1024w, https:\/\/atecordoba.org\/wp-content\/uploads\/2020\/08\/salud-emntal-zoom-2-768x354.jpg 768w, https:\/\/atecordoba.org\/wp-content\/uploads\/2020\/08\/salud-emntal-zoom-2-1536x709.jpg 1536w, https:\/\/atecordoba.org\/wp-content\/uploads\/2020\/08\/salud-emntal-zoom-2-750x346.jpg 750w, https:\/\/atecordoba.org\/wp-content\/uploads\/2020\/08\/salud-emntal-zoom-2-1140x526.jpg 1140w, https:\/\/atecordoba.org\/wp-content\/uploads\/2020\/08\/salud-emntal-zoom-2.jpg 1560w\" sizes=\"auto, (max-width: 602px) 100vw, 602px\" \/><\/p>\n<p>&#8220;Nosotras mismas que tanto trabajadoras y trabajadores del servicio de salud mental estamos necesitando un espacio donde estemos contenidos o cuidados y este espacio falta -dijo Ferreyra-. Hay mucho malestar\u00a0 generando en relaci\u00f3n al trabajo, tuvo que ver con algo que va enlazado a la pandemia. Con Mariana y Mabel hac\u00edamos un esfuerzo para ordenar los movimientos que hubo del servicio de salud mental a partir de que comenz\u00f3 todo esto. Y encontramos, por ejemplo, en el hospital de d\u00eda que al principio el plante\u00f3 el cierre que\u00a0 termin\u00f3 siendo\u00a0 porque no se pod\u00eda circular. Despu\u00e9s hubo una reapertura de un solo d\u00eda a la semana y con un solo taller, cuando antes ten\u00edamos tres talleres por d\u00eda y cinco d\u00edas a la semana&#8221;.<\/p>\n<p>&#8220;Si pensamos en el internado, lo mismo. Ten\u00edamos un sector en el tercer piso con 16 camas y esa \u00e1rea se desaloj\u00f3 para prepararlo para Covid, pasamos a tener 4 camas compartidas en el cuarto piso, donde no estaban las condiciones adecuadas para poder atender a los pacientes. Despu\u00e9s se realiz\u00f3 un nuevo traslado a la planta baja en un sector donde antes era de consultorios, que no tiene todas las prestaciones necesaria para funcionar como internaci\u00f3n. Todo estos movimientos, los esquemas de trabajo que fueron muy cambiantes durante la pandemia y que no necesariamente responden a un criterio prestacional claro, y eso tiene que ver mucho con nuestro malestar&#8221;.<\/p>\n<p>La compa\u00f1era Mariana, tambi\u00e9n de R\u00edo Cuarto, agreg\u00f3 que &#8220;esta pandemia vino a explotar algo que ya ven\u00eda pasando, nos ven\u00edan desarticulando. Y se aceler\u00f3. Como que no cubren los cargos por jubilaciones, o que venimos cumpliendo todos un mont\u00f3n de role por falta de personal, junto a muchas otras cosas a nivel estructural. Esto dej\u00f3 en evidencia una pol\u00edtica de estado que ya ven\u00eda ocurriendo&#8221;.<\/p>\n<p>En la misma l\u00ednea,\u00a0Mabel Nieto dijo que &#8220;si hacemos un poco de historia, desde que el traslado al nuevo hospital (Regional de R\u00edo cuarto) dej\u00f3 al servicio en el viejo edificio, porque no hubo un espacio f\u00edsico. Junto con salud mental quedaron en el viejo edificio la lavander\u00eda y la morgue. Esto sucedi\u00f3 muchos a\u00f1os atr\u00e1s, pero pone en el tapete cu\u00e1l es para el Estado el lugar de la salud mental&#8221;.<\/p>\n<p>Por su parte Jorge Beltraffa reflexon\u00f3 que &#8220;todo esto que cuentan es coherente con el marco pol\u00edtico de este gobierno. Es dif\u00edcil pensar un determinado modelo de salud mental, con el eje puesto en comunidad y en las nuevas perspectivas a nivel mundial, con un gobierno que tiene las caracter\u00edsticas conservador con una mirada m\u00e1s biom\u00e9dica de la salud&#8221;.<\/p>\n<p>Desde el equipo de salud mental de R\u00edo Cuarto, Beltraffa dijo que &#8220;en esta situaci\u00f3n de pandemia los dos grandes ausentes en la gesti\u00f3n cordobesa hayan sido la salud mental y la bio\u00e9tica, que debieran estar en la primera l\u00ednea. Porque el enfoque es estrictamente biom\u00e9dico, cuando en realidad toda pandemia es una crisis sanitario-social. Desde el punto de vista m\u00e9dico el Covid 19 no es ninguna novedad, el problema es en realidad el problema social que conlleva. Por eso encontramos cosas que est\u00e1n desfasadas como la ausencia de la salud mental en la gesti\u00f3n de la pandemia y de la bio\u00e9tica. \u00a0La salud mental est\u00e1 ausente del marco general del gobierno y de la pandemia en particular&#8221;.<\/p>\n<p>Desde Villa Liberador,\u00a0 Isabel Mamani cont\u00f3 la experiencia de lucha ante el cierre del consultorio de calle Tilcara. &#8220;Dependemos de la Secretaria de Salud Mental, dentro del \u00e1rea comunitaria que tiene dependencias en barrios perif\u00e9ricos como Santa Isabel, Inaudi, Comercial, Maldonado, etc. Nuestro equipo es uno de los originarios del \u00e1rea comunitaria y se crea en 1985 con los primeros equipos que llegan al territorio. Desde aquella \u00e9poca que nuestro equipo viene trabajando dando prestaciones de salud mental a la comunidad hasta abril de este a\u00f1o, donde tras un pedido de insumos y material de seguridad, de manera sorpresiva y abrupta, se nos cita para informarnos de una resoluci\u00f3n que cierra la sede y se desintegra nuestro equipo. Eso signific\u00f3 que de un d\u00eda para el otro perdimos contacto con la poblaci\u00f3n, con nuestros materiales de trabajo hasta hoy&#8221;.<\/p>\n<p><img loading=\"lazy\" decoding=\"async\" class=\" wp-image-21222 aligncenter\" src=\"https:\/\/atecordoba.org\/wp-content\/uploads\/2020\/08\/salud-emntal-zoom-4-300x169.jpg\" alt=\"\" width=\"590\" height=\"332\" srcset=\"https:\/\/atecordoba.org\/wp-content\/uploads\/2020\/08\/salud-emntal-zoom-4-300x169.jpg 300w, https:\/\/atecordoba.org\/wp-content\/uploads\/2020\/08\/salud-emntal-zoom-4-1024x576.jpg 1024w, https:\/\/atecordoba.org\/wp-content\/uploads\/2020\/08\/salud-emntal-zoom-4-768x432.jpg 768w, https:\/\/atecordoba.org\/wp-content\/uploads\/2020\/08\/salud-emntal-zoom-4-1536x864.jpg 1536w, https:\/\/atecordoba.org\/wp-content\/uploads\/2020\/08\/salud-emntal-zoom-4-750x422.jpg 750w, https:\/\/atecordoba.org\/wp-content\/uploads\/2020\/08\/salud-emntal-zoom-4-1140x641.jpg 1140w, https:\/\/atecordoba.org\/wp-content\/uploads\/2020\/08\/salud-emntal-zoom-4.jpg 1920w\" sizes=\"auto, (max-width: 590px) 100vw, 590px\" \/><\/p>\n<p>Mamani dijo que &#8220;actualmente no tenemos espacio f\u00edsico. As\u00ed que al malestar por el ataque y el atropello a nuestras condiciones de trabajo y nuestros derechos se suma el malestar de los pacientes, de la comunidad, que no saben d\u00f3nde encontrarnos. Si no entramos en contacto por tel\u00e9fono no tenemos forma de mantener el contacto que durante a\u00f1os tuvimos con la comunidad&#8221;.<\/p>\n<p>Y agreg\u00f3: &#8220;nos sorprende hoy la falta de respuestas, el silencio de las autoridades de Salud Mental. Tampoco hay respuestas para la comunidad que el 20 de julio presentaron una nota, pidiendo saber cu\u00e1ndo se iba a restablecer el equipo. Porque uno de los argumentos es que la sede se cerr\u00f3 para hacer refacciones. Durante cuatro meses ese edificio estuvo cerrado y abandonado, hasta hace una semana que comenzaron con ciertos arreglos. No fuimos notificados, nadie sabe qu\u00e9 arreglos se har\u00e1n ni cu\u00e1l es el plan de obra. Menos aun cu\u00e1ndo volver\u00edamos a ese lugar. Nos informaron verbalmente que si vamos a volver pero tampoco tenemos ninguna certeza&#8221;.<\/p>\n<p>Mamani asegur\u00f3 que &#8220;hicimos muchas acciones y continuamos en ese sentido. Valoramos mucho lo que se pudo construir con las organizaciones del barrio, con los vecinos y vecinas, con el gremio, porque sin ese reclamo contenido y persistente no estar\u00edamos ac\u00e1.\u00a0Hoy nos preocupa mucha la salud de la poblaci\u00f3n: Villa Libertador es una zona muy amplia, con mucha cantidad de habitantes, afectados por muchas problem\u00e1ticas ambientales, de salud, y limitar el acceso a la atenci\u00f3n a la poblaci\u00f3n es un contrasentido en plena pandemia&#8221;.<\/p>\n<p>En igual sentido se expres\u00f3\u00a0Claudia Casas, vecina de Villa Libertador e integrante de las organizaciones Unidhos y Cloacas Ya. Casas cont\u00f3 que las y los vecinos del sector &#8220;fuimos contenidas por el equipo de Villa Libertador. Conformamos un grupo de mujeres amas de casa que nos animamos a salir a hacer un reclamo colectivo por las cloacas, la mayor\u00eda vive sin ba\u00f1o.\u00a0Durante la pandemia tuvieron que estar con los ni\u00f1os dentro de las casas, y algunas con los pozos ciegos llenos. Esta crisis no es solo una crisis sanitaria por la pandemia sino por el problema estructural que vivimos. En ese marco, las doctoras iban a nuestras casas fuera de su horario de atenci\u00f3n para escuchar que les pasa a nuestras vecinas&#8221;.<\/p>\n<p>Por su parte, la secretaria de Interior del CDP\u00a0Edith Innamorato, habl\u00f3 en representaci\u00f3n de Villa Dolores, cuyas compa\u00f1eros no pudieron comunicarse por problemas t\u00e9cnicos. La dirigente dijo que en Traslasierra &#8220;tienen una situaci\u00f3n similar a Villa Libertador. Dentro del hospital las est\u00e1n trasladando de un lugar a otro. No tienen lugar f\u00edsico. Est\u00e1n con el stress de no encontrar en la direcci\u00f3n del hospital las respuestas concretas a sus necesidades. No atienden sus solicitudes, o postergan las respuestas o los derivan al Ministerio de Salud de la provincia.\u00a0Vemos que el Gobierno de C\u00f3rdoba denigra a los profesionales de la salud mental. Hay que hacer hincapi\u00e9 en el sustento colectivo para fortalecer el reclamo gremial&#8221;.<\/p>\n<p>Tambi\u00e9n hizo uso de la palabra Ivette G\u00f3mez Moro, trabajadora de salud mental en el \u00e1rea infanto-juvenil, en el Hospital San Roque Viejo. &#8220;Quiero decir -inici\u00f3 su planteo- que debemos hacer un abordaje pol\u00edtico, no partidario, pero pol\u00edtico porque tiene que ver con pol\u00edticas p\u00fablicas. \u00a0Las cifras lo muestran y hay epidemi\u00f3logos que cuestionan lo que se est\u00e1 haciendo. Desde Naci\u00f3n nos han brindado muchas capacitaciones en salud mental y justamente habla de esto que en primera l\u00ednea estamos los trabajadores de salud mental, tanto como un m\u00e9dico o un enfermero que est\u00e1n a cargo de un paciente en un hospital que sea referente Covid&#8221;.<\/p>\n<p>La trabajadora evalu\u00f3 que &#8220;hay un impacto directo en la salud de la poblaci\u00f3n, un sufrimiento que no significa \u2018repatologisar\u2019 la epidemia. Sino que hay un impacto en la psiquis de todos los sujetos: ni\u00f1os, adolescentes, adultos y mayores. T\u00e9cnicamente lo que estamos viviendo es un desastre. Hay experiencias en otros distritos como buenos Aires o Santa Fe, que tuvieron una pol\u00edtica clar\u00edsima de lo que es un avance psicosocial sobre la poblaci\u00f3n. En C\u00f3rdoba no, porque hay una pol\u00edtica continua de a\u00f1os de desmantelamiento. \u00a0Tenemos que tener este cuadro general para no fragmentar el problema y caemos en un an\u00e1lisis reducido, que es v\u00e1lido, pero hay que enmarcarlo en el contexto del desmantelamiento general de la salud y de la salud mental&#8221;.<\/p>\n<p>Y finaliz\u00f3 se\u00f1alando que &#8220;actualmente ante el sufrimiento de la poblaci\u00f3n de los casos de la gente que ya venimos tratando como de aquellos que se ven impactados porque en su familia han sufrido, no podemos atenderlos, \u00a0estamos vulnerando sus derechos de la poblaci\u00f3n porque no tenemos ni los medios ni los insumos para hacerlo.\u00a0No debemos descartar la mirada biom\u00e9dica porque es la diferencia entre la vida y la muerte, pero tiene que estar conjugada con la mirada psicosocial, donde tambi\u00e9n est\u00e1n la vida y la muerte en el sentido simb\u00f3lico.\u00a0El padecimiento subjetivo existe, porque se alter\u00f3 la cotidianeidad de los sujetos y ah\u00ed tenemos que intervenir nosotros, los que cuidamos&#8221;.<\/p>\n<p><img loading=\"lazy\" decoding=\"async\" class=\" wp-image-21221 aligncenter\" src=\"https:\/\/atecordoba.org\/wp-content\/uploads\/2020\/08\/salud-emntal-zoom-3-300x169.jpg\" alt=\"\" width=\"601\" height=\"339\" srcset=\"https:\/\/atecordoba.org\/wp-content\/uploads\/2020\/08\/salud-emntal-zoom-3-300x169.jpg 300w, https:\/\/atecordoba.org\/wp-content\/uploads\/2020\/08\/salud-emntal-zoom-3-1024x576.jpg 1024w, https:\/\/atecordoba.org\/wp-content\/uploads\/2020\/08\/salud-emntal-zoom-3-768x432.jpg 768w, https:\/\/atecordoba.org\/wp-content\/uploads\/2020\/08\/salud-emntal-zoom-3-1536x864.jpg 1536w, https:\/\/atecordoba.org\/wp-content\/uploads\/2020\/08\/salud-emntal-zoom-3-750x422.jpg 750w, https:\/\/atecordoba.org\/wp-content\/uploads\/2020\/08\/salud-emntal-zoom-3-1140x641.jpg 1140w, https:\/\/atecordoba.org\/wp-content\/uploads\/2020\/08\/salud-emntal-zoom-3.jpg 1920w\" sizes=\"auto, (max-width: 601px) 100vw, 601px\" \/><\/p>\n<p>Los testimonios se sucedieron durante m\u00e1s de dos horas. Las y los compa\u00f1eros concluyeron con la necesidad de poner en marcha una red que unifique criterios e informaci\u00f3n para realizar acciones en conjunto. En tal sentido, qued\u00f3 el compromiso de elaborar un documento y replicar el espacio virtual para continuar el debate y definir acciones a seguir.<\/p>\n<p>Para el cierre, Julia Giuliani resumi\u00f3 lo sucedido felicitando a todos los participantes porque &#8220;esta no fue una iniciativa del CDP sino que surgi\u00f3 desde las mismas compa\u00f1eras, que pusieron sobre la mesa la necesidad de encontrarse. Por eso esta experiencia debe ser el puntapi\u00e9 para hacer una serie de ciclos. Para nosotros las luchas sindicales tienen que estar rodeadas de las luchas comunitarias y territoriales con las organizaciones y los vecinos&#8221;.<\/p>\n<p>Y finaliz\u00f3 invitando a todos a participar del plenario provincial de trabajadores de la salud que se llevar\u00e1 a cabo el lunes pr\u00f3ximo.<\/p>\n","protected":false},"excerpt":{"rendered":"<p>A partir de la iniciativa de diversos compa\u00f1eros de equipos de salud mental provinciales, ayer se realiz\u00f3 un encuentro virtual donde trabajadores y trabajadoras de Villa Libertador, R\u00edo Cuarto y Villa Dolores dieron una panorama de c\u00f3mo transcurren la pandemia en el contexto de un gobierno provincial que destrata el servicio d salud mental, sea [&hellip;]<\/p>\n","protected":false},"author":7,"featured_media":21220,"comment_status":"open","ping_status":"open","sticky":true,"template":"","format":"standard","meta":{"_exactmetrics_skip_tracking":false,"_exactmetrics_sitenote_active":false,"_exactmetrics_sitenote_note":"","_exactmetrics_sitenote_category":0,"jnews-multi-image_gallery":[],"jnews_single_post":{"source_name":"","source_url":"","via_name":"","via_url":"","override_template":"0","override":[{"template":"1","single_blog_custom":"","parallax":"1","fullscreen":"0","layout":"right-sidebar","sidebar":"default-sidebar","second_sidebar":"default-sidebar","sticky_sidebar":"1","share_position":"top","share_float_style":"share-monocrhome","show_share_counter":"1","show_view_counter":"1","show_featured":"1","show_post_meta":"1","show_post_author":"1","show_post_author_image":"1","show_post_date":"1","post_date_format":"default","post_date_format_custom":"Y\/m\/d","show_post_category":"1","show_post_reading_time":"0","post_reading_time_wpm":"300","show_zoom_button":"0","zoom_button_out_step":"2","zoom_button_in_step":"3","show_post_tag":"1","show_prev_next_post":"1","show_popup_post":"1","number_popup_post":"1","show_author_box":"0","show_post_related":"0","show_inline_post_related":"0"}],"override_image_size":"0","image_override":[{"single_post_thumbnail_size":"crop-500","single_post_gallery_size":"crop-500"}],"trending_post":"0","trending_post_position":"meta","trending_post_label":"Trending","sponsored_post":"0","sponsored_post_label":"Sponsored by","sponsored_post_name":"","sponsored_post_url":"","sponsored_post_logo_enable":"0","sponsored_post_logo":"","sponsored_post_desc":""},"jnews_primary_category":{"id":""},"jnews_social_meta":{"fb_title":"","fb_description":"","fb_image":"","twitter_title":"","twitter_description":"","twitter_image":""},"jnews_review":[],"enable_review":"0","type":"percentage","name":"","summary":"","brand":"","sku":"","good":[{"good_text":""}],"bad":[{"bad_text":""}],"score_override":"","override_value":"","rating":[{"rating_text":"","rating_number":"10"}],"price":[{"shop":"","price":"","link":"","icon":""}],"jnews_override_counter":{"override_view_counter":"0","view_counter_number":"0","override_share_counter":"0","share_counter_number":"0","override_like_counter":"0","like_counter_number":"0","override_dislike_counter":"0","dislike_counter_number":"0"},"jnews_post_split":{"enable_post_split":"0","post_split":[{"template":"1","tag":"h2","numbering":"asc","mode":"normal"}]},"footnotes":""},"categories":[341,104,8,12],"tags":[488],"class_list":["post-21219","post","type-post","status-publish","format-standard","has-post-thumbnail","hentry","category-cdp","category-departamento-de-salud","category-provinciales","category-rio-cuarto","tag-equipo-de-salud-mental"],"jetpack_featured_media_url":"https:\/\/atecordoba.org\/wp-content\/uploads\/2020\/08\/salud-emntal-zoom.jpg","_links":{"self":[{"href":"https:\/\/atecordoba.org\/index.php?rest_route=\/wp\/v2\/posts\/21219","targetHints":{"allow":["GET"]}}],"collection":[{"href":"https:\/\/atecordoba.org\/index.php?rest_route=\/wp\/v2\/posts"}],"about":[{"href":"https:\/\/atecordoba.org\/index.php?rest_route=\/wp\/v2\/types\/post"}],"author":[{"embeddable":true,"href":"https:\/\/atecordoba.org\/index.php?rest_route=\/wp\/v2\/users\/7"}],"replies":[{"embeddable":true,"href":"https:\/\/atecordoba.org\/index.php?rest_route=%2Fwp%2Fv2%2Fcomments&post=21219"}],"version-history":[{"count":2,"href":"https:\/\/atecordoba.org\/index.php?rest_route=\/wp\/v2\/posts\/21219\/revisions"}],"predecessor-version":[{"id":21225,"href":"https:\/\/atecordoba.org\/index.php?rest_route=\/wp\/v2\/posts\/21219\/revisions\/21225"}],"wp:featuredmedia":[{"embeddable":true,"href":"https:\/\/atecordoba.org\/index.php?rest_route=\/wp\/v2\/media\/21220"}],"wp:attachment":[{"href":"https:\/\/atecordoba.org\/index.php?rest_route=%2Fwp%2Fv2%2Fmedia&parent=21219"}],"wp:term":[{"taxonomy":"category","embeddable":true,"href":"https:\/\/atecordoba.org\/index.php?rest_route=%2Fwp%2Fv2%2Fcategories&post=21219"},{"taxonomy":"post_tag","embeddable":true,"href":"https:\/\/atecordoba.org\/index.php?rest_route=%2Fwp%2Fv2%2Ftags&post=21219"}],"curies":[{"name":"wp","href":"https:\/\/api.w.org\/{rel}","templated":true}]}}