{"id":21209,"date":"2020-08-13T10:46:46","date_gmt":"2020-08-13T13:46:46","guid":{"rendered":"https:\/\/atecordoba.org\/?p=21209"},"modified":"2020-08-13T11:01:43","modified_gmt":"2020-08-13T14:01:43","slug":"la-exposicion-de-los-equipos-de-salud-se-cobra-14-nuevos-contagiados","status":"publish","type":"post","link":"https:\/\/atecordoba.org\/?p=21209","title":{"rendered":"La exposici\u00f3n de los equipos de salud se cobra 14 nuevos contagios"},"content":{"rendered":"<p><img loading=\"lazy\" decoding=\"async\" class=\" wp-image-21210 aligncenter\" src=\"https:\/\/atecordoba.org\/wp-content\/uploads\/2020\/08\/Hospital_San_Roque_Cordoba_Argentina_-300x225.jpg\" alt=\"\" width=\"602\" height=\"451\" srcset=\"https:\/\/atecordoba.org\/wp-content\/uploads\/2020\/08\/Hospital_San_Roque_Cordoba_Argentina_-300x225.jpg 300w, https:\/\/atecordoba.org\/wp-content\/uploads\/2020\/08\/Hospital_San_Roque_Cordoba_Argentina_-1024x768.jpg 1024w, https:\/\/atecordoba.org\/wp-content\/uploads\/2020\/08\/Hospital_San_Roque_Cordoba_Argentina_-768x576.jpg 768w, https:\/\/atecordoba.org\/wp-content\/uploads\/2020\/08\/Hospital_San_Roque_Cordoba_Argentina_-750x563.jpg 750w, https:\/\/atecordoba.org\/wp-content\/uploads\/2020\/08\/Hospital_San_Roque_Cordoba_Argentina_.jpg 1072w\" sizes=\"auto, (max-width: 602px) 100vw, 602px\" \/><\/p>\n<p>El Consejo Directivo Provincial expresa su profunda preocupaci\u00f3n por el aumento descontrolado de contagiados por Covid 19 entre los equipos de salud de la provincia.<\/p>\n<p>Se trata de un fen\u00f3meno sin parang\u00f3n en el pa\u00eds y podr\u00eda estar relacionado con la falta de testeos peri\u00f3dicos y regulares al personal que se encuentra en la primera l\u00ednea de atenci\u00f3n de los nosocomios de la Provincia.<\/p>\n<p>A los lamentables 14 nuevos contagios conocidos ayer en el Hospital San Roque se suman los ocurridos recientemente en el Hospital C\u00f3rdoba (12), Hospital Rawson (18), Hospital Italiano (30) y Cl\u00ednica Sucre (15).<\/p>\n<p>Vale recordar que ATE y otras organizaciones sindicales <a href=\"https:\/\/atecordoba.org\/?p=20908\">exigieron<\/a> por nota formal al Ministerio de Salud que se apliquen estos controles a todo el personal, medida que es un reclamo un\u00e1nime entre las y los trabajadores. La nota se present\u00f3 el 29 de julio y hasta el momento no mereci\u00f3 respuesta alguna de parte del Ministerio que encabeza diego Cardoso.<\/p>\n<p>En su momento el CDP afirm\u00f3 que &#8220;<strong>el COVID19 avanza y el Ministerio de Salud no toma cartas en el asunto. Por ello exigimos que la situaci\u00f3n deba manejarse con criterios sanitarios, no economicistas. Desde un punto de vista sanitario es evidente que debe haber m\u00e1s testeos. Si no hay insumos para realizarlos, deber\u00e1 salir a comprarse, arbitrando los medios para tal fin\u201d.<\/strong><\/p>\n<p>Esta ola de contagios implica un duro golpe para los equipos de salud de la provincia porque las y los compa\u00f1eros deben hacer el aislamiento correspondiente y deben ser reemplazados por personal capacitado.<\/p>\n<p>El CDP hab\u00eda se\u00f1alado al respecto que \u201cla decisi\u00f3n de suspender los testeos solo ha generado m\u00e1s preocupaci\u00f3n entre el personal comprendido en ambas leyes, la 7233 y la 7625 y para quienes cumplen tareas dentro de los hospitales aunque no est\u00e9n en relaci\u00f3n laboral directa con la provincia, como es el caso de los servicios de higiene o en algunos casos el de seguridad tambi\u00e9n\u201d. el secretario Adjunto de ATE C\u00f3rdoba, Hugo Dur\u00e1n expres\u00f3 entonces que los testeos \u201cno son una posibilidad, son una necesidad a la hora de proteger la salud de las y los trabajadores, sus familias y la sociedad en su conjunto ya que muchas de estas personas cumplen tareas en distintos establecimientos -hospitales, salas, cl\u00ednicas, consultorios-\u201c.<\/p>\n<p>&nbsp;<\/p>\n","protected":false},"excerpt":{"rendered":"<p>El Consejo Directivo Provincial expresa su profunda preocupaci\u00f3n por el aumento descontrolado de contagiados por Covid 19 entre los equipos de salud de la provincia. Se trata de un fen\u00f3meno sin parang\u00f3n en el pa\u00eds y podr\u00eda estar relacionado con la falta de testeos peri\u00f3dicos y regulares al personal que se encuentra en la primera [&hellip;]<\/p>\n","protected":false},"author":7,"featured_media":21210,"comment_status":"open","ping_status":"open","sticky":true,"template":"","format":"standard","meta":{"_exactmetrics_skip_tracking":false,"_exactmetrics_sitenote_active":false,"_exactmetrics_sitenote_note":"","_exactmetrics_sitenote_category":0,"jnews-multi-image_gallery":[],"jnews_single_post":{"source_name":"","source_url":"","via_name":"","via_url":"","override_template":"0","override":[{"template":"1","single_blog_custom":"","parallax":"1","fullscreen":"0","layout":"right-sidebar","sidebar":"default-sidebar","second_sidebar":"default-sidebar","sticky_sidebar":"1","share_position":"top","share_float_style":"share-monocrhome","show_share_counter":"1","show_view_counter":"1","show_featured":"1","show_post_meta":"1","show_post_author":"1","show_post_author_image":"1","show_post_date":"1","post_date_format":"default","post_date_format_custom":"Y\/m\/d","show_post_category":"1","show_post_reading_time":"0","post_reading_time_wpm":"300","show_zoom_button":"0","zoom_button_out_step":"2","zoom_button_in_step":"3","show_post_tag":"1","show_prev_next_post":"1","show_popup_post":"1","number_popup_post":"1","show_author_box":"0","show_post_related":"0","show_inline_post_related":"0"}],"override_image_size":"0","image_override":[{"single_post_thumbnail_size":"crop-500","single_post_gallery_size":"crop-500"}],"trending_post":"0","trending_post_position":"meta","trending_post_label":"Trending","sponsored_post":"0","sponsored_post_label":"Sponsored by","sponsored_post_name":"","sponsored_post_url":"","sponsored_post_logo_enable":"0","sponsored_post_logo":"","sponsored_post_desc":""},"jnews_primary_category":{"id":""},"jnews_social_meta":{"fb_title":"","fb_description":"","fb_image":"","twitter_title":"","twitter_description":"","twitter_image":""},"jnews_review":[],"enable_review":"0","type":"percentage","name":"","summary":"","brand":"","sku":"","good":[{"good_text":""}],"bad":[{"bad_text":""}],"score_override":"","override_value":"","rating":[{"rating_text":"","rating_number":"10"}],"price":[{"shop":"","price":"","link":"","icon":""}],"jnews_override_counter":{"override_view_counter":"0","view_counter_number":"0","override_share_counter":"0","share_counter_number":"0","override_like_counter":"0","like_counter_number":"0","override_dislike_counter":"0","dislike_counter_number":"0"},"jnews_post_split":{"enable_post_split":"0","post_split":[{"template":"1","tag":"h2","numbering":"asc","mode":"normal"}]},"footnotes":""},"categories":[104,8],"tags":[498,478,459],"class_list":["post-21209","post","type-post","status-publish","format-standard","has-post-thumbnail","hentry","category-departamento-de-salud","category-provinciales","tag-equipos-de-salud-contagiados","tag-hisopados","tag-testeos"],"jetpack_featured_media_url":"https:\/\/atecordoba.org\/wp-content\/uploads\/2020\/08\/Hospital_San_Roque_Cordoba_Argentina_.jpg","_links":{"self":[{"href":"https:\/\/atecordoba.org\/index.php?rest_route=\/wp\/v2\/posts\/21209","targetHints":{"allow":["GET"]}}],"collection":[{"href":"https:\/\/atecordoba.org\/index.php?rest_route=\/wp\/v2\/posts"}],"about":[{"href":"https:\/\/atecordoba.org\/index.php?rest_route=\/wp\/v2\/types\/post"}],"author":[{"embeddable":true,"href":"https:\/\/atecordoba.org\/index.php?rest_route=\/wp\/v2\/users\/7"}],"replies":[{"embeddable":true,"href":"https:\/\/atecordoba.org\/index.php?rest_route=%2Fwp%2Fv2%2Fcomments&post=21209"}],"version-history":[{"count":4,"href":"https:\/\/atecordoba.org\/index.php?rest_route=\/wp\/v2\/posts\/21209\/revisions"}],"predecessor-version":[{"id":21214,"href":"https:\/\/atecordoba.org\/index.php?rest_route=\/wp\/v2\/posts\/21209\/revisions\/21214"}],"wp:featuredmedia":[{"embeddable":true,"href":"https:\/\/atecordoba.org\/index.php?rest_route=\/wp\/v2\/media\/21210"}],"wp:attachment":[{"href":"https:\/\/atecordoba.org\/index.php?rest_route=%2Fwp%2Fv2%2Fmedia&parent=21209"}],"wp:term":[{"taxonomy":"category","embeddable":true,"href":"https:\/\/atecordoba.org\/index.php?rest_route=%2Fwp%2Fv2%2Fcategories&post=21209"},{"taxonomy":"post_tag","embeddable":true,"href":"https:\/\/atecordoba.org\/index.php?rest_route=%2Fwp%2Fv2%2Ftags&post=21209"}],"curies":[{"name":"wp","href":"https:\/\/api.w.org\/{rel}","templated":true}]}}