{"id":21199,"date":"2020-08-12T15:42:01","date_gmt":"2020-08-12T18:42:01","guid":{"rendered":"https:\/\/atecordoba.org\/?p=21199"},"modified":"2020-08-12T15:42:55","modified_gmt":"2020-08-12T18:42:55","slug":"san-francisco-una-cautelar-ordena-a-la-municipalidad-habilitar-las-asambleas-de-ate","status":"publish","type":"post","link":"https:\/\/atecordoba.org\/?p=21199","title":{"rendered":"San Francisco: una cautelar ordena a la Municipalidad habilitar las asambleas de ATE"},"content":{"rendered":"<p><img loading=\"lazy\" decoding=\"async\" class=\" wp-image-21200 aligncenter\" src=\"https:\/\/atecordoba.org\/wp-content\/uploads\/2020\/08\/tribunales-san-francisco-300x227.jpg\" alt=\"\" width=\"602\" height=\"455\" srcset=\"https:\/\/atecordoba.org\/wp-content\/uploads\/2020\/08\/tribunales-san-francisco-300x227.jpg 300w, https:\/\/atecordoba.org\/wp-content\/uploads\/2020\/08\/tribunales-san-francisco.jpg 430w\" sizes=\"auto, (max-width: 602px) 100vw, 602px\" \/><\/p>\n<p>El Juzgado de Conciliaci\u00f3n de la ciudad de San Francisco, a cargo de la jueza Ruth Graciela Paruccia, emiti\u00f3 ayer una medida cautelar a pedido de ATE donde determin\u00f3 que nuestro gremio tiene potestad para realizar asambleas de trabajadoras y trabajadores sin necesidad de autorizaci\u00f3n previa de parte de la comuna.<\/p>\n<p>La medida fue producto de la intervenci\u00f3n de los abogados de ATE Mar\u00eda Terragno, Enrique Pistone y Mauricio Paissio ante las persecuciones que los funcionarios municipales sobre los delegados electos, sin respetar los fueros sindicales ni la libertad y democracia sindical que la ley vigente otorga a los estatales para elegir distintos gremios que coexisten dentro de un mismo \u00e1mbito laboral.<\/p>\n<p>ATE tiene la personar\u00eda gremial N\u00ba2, la m\u00e1s antigua del pa\u00eds, y est\u00e1 habilitado para actuar en representaci\u00f3n de las y los trabajadores estatales, tanto en el la Naci\u00f3n como en Provincia y municipios del pa\u00eds. Pero la Municipalidad de San Francisco pretend\u00eda decidir qu\u00e9 gremio ser\u00eda reconocido, negando a ATE dicho derecho.<\/p>\n<p>En la demanda, de car\u00e1cter sumario y por ello de inmediata aplicaci\u00f3n, ATE solicit\u00f3 a la jueza interviniente que ordene a la Municipalidad de San Francisco que cese con el comportamiento antisindical que el Municipio est\u00e1 teniendo para con sus trabajadoras y trabajadores afiliadas y afiliados a ATE, derechos comprendidos dentro de la libertad sindical reconocida en nuestra legislaci\u00f3n.<\/p>\n<p>La resoluci\u00f3n judicial deja sin efecto as\u00ed el Decreto Municipal que proh\u00edbe las asambleas sin el permiso previo otorgado por la patronal. Esto est\u00e1 muy claro por la Ley Sindical donde se garantiza el derecho de los trabajadores y sus organizaciones de celebrar Asambleas sin\u00a0 autorizaci\u00f3n previa. La actitud de prohibir tan fundamental derecho como es el de reunirse y discutir se constituye en una afrenta grav\u00edsima contra el conjunto de las trabajadoras y trabajadores.<\/p>\n<p>Este punto que es neur\u00e1lgico para la organizaci\u00f3n sindical para discutir y consensuar reclamos que tienen que ver con sus derechos, es algo muy importante en t\u00e9rminos de organizaci\u00f3n y ejercicio de derechos laborales. Las y los trabajadores no van a poder ser perseguidos por reunirse en asambleas ni podr\u00e1n tener ning\u00fan tipo de amedrentamiento o descuento por el ejercicio de un derecho tan fundamental como es el de reunirse.<\/p>\n<p><strong>Reconocimiento de delegados<\/strong><\/p>\n<p>Por otro lado, pero relacionado con lo anterior, ATE solicit\u00f3 a la Juez que se expida para que la Municipalidad reconozca a todas las delegadas y delegados que forman parte de la Junta Interna de ATE ya que, la Municipalidad, arrog\u00e1ndose facultades reglamentarias que no tiene, sin ning\u00fan tipo de fundamentos dice que va a reconocer a un grupo de representantes y a otro no.<\/p>\n<p>En este marco de no reconocimiento persigue a los compa\u00f1eros que tienen representaci\u00f3n sindical incluso con descuentos salariales por uso del cr\u00e9dito horario gremial que tienen como derecho justamente para el ejercicio de sus tareas de representaci\u00f3n y organizaci\u00f3n sindical.<\/p>\n<p>Por eso, se solicit\u00f3 en la presentaci\u00f3n es que la Municipalidad sea declarada en pr\u00e1ctica desleal con una multa por este comportamiento antisindical.<\/p>\n<p>Respecto a este punto, si bien la magistrada no se expidi\u00f3 ante el reclamo del cr\u00e9dito horario correspondiente, s\u00ed desliz\u00f3 en la sentencia cautelar que el conjunto de los delegados de ATE tiene representaci\u00f3n en la Municipalidad de San Francisco.<\/p>\n<p>De esta forma, la argumentaci\u00f3n que esgrime la patronal, no tiene asidero ya que la Municipalidad no puede elegir qu\u00e9 delegados tendr\u00e1n representaci\u00f3n o no. Los delegados son electos por los trabajadores y trabajadoras y el Municipio no tiene facultades para decidirlo. Si bien no hay sentencia definitiva, tras estos adelantos s\u00ed consideramos que ser\u00e1n afirmativas las respuestas ante las demandas presentadas por ATE para garantizar los derechos sindicales tanto individuales como colectivos de las trabajadoras y trabajadores de San Francisco<\/p>\n<p>&nbsp;<\/p>\n","protected":false},"excerpt":{"rendered":"<p>El Juzgado de Conciliaci\u00f3n de la ciudad de San Francisco, a cargo de la jueza Ruth Graciela Paruccia, emiti\u00f3 ayer una medida cautelar a pedido de ATE donde determin\u00f3 que nuestro gremio tiene potestad para realizar asambleas de trabajadoras y trabajadores sin necesidad de autorizaci\u00f3n previa de parte de la comuna. La medida fue producto [&hellip;]<\/p>\n","protected":false},"author":7,"featured_media":21200,"comment_status":"open","ping_status":"open","sticky":true,"template":"","format":"standard","meta":{"_exactmetrics_skip_tracking":false,"_exactmetrics_sitenote_active":false,"_exactmetrics_sitenote_note":"","_exactmetrics_sitenote_category":0,"jnews-multi-image_gallery":[],"jnews_single_post":{"source_name":"","source_url":"","via_name":"","via_url":"","override_template":"0","override":[{"template":"1","single_blog_custom":"","parallax":"1","fullscreen":"0","layout":"right-sidebar","sidebar":"default-sidebar","second_sidebar":"default-sidebar","sticky_sidebar":"1","share_position":"top","share_float_style":"share-monocrhome","show_share_counter":"1","show_view_counter":"1","show_featured":"1","show_post_meta":"1","show_post_author":"1","show_post_author_image":"1","show_post_date":"1","post_date_format":"default","post_date_format_custom":"Y\/m\/d","show_post_category":"1","show_post_reading_time":"0","post_reading_time_wpm":"300","show_zoom_button":"0","zoom_button_out_step":"2","zoom_button_in_step":"3","show_post_tag":"1","show_prev_next_post":"1","show_popup_post":"1","number_popup_post":"1","show_author_box":"0","show_post_related":"0","show_inline_post_related":"0"}],"override_image_size":"0","image_override":[{"single_post_thumbnail_size":"crop-500","single_post_gallery_size":"crop-500"}],"trending_post":"0","trending_post_position":"meta","trending_post_label":"Trending","sponsored_post":"0","sponsored_post_label":"Sponsored by","sponsored_post_name":"","sponsored_post_url":"","sponsored_post_logo_enable":"0","sponsored_post_logo":"","sponsored_post_desc":""},"jnews_primary_category":{"id":""},"jnews_social_meta":{"fb_title":"","fb_description":"","fb_image":"","twitter_title":"","twitter_description":"","twitter_image":""},"jnews_review":[],"enable_review":"0","type":"percentage","name":"","summary":"","brand":"","sku":"","good":[{"good_text":""}],"bad":[{"bad_text":""}],"score_override":"","override_value":"","rating":[{"rating_text":"","rating_number":"10"}],"price":[{"shop":"","price":"","link":"","icon":""}],"jnews_override_counter":{"override_view_counter":"0","view_counter_number":"0","override_share_counter":"0","share_counter_number":"0","override_like_counter":"0","like_counter_number":"0","override_dislike_counter":"0","dislike_counter_number":"0"},"jnews_post_split":{"enable_post_split":"0","post_split":[{"template":"1","tag":"h2","numbering":"asc","mode":"normal"}]},"footnotes":""},"categories":[148,34],"tags":[497,24,482],"class_list":["post-21199","post","type-post","status-publish","format-standard","has-post-thumbnail","hentry","category-san-justo","category-seccionales","tag-libertad-y-democracia-sindical","tag-municipales-2","tag-municipalidad-de-san-francisco"],"jetpack_featured_media_url":"https:\/\/atecordoba.org\/wp-content\/uploads\/2020\/08\/tribunales-san-francisco.jpg","_links":{"self":[{"href":"https:\/\/atecordoba.org\/index.php?rest_route=\/wp\/v2\/posts\/21199","targetHints":{"allow":["GET"]}}],"collection":[{"href":"https:\/\/atecordoba.org\/index.php?rest_route=\/wp\/v2\/posts"}],"about":[{"href":"https:\/\/atecordoba.org\/index.php?rest_route=\/wp\/v2\/types\/post"}],"author":[{"embeddable":true,"href":"https:\/\/atecordoba.org\/index.php?rest_route=\/wp\/v2\/users\/7"}],"replies":[{"embeddable":true,"href":"https:\/\/atecordoba.org\/index.php?rest_route=%2Fwp%2Fv2%2Fcomments&post=21199"}],"version-history":[{"count":2,"href":"https:\/\/atecordoba.org\/index.php?rest_route=\/wp\/v2\/posts\/21199\/revisions"}],"predecessor-version":[{"id":21202,"href":"https:\/\/atecordoba.org\/index.php?rest_route=\/wp\/v2\/posts\/21199\/revisions\/21202"}],"wp:featuredmedia":[{"embeddable":true,"href":"https:\/\/atecordoba.org\/index.php?rest_route=\/wp\/v2\/media\/21200"}],"wp:attachment":[{"href":"https:\/\/atecordoba.org\/index.php?rest_route=%2Fwp%2Fv2%2Fmedia&parent=21199"}],"wp:term":[{"taxonomy":"category","embeddable":true,"href":"https:\/\/atecordoba.org\/index.php?rest_route=%2Fwp%2Fv2%2Fcategories&post=21199"},{"taxonomy":"post_tag","embeddable":true,"href":"https:\/\/atecordoba.org\/index.php?rest_route=%2Fwp%2Fv2%2Ftags&post=21199"}],"curies":[{"name":"wp","href":"https:\/\/api.w.org\/{rel}","templated":true}]}}