{"id":21188,"date":"2020-08-12T12:13:55","date_gmt":"2020-08-12T15:13:55","guid":{"rendered":"https:\/\/atecordoba.org\/?p=21188"},"modified":"2020-08-13T11:03:12","modified_gmt":"2020-08-13T14:03:12","slug":"capilla-del-monte-municipales-comienzan-a-cobrar-tras-largo-conflicto-salarial","status":"publish","type":"post","link":"https:\/\/atecordoba.org\/?p=21188","title":{"rendered":"Capilla del Monte: municipales comienzan a cobrar tras largo conflicto salarial"},"content":{"rendered":"<figure id=\"attachment_21192\" aria-describedby=\"caption-attachment-21192\" style=\"width: 550px\" class=\"wp-caption aligncenter\"><img loading=\"lazy\" decoding=\"async\" class=\"wp-image-21192\" src=\"https:\/\/atecordoba.org\/wp-content\/uploads\/2020\/08\/WhatsApp-Image-2020-07-17-at-09.52.34-300x180.jpeg\" alt=\"\" width=\"550\" height=\"330\" srcset=\"https:\/\/atecordoba.org\/wp-content\/uploads\/2020\/08\/WhatsApp-Image-2020-07-17-at-09.52.34-300x180.jpeg 300w, https:\/\/atecordoba.org\/wp-content\/uploads\/2020\/08\/WhatsApp-Image-2020-07-17-at-09.52.34-1024x614.jpeg 1024w, https:\/\/atecordoba.org\/wp-content\/uploads\/2020\/08\/WhatsApp-Image-2020-07-17-at-09.52.34-768x461.jpeg 768w, https:\/\/atecordoba.org\/wp-content\/uploads\/2020\/08\/WhatsApp-Image-2020-07-17-at-09.52.34-750x450.jpeg 750w, https:\/\/atecordoba.org\/wp-content\/uploads\/2020\/08\/WhatsApp-Image-2020-07-17-at-09.52.34-1140x684.jpeg 1140w, https:\/\/atecordoba.org\/wp-content\/uploads\/2020\/08\/WhatsApp-Image-2020-07-17-at-09.52.34.jpeg 1280w\" sizes=\"auto, (max-width: 550px) 100vw, 550px\" \/><figcaption id=\"caption-attachment-21192\" class=\"wp-caption-text\">Manifestaci\u00f3n de ATE durante el conflicto por la falta de pago de sueldos.<\/figcaption><\/figure>\n<p>Tras el conflicto gremial en la Municipalidad de Capilla del Monte donde los trabajadores y trabajadoras realizaron retenci\u00f3n de servicios, manifestaciones\u00a0 a trav\u00e9s de marchas, ollas populares, asambleas y cortes de la Ruta 38, se alcanz\u00f3 un acuerdo entre el intendente y los gremios representativos del sector.<\/p>\n<p>Desde la Asociaci\u00f3n Trabajadores del Estado ATE Noroeste Cordob\u00e9s, Seccional Cruz del Eje, se exigi\u00f3 la pronta respuesta econ\u00f3mica y pol\u00edtica en este atolladero del cual las y los trabajadores no son responsables.<\/p>\n<p>En el transcurso de esta lucha los trabajadores mantuvieron reuniones, acompa\u00f1ados por los delegados Horacio Ruiz y Laura Gonz\u00e1lez, logr\u00e1ndose un acuerdo de pago cuyo cronograma de pagos comenz\u00f3 el pasado 10 de agosto.<\/p>\n<p>De esta forma, ATE da muestras de la fortaleza organizativa de nuestro gremio, logrando representar exitosamente a los trabajadores municipales.<\/p>\n<p>&nbsp;<\/p>\n","protected":false},"excerpt":{"rendered":"<p>Tras el conflicto gremial en la Municipalidad de Capilla del Monte donde los trabajadores y trabajadoras realizaron retenci\u00f3n de servicios, manifestaciones\u00a0 a trav\u00e9s de marchas, ollas populares, asambleas y cortes de la Ruta 38, se alcanz\u00f3 un acuerdo entre el intendente y los gremios representativos del sector. Desde la Asociaci\u00f3n Trabajadores del Estado ATE Noroeste [&hellip;]<\/p>\n","protected":false},"author":7,"featured_media":21192,"comment_status":"open","ping_status":"open","sticky":true,"template":"","format":"standard","meta":{"_exactmetrics_skip_tracking":false,"_exactmetrics_sitenote_active":false,"_exactmetrics_sitenote_note":"","_exactmetrics_sitenote_category":0,"jnews-multi-image_gallery":[],"jnews_single_post":{"source_name":"","source_url":"","via_name":"","via_url":"","override_template":"0","override":[{"template":"1","single_blog_custom":"","parallax":"1","fullscreen":"0","layout":"right-sidebar","sidebar":"default-sidebar","second_sidebar":"default-sidebar","sticky_sidebar":"1","share_position":"top","share_float_style":"share-monocrhome","show_share_counter":"1","show_view_counter":"1","show_featured":"1","show_post_meta":"1","show_post_author":"1","show_post_author_image":"1","show_post_date":"1","post_date_format":"default","post_date_format_custom":"Y\/m\/d","show_post_category":"1","show_post_reading_time":"0","post_reading_time_wpm":"300","show_zoom_button":"0","zoom_button_out_step":"2","zoom_button_in_step":"3","show_post_tag":"1","show_prev_next_post":"1","show_popup_post":"1","number_popup_post":"1","show_author_box":"0","show_post_related":"0","show_inline_post_related":"0"}],"override_image_size":"0","image_override":[{"single_post_thumbnail_size":"crop-500","single_post_gallery_size":"crop-500"}],"trending_post":"0","trending_post_position":"meta","trending_post_label":"Trending","sponsored_post":"0","sponsored_post_label":"Sponsored by","sponsored_post_name":"","sponsored_post_url":"","sponsored_post_logo_enable":"0","sponsored_post_logo":"","sponsored_post_desc":""},"jnews_primary_category":{"id":""},"jnews_social_meta":{"fb_title":"","fb_description":"","fb_image":"","twitter_title":"","twitter_description":"","twitter_image":""},"jnews_review":[],"enable_review":"0","type":"percentage","name":"","summary":"","brand":"","sku":"","good":[{"good_text":""}],"bad":[{"bad_text":""}],"score_override":"","override_value":"","rating":[{"rating_text":"","rating_number":"10"}],"price":[{"shop":"","price":"","link":"","icon":""}],"jnews_override_counter":{"override_view_counter":"0","view_counter_number":"0","override_share_counter":"0","share_counter_number":"0","override_like_counter":"0","like_counter_number":"0","override_dislike_counter":"0","dislike_counter_number":"0"},"jnews_post_split":{"enable_post_split":"0","post_split":[{"template":"1","tag":"h2","numbering":"asc","mode":"normal"}]},"footnotes":""},"categories":[150,20,34],"tags":[496,426],"class_list":["post-21188","post","type-post","status-publish","format-standard","has-post-thumbnail","hentry","category-cruz-del-eje","category-municipales","category-seccionales","tag-conflicto","tag-falta-de-pago-de-sueldos"],"jetpack_featured_media_url":"https:\/\/atecordoba.org\/wp-content\/uploads\/2020\/08\/WhatsApp-Image-2020-07-17-at-09.52.34.jpeg","_links":{"self":[{"href":"https:\/\/atecordoba.org\/index.php?rest_route=\/wp\/v2\/posts\/21188","targetHints":{"allow":["GET"]}}],"collection":[{"href":"https:\/\/atecordoba.org\/index.php?rest_route=\/wp\/v2\/posts"}],"about":[{"href":"https:\/\/atecordoba.org\/index.php?rest_route=\/wp\/v2\/types\/post"}],"author":[{"embeddable":true,"href":"https:\/\/atecordoba.org\/index.php?rest_route=\/wp\/v2\/users\/7"}],"replies":[{"embeddable":true,"href":"https:\/\/atecordoba.org\/index.php?rest_route=%2Fwp%2Fv2%2Fcomments&post=21188"}],"version-history":[{"count":2,"href":"https:\/\/atecordoba.org\/index.php?rest_route=\/wp\/v2\/posts\/21188\/revisions"}],"predecessor-version":[{"id":21215,"href":"https:\/\/atecordoba.org\/index.php?rest_route=\/wp\/v2\/posts\/21188\/revisions\/21215"}],"wp:featuredmedia":[{"embeddable":true,"href":"https:\/\/atecordoba.org\/index.php?rest_route=\/wp\/v2\/media\/21192"}],"wp:attachment":[{"href":"https:\/\/atecordoba.org\/index.php?rest_route=%2Fwp%2Fv2%2Fmedia&parent=21188"}],"wp:term":[{"taxonomy":"category","embeddable":true,"href":"https:\/\/atecordoba.org\/index.php?rest_route=%2Fwp%2Fv2%2Fcategories&post=21188"},{"taxonomy":"post_tag","embeddable":true,"href":"https:\/\/atecordoba.org\/index.php?rest_route=%2Fwp%2Fv2%2Ftags&post=21188"}],"curies":[{"name":"wp","href":"https:\/\/api.w.org\/{rel}","templated":true}]}}