{"id":21160,"date":"2020-08-11T15:35:16","date_gmt":"2020-08-11T18:35:16","guid":{"rendered":"https:\/\/atecordoba.org\/?p=21160"},"modified":"2020-08-12T10:15:09","modified_gmt":"2020-08-12T13:15:09","slug":"personal-civil-visibiliza-sus-reclamos-en-el-108o-aniversario-de-la-fuerza-aerea","status":"publish","type":"post","link":"https:\/\/atecordoba.org\/?p=21160","title":{"rendered":"Personal Civil visibiliza sus reclamos en el 108\u00ba aniversario de la Fuerza A\u00e9rea"},"content":{"rendered":"<p><img loading=\"lazy\" decoding=\"async\" class=\" wp-image-21165 aligncenter\" src=\"https:\/\/atecordoba.org\/wp-content\/uploads\/2020\/08\/badera-personal-civil-300x138.jpeg\" alt=\"\" width=\"605\" height=\"278\" srcset=\"https:\/\/atecordoba.org\/wp-content\/uploads\/2020\/08\/badera-personal-civil-300x138.jpeg 300w, https:\/\/atecordoba.org\/wp-content\/uploads\/2020\/08\/badera-personal-civil-1024x473.jpeg 1024w, https:\/\/atecordoba.org\/wp-content\/uploads\/2020\/08\/badera-personal-civil-768x354.jpeg 768w, https:\/\/atecordoba.org\/wp-content\/uploads\/2020\/08\/badera-personal-civil-1536x709.jpeg 1536w, https:\/\/atecordoba.org\/wp-content\/uploads\/2020\/08\/badera-personal-civil-750x346.jpeg 750w, https:\/\/atecordoba.org\/wp-content\/uploads\/2020\/08\/badera-personal-civil-1140x526.jpeg 1140w, https:\/\/atecordoba.org\/wp-content\/uploads\/2020\/08\/badera-personal-civil.jpeg 1560w\" sizes=\"auto, (max-width: 605px) 100vw, 605px\" \/>Al cumplirse ayer el 108 aniversario de la creaci\u00f3n de la Fuerza A\u00e9rea Argentina el Consejo Directivo Provincial quiere hacer un reconocimiento a las y los trabajadores civiles del arma, que en sufridas condiciones de trabajo desempe\u00f1an sus laborales cotidianas, m\u00e1s a\u00fan en el marco de la pandemia, cumpliendo un rol clave en la construcci\u00f3n de una pol\u00edtica para la defensa y la soberan\u00eda nacional.<\/p>\n<p>Desde la Junta Interna del Personal Civil, integrado por numerosos sectores que se ubican alrededor de la Ruta<img loading=\"lazy\" decoding=\"async\" class=\" wp-image-21162 alignright\" src=\"https:\/\/atecordoba.org\/wp-content\/uploads\/2020\/08\/reclamos-personal-civil-2-191x300.jpeg\" alt=\"\" width=\"273\" height=\"429\" srcset=\"https:\/\/atecordoba.org\/wp-content\/uploads\/2020\/08\/reclamos-personal-civil-2-191x300.jpeg 191w, https:\/\/atecordoba.org\/wp-content\/uploads\/2020\/08\/reclamos-personal-civil-2-651x1024.jpeg 651w, https:\/\/atecordoba.org\/wp-content\/uploads\/2020\/08\/reclamos-personal-civil-2-768x1208.jpeg 768w, https:\/\/atecordoba.org\/wp-content\/uploads\/2020\/08\/reclamos-personal-civil-2-750x1179.jpeg 750w, https:\/\/atecordoba.org\/wp-content\/uploads\/2020\/08\/reclamos-personal-civil-2.jpeg 814w\" sizes=\"auto, (max-width: 273px) 100vw, 273px\" \/> 20, en la salida de C\u00f3rdoba hacia las sierras, se destac\u00f3 la urgente necesidad de recibir una recomposici\u00f3n salarial, ya que se trata de un sector hist\u00f3ricamente castigado por los bajos salarios, constituyendo el promedio de haberes m\u00e1s bajo de la administraci\u00f3n p\u00fablica nacional.<\/p>\n<p>&#8220;Aprovechamos esta fecha para reclamar un Estado presente con ampliaci\u00f3n del presupuesto tanto para la defensa de la soberan\u00eda nacional como para los trabajadores civiles y docentes que somos parte de la fuerza a\u00e9rea -afirma la responsable de prensa de la Junta Interna, Anabela B\u00e1rcena-. Necesitamos visibilizar el Convenio Colectivo de Trabajo Sectorial 2539\/2015, debido a los retrasos en los ascensos a tramos y a grados, la implementaci\u00f3n de la carrera docente, el pase a planta permanente del numeroso personal precarizado y la mejora de la inversi\u00f3n en infraestructura, ya que la Escuela de Aviaci\u00f3n Militar, por caso, se est\u00e1 cayendo a pesados&#8221;.<\/p>\n<p>La delegada dijo tambi\u00e9n que se encuentra pendiente &#8220;cumplimentar la paritaria anual, que solicitamos de manera urgente&#8221;.<\/p>\n<p>&#8220;En un contexto de econom\u00eda inflacionaria, con aumentos desmedidos de alimentos y servicios e impuestos, nosotros apoyamos y defendemos a la industria y la soberan\u00eda nacional, al servicio del pueblo y de la patria. Queremos destacar en esa l\u00ednea la labor de los compa\u00f1eros que se encuentran frente a la pandemia&#8221;, continu\u00f3.<\/p>\n<p><img loading=\"lazy\" decoding=\"async\" class=\"wp-image-21164 aligncenter\" src=\"https:\/\/atecordoba.org\/wp-content\/uploads\/2020\/08\/velas-personal-civil-300x225.jpeg\" alt=\"\" width=\"600\" height=\"450\" srcset=\"https:\/\/atecordoba.org\/wp-content\/uploads\/2020\/08\/velas-personal-civil-300x225.jpeg 300w, https:\/\/atecordoba.org\/wp-content\/uploads\/2020\/08\/velas-personal-civil-1024x768.jpeg 1024w, https:\/\/atecordoba.org\/wp-content\/uploads\/2020\/08\/velas-personal-civil-768x576.jpeg 768w, https:\/\/atecordoba.org\/wp-content\/uploads\/2020\/08\/velas-personal-civil-750x563.jpeg 750w, https:\/\/atecordoba.org\/wp-content\/uploads\/2020\/08\/velas-personal-civil.jpeg 1040w\" sizes=\"auto, (max-width: 600px) 100vw, 600px\" \/><\/p>\n<p>Las y los trabajadores aseguran tambi\u00e9n que hay serios incumplimientos\u00a0 en la cadena de seguridad y protocolo de actuaci\u00f3n durante la pandemia en algunas de aquellas reparticiones que se encuentran activas. Tal es el caso del Instituto Nacional de Medicina Aeroespacial. &#8220;Tenemos un problema de hacinamiento en nuestra \u00e1rea, tanto <img loading=\"lazy\" decoding=\"async\" class=\"wp-image-21163 alignleft\" src=\"https:\/\/atecordoba.org\/wp-content\/uploads\/2020\/08\/reclamos-personal-civil-169x300.jpeg\" alt=\"\" width=\"247\" height=\"438\" srcset=\"https:\/\/atecordoba.org\/wp-content\/uploads\/2020\/08\/reclamos-personal-civil-169x300.jpeg 169w, https:\/\/atecordoba.org\/wp-content\/uploads\/2020\/08\/reclamos-personal-civil-576x1024.jpeg 576w, https:\/\/atecordoba.org\/wp-content\/uploads\/2020\/08\/reclamos-personal-civil.jpeg 720w\" sizes=\"auto, (max-width: 247px) 100vw, 247px\" \/>del personal como de quienes vienen a realizarse los controles ordinarios. De esta forma no es posible cumplir con la distancia de protocolo, que las y los trabajadores intentamos realizar de todas formas. Nos faltan barbijos y en general equipos de protecci\u00f3n personal (EPP)&#8221;, describe Nicol\u00e1s Dreizik, secretario Administrativo de la Junta Interna.<\/p>\n<p>Dreizik dice tambi\u00e9n que en la oficina donde se desempe\u00f1a &#8220;hay categorizaciones pendientes hace mucho tiempo, entre dos y tres categor\u00eda en promedio&#8221;.<\/p>\n<p>En la Escuela de Suboficiales de la Fuerza A\u00e9rea, la delegada Natalia Pacheco confirma que en el sector &#8220;los salarios son muy bajos y no alcanzan para cubrir las necesidades de una familia&#8221;. &#8220;En esta fecha nos sentimos parte fundamental de la Fuerza A\u00e9rea, el sentimiento es fuerte. Pero necesitamos mejorar nuestras condiciones de trabajo, muy precarizadas&#8221;.<\/p>\n<p>Otro tanto aporta la delegada de ATE del Instituto Aeron\u00e1utico Universitario (IUA), Carolina Llanos. &#8220;Debemos insistir sobre la necesidad de cubrir las bajas vegetativas, que desde hace a\u00f1os no se realizan. Cada vez ingresa menos gente, diezm\u00e1ndose toda la planta del personal civil. Pero tampoco se lleva a cabo el pase a planta permanente de contratados y transitorios, como ordena la ley vigente&#8221;.<\/p>\n<p>&nbsp;<\/p>\n<p>A pesar de este panorama, la aprobaci\u00f3n del convenio colectivo de trabajo sectorial en 2015 fue un aporte fundamental para sentar las bases y una mejora integral, donde ATE tuvo un papel protag\u00f3nico. El desaf\u00edo organizativo impone el objetivo de continuar creciendo en afiliaciones en el sector para tornar las dificultades en cambios concretos que beneficien a los compa\u00f1eros.<\/p>\n<p><img loading=\"lazy\" decoding=\"async\" class=\" wp-image-21166 aligncenter\" src=\"https:\/\/atecordoba.org\/wp-content\/uploads\/2020\/08\/baderita-300x225.jpeg\" alt=\"\" width=\"592\" height=\"444\" srcset=\"https:\/\/atecordoba.org\/wp-content\/uploads\/2020\/08\/baderita-300x225.jpeg 300w, https:\/\/atecordoba.org\/wp-content\/uploads\/2020\/08\/baderita-1024x768.jpeg 1024w, https:\/\/atecordoba.org\/wp-content\/uploads\/2020\/08\/baderita-768x576.jpeg 768w, https:\/\/atecordoba.org\/wp-content\/uploads\/2020\/08\/baderita-750x563.jpeg 750w, https:\/\/atecordoba.org\/wp-content\/uploads\/2020\/08\/baderita.jpeg 1040w\" sizes=\"auto, (max-width: 592px) 100vw, 592px\" \/><\/p>\n<p><strong>Accidente fatal<\/strong><\/p>\n<p>Por otro lado, la Junta Interna expres\u00f3 su pesar por el fallecimiento del piloto Gonzalo Fabi\u00e1n Britos Venturini, quien se encontraba realizando un vuelo de adiestramiento en la provincia de San Luis. &#8220;Lamentamos el fallecimiento del Capital Britos Venturini, que muri\u00f3 por amor a la patria&#8221;.<\/p>\n<p><img loading=\"lazy\" decoding=\"async\" class=\" wp-image-21168 aligncenter\" src=\"https:\/\/atecordoba.org\/wp-content\/uploads\/2020\/08\/WhatsApp-Image-2020-08-11-at-12.59.44-138x300.jpeg\" alt=\"\" width=\"272\" height=\"591\" srcset=\"https:\/\/atecordoba.org\/wp-content\/uploads\/2020\/08\/WhatsApp-Image-2020-08-11-at-12.59.44-138x300.jpeg 138w, https:\/\/atecordoba.org\/wp-content\/uploads\/2020\/08\/WhatsApp-Image-2020-08-11-at-12.59.44-472x1024.jpeg 472w, https:\/\/atecordoba.org\/wp-content\/uploads\/2020\/08\/WhatsApp-Image-2020-08-11-at-12.59.44.jpeg 590w\" sizes=\"auto, (max-width: 272px) 100vw, 272px\" \/><\/p>\n","protected":false},"excerpt":{"rendered":"<p>Al cumplirse ayer el 108 aniversario de la creaci\u00f3n de la Fuerza A\u00e9rea Argentina el Consejo Directivo Provincial quiere hacer un reconocimiento a las y los trabajadores civiles del arma, que en sufridas condiciones de trabajo desempe\u00f1an sus laborales cotidianas, m\u00e1s a\u00fan en el marco de la pandemia, cumpliendo un rol clave en la construcci\u00f3n [&hellip;]<\/p>\n","protected":false},"author":7,"featured_media":21165,"comment_status":"open","ping_status":"open","sticky":true,"template":"","format":"standard","meta":{"_exactmetrics_skip_tracking":false,"_exactmetrics_sitenote_active":false,"_exactmetrics_sitenote_note":"","_exactmetrics_sitenote_category":0,"jnews-multi-image_gallery":[],"jnews_single_post":{"source_name":"","source_url":"","via_name":"","via_url":"","override_template":"0","override":[{"template":"1","single_blog_custom":"","parallax":"1","fullscreen":"0","layout":"right-sidebar","sidebar":"default-sidebar","second_sidebar":"default-sidebar","sticky_sidebar":"1","share_position":"top","share_float_style":"share-monocrhome","show_share_counter":"1","show_view_counter":"1","show_featured":"1","show_post_meta":"1","show_post_author":"1","show_post_author_image":"1","show_post_date":"1","post_date_format":"default","post_date_format_custom":"Y\/m\/d","show_post_category":"1","show_post_reading_time":"0","post_reading_time_wpm":"300","show_zoom_button":"0","zoom_button_out_step":"2","zoom_button_in_step":"3","show_post_tag":"1","show_prev_next_post":"1","show_popup_post":"1","number_popup_post":"1","show_author_box":"0","show_post_related":"0","show_inline_post_related":"0"}],"override_image_size":"0","image_override":[{"single_post_thumbnail_size":"crop-500","single_post_gallery_size":"crop-500"}],"trending_post":"0","trending_post_position":"meta","trending_post_label":"Trending","sponsored_post":"0","sponsored_post_label":"Sponsored by","sponsored_post_name":"","sponsored_post_url":"","sponsored_post_logo_enable":"0","sponsored_post_logo":"","sponsored_post_desc":""},"jnews_primary_category":{"id":""},"jnews_social_meta":{"fb_title":"","fb_description":"","fb_image":"","twitter_title":"","twitter_description":"","twitter_image":""},"jnews_review":[],"enable_review":"0","type":"percentage","name":"","summary":"","brand":"","sku":"","good":[{"good_text":""}],"bad":[{"bad_text":""}],"score_override":"","override_value":"","rating":[{"rating_text":"","rating_number":"10"}],"price":[{"shop":"","price":"","link":"","icon":""}],"jnews_override_counter":{"override_view_counter":"0","view_counter_number":"0","override_share_counter":"0","share_counter_number":"0","override_like_counter":"0","like_counter_number":"0","override_dislike_counter":"0","dislike_counter_number":"0"},"jnews_post_split":{"enable_post_split":"0","post_split":[{"template":"1","tag":"h2","numbering":"asc","mode":"normal"}]},"footnotes":""},"categories":[341,18],"tags":[494,392],"class_list":["post-21160","post","type-post","status-publish","format-standard","has-post-thumbnail","hentry","category-cdp","category-nacionales","tag-108-aniversario-fuerza-aerea","tag-personal-civil-ff-aa"],"jetpack_featured_media_url":"https:\/\/atecordoba.org\/wp-content\/uploads\/2020\/08\/badera-personal-civil.jpeg","_links":{"self":[{"href":"https:\/\/atecordoba.org\/index.php?rest_route=\/wp\/v2\/posts\/21160","targetHints":{"allow":["GET"]}}],"collection":[{"href":"https:\/\/atecordoba.org\/index.php?rest_route=\/wp\/v2\/posts"}],"about":[{"href":"https:\/\/atecordoba.org\/index.php?rest_route=\/wp\/v2\/types\/post"}],"author":[{"embeddable":true,"href":"https:\/\/atecordoba.org\/index.php?rest_route=\/wp\/v2\/users\/7"}],"replies":[{"embeddable":true,"href":"https:\/\/atecordoba.org\/index.php?rest_route=%2Fwp%2Fv2%2Fcomments&post=21160"}],"version-history":[{"count":5,"href":"https:\/\/atecordoba.org\/index.php?rest_route=\/wp\/v2\/posts\/21160\/revisions"}],"predecessor-version":[{"id":21173,"href":"https:\/\/atecordoba.org\/index.php?rest_route=\/wp\/v2\/posts\/21160\/revisions\/21173"}],"wp:featuredmedia":[{"embeddable":true,"href":"https:\/\/atecordoba.org\/index.php?rest_route=\/wp\/v2\/media\/21165"}],"wp:attachment":[{"href":"https:\/\/atecordoba.org\/index.php?rest_route=%2Fwp%2Fv2%2Fmedia&parent=21160"}],"wp:term":[{"taxonomy":"category","embeddable":true,"href":"https:\/\/atecordoba.org\/index.php?rest_route=%2Fwp%2Fv2%2Fcategories&post=21160"},{"taxonomy":"post_tag","embeddable":true,"href":"https:\/\/atecordoba.org\/index.php?rest_route=%2Fwp%2Fv2%2Ftags&post=21160"}],"curies":[{"name":"wp","href":"https:\/\/api.w.org\/{rel}","templated":true}]}}