{"id":21154,"date":"2020-08-10T12:52:24","date_gmt":"2020-08-10T15:52:24","guid":{"rendered":"https:\/\/atecordoba.org\/?p=21154"},"modified":"2020-08-10T12:53:06","modified_gmt":"2020-08-10T15:53:06","slug":"nueva-reunion-de-ate-con-la-direccion-del-hospital-de-ninos","status":"publish","type":"post","link":"https:\/\/atecordoba.org\/?p=21154","title":{"rendered":"Nueva reuni\u00f3n de ATE con la Direcci\u00f3n del Hospital de Ni\u00f1os"},"content":{"rendered":"<p><img loading=\"lazy\" decoding=\"async\" class=\" wp-image-20462 aligncenter\" src=\"https:\/\/atecordoba.org\/wp-content\/uploads\/2020\/06\/Hospital-de-Ninos-10_1560872107-300x165.jpg\" alt=\"\" width=\"604\" height=\"332\" srcset=\"https:\/\/atecordoba.org\/wp-content\/uploads\/2020\/06\/Hospital-de-Ninos-10_1560872107-300x165.jpg 300w, https:\/\/atecordoba.org\/wp-content\/uploads\/2020\/06\/Hospital-de-Ninos-10_1560872107-768x422.jpg 768w, https:\/\/atecordoba.org\/wp-content\/uploads\/2020\/06\/Hospital-de-Ninos-10_1560872107-750x412.jpg 750w, https:\/\/atecordoba.org\/wp-content\/uploads\/2020\/06\/Hospital-de-Ninos-10_1560872107.jpg 1020w\" sizes=\"auto, (max-width: 604px) 100vw, 604px\" \/><\/p>\n<p>El pasado viernes 7 de Agosto se realiz\u00f3 la nueva reuni\u00f3n programada con la direcci\u00f3n del Hospital de Ni\u00f1os. En representaci\u00f3n de las y los trabajadores estuvieron presentes la delegada Yamila Sierra y el delegados Pablo Jodar, juntos a los miembros del Consejo Directivo Provincial (CDP) Hugo Duran y Omar Alerzia, secretario Adjunto y de Organizaci\u00f3n respectivamente. Por el Hospital participaron el Director, dr. Marcelo Arguello, y la abogada de la instituci\u00f3n, G\u00e1rbale Carina.<\/p>\n<p>En el desarrollo del temario, ATE manifest\u00f3 que la problem\u00e1tica m\u00e1s acuciante en la actualidad se encuentra en el Departamento de Enfermer\u00eda, donde se toman medidas arbitrarias y quitas de derechos institucionales, ocasionando perjuicio al personal de enfermer\u00eda, no solamente econ\u00f3micamente si no tambi\u00e9n psicol\u00f3gicamente. En tal sentido, se solicit\u00f3 la aplicaci\u00f3n plena de la ley 7625, otorgando la licencia por d\u00eda de examen\/ultima materia, capacitaci\u00f3n, licencias sanitarias o d\u00eda de art\u00edculo (razones personales), al agente que se encuentra trabajando en primera l\u00ednea.<\/p>\n<p>La delegaci\u00f3n de ATE denunci\u00f3 que todos estos derechos fueron violentados y quitados al personal de enfermer\u00eda con esta nueva implementaci\u00f3n \u201cemergente\u201d. En esa l\u00ednea, se reiter\u00f3 el \u00a0reclamo de ingreso de personal de Enfermer\u00eda ante la demanda que produce la pandemia Covid 19.<\/p>\n<p><strong>Reclamos varios<\/strong><\/p>\n<p>Ante un reclamo puntual realizado la semana pasada, desde la Direcci\u00f3n se inform\u00f3 el reintegro de la compa\u00f1era al servicio de Esterilizaci\u00f3n, del cual \u00a0hab\u00eda sido trasladada arbitrariamente semana atr\u00e1s, ocasionando malestar general no solo a la trabajadora sino adem\u00e1s al servicio en general.<\/p>\n<p>Por otro lado, se plante\u00f3 la necesidad de una devoluci\u00f3n de los descuentos salariales a una compa\u00f1era afiliada que por motivos administrativos -con prescripci\u00f3n m\u00e9dica y reposo- sufri\u00f3 un fuerte descuento salarial en el sueldo de julio que afecta en m\u00e1s del 50% de su haber y en plena pandemia. La Direcci\u00f3n indic\u00f3 que dicha compa\u00f1era se presente ante la Jefa de Personal con la documentaci\u00f3n pertinente para realizar el reintegro de los haberes.<\/p>\n<p>Adem\u00e1s, ATE comunic\u00f3 que se est\u00e1 efectuando err\u00f3neamente las licencias anuales de algunos compa\u00f1eros, ocasionando en lo mismo\u00a0 perdida de licencia.<\/p>\n<p>Se le consulta a la se\u00f1ora Garbale, cu\u00e1l es su funci\u00f3n dentro de la instituci\u00f3n, a lo que respondi\u00f3 que realiza la Coordinaci\u00f3n General Administrativa, hasta la asignaci\u00f3n del nuevo jefe de RRHH, por lo cual se transmiti\u00f3 la problem\u00e1tica sobre las horas extras que se llevan en la instituci\u00f3n por parte de enfermer\u00eda, donde se solicit\u00f3 que el personal cuente con la cobertura de ART m\u00e1s la comida pertinente\/descanso. \u00a0La Direcci\u00f3n del Hospital dijo que se elevar\u00e1 una nota desde RRHH al Ministerio de Salud donde consten los datos de los agentes.<\/p>\n<p>De la misma forma, Ate plante\u00f3 su rechazo a la implementaci\u00f3n de las modalidad de planilla espejo ya que hay cruce de d\u00edas en el armado de guardias extra.<\/p>\n<p>Asimismo se consult\u00f3 sobre la situaci\u00f3n de las dos enfermeras que se encuentran cobrando los haberes mensuales, a lo que se nos responde que est\u00e1 en pronta soluci\u00f3n.<\/p>\n<p>Se hizo menci\u00f3n nuevamente a \u201clos descuentos del bono nacional\u201d, solicitando que no se vuelva general los descuentos para los meses posteriores. Vale aclarar tambi\u00e9n que en una primera reuni\u00f3n la Direcci\u00f3n se comprometi\u00f3 que nadie seria afectado por descuentos.<\/p>\n<p>Se volvi\u00f3 insistir sobre la situaci\u00f3n de la gente que se encuentra en situaci\u00f3n de precarizaci\u00f3n, as\u00ed mismo las que est\u00e1n por cooperadora, donde se rever\u00e1 la situaci\u00f3n de los mismo.<\/p>\n<p>El hospital inform\u00f3 tambi\u00e9n la pronta la apertura de la Oficina de Riesgo.<\/p>\n<p>Por \u00faltimo, se solicit\u00f3 un canal de dialogo con la abogada Garbale para poder evacuar dudas\/problem\u00e1tica que surjan semanalmente en la instituci\u00f3n, quedando de acuerdo los viernes de cada semana a las 14 horas con la concurrencia de dos delgados.<\/p>\n","protected":false},"excerpt":{"rendered":"<p>El pasado viernes 7 de Agosto se realiz\u00f3 la nueva reuni\u00f3n programada con la direcci\u00f3n del Hospital de Ni\u00f1os. En representaci\u00f3n de las y los trabajadores estuvieron presentes la delegada Yamila Sierra y el delegados Pablo Jodar, juntos a los miembros del Consejo Directivo Provincial (CDP) Hugo Duran y Omar Alerzia, secretario Adjunto y de [&hellip;]<\/p>\n","protected":false},"author":7,"featured_media":20462,"comment_status":"open","ping_status":"open","sticky":true,"template":"","format":"standard","meta":{"_exactmetrics_skip_tracking":false,"_exactmetrics_sitenote_active":false,"_exactmetrics_sitenote_note":"","_exactmetrics_sitenote_category":0,"jnews-multi-image_gallery":[],"jnews_single_post":{"source_name":"","source_url":"","via_name":"","via_url":"","override_template":"0","override":[{"template":"1","single_blog_custom":"","parallax":"1","fullscreen":"0","layout":"right-sidebar","sidebar":"default-sidebar","second_sidebar":"default-sidebar","sticky_sidebar":"1","share_position":"top","share_float_style":"share-monocrhome","show_share_counter":"1","show_view_counter":"1","show_featured":"1","show_post_meta":"1","show_post_author":"1","show_post_author_image":"1","show_post_date":"1","post_date_format":"default","post_date_format_custom":"Y\/m\/d","show_post_category":"1","show_post_reading_time":"0","post_reading_time_wpm":"300","show_zoom_button":"0","zoom_button_out_step":"2","zoom_button_in_step":"3","show_post_tag":"1","show_prev_next_post":"1","show_popup_post":"1","number_popup_post":"1","show_author_box":"0","show_post_related":"0","show_inline_post_related":"0"}],"override_image_size":"0","image_override":[{"single_post_thumbnail_size":"crop-500","single_post_gallery_size":"crop-500"}],"trending_post":"0","trending_post_position":"meta","trending_post_label":"Trending","sponsored_post":"0","sponsored_post_label":"Sponsored by","sponsored_post_name":"","sponsored_post_url":"","sponsored_post_logo_enable":"0","sponsored_post_logo":"","sponsored_post_desc":""},"jnews_primary_category":{"id":""},"jnews_social_meta":{"fb_title":"","fb_description":"","fb_image":"","twitter_title":"","twitter_description":"","twitter_image":""},"jnews_review":[],"enable_review":"0","type":"percentage","name":"","summary":"","brand":"","sku":"","good":[{"good_text":""}],"bad":[{"bad_text":""}],"score_override":"","override_value":"","rating":[{"rating_text":"","rating_number":"10"}],"price":[{"shop":"","price":"","link":"","icon":""}],"jnews_override_counter":{"override_view_counter":"0","view_counter_number":"0","override_share_counter":"0","share_counter_number":"0","override_like_counter":"0","like_counter_number":"0","override_dislike_counter":"0","dislike_counter_number":"0"},"jnews_post_split":{"enable_post_split":"0","post_split":[{"template":"1","tag":"h2","numbering":"asc","mode":"normal"}]},"footnotes":""},"categories":[341,104,400,8,34],"tags":[390,357,358,487,340,27],"class_list":["post-21154","post","type-post","status-publish","format-standard","has-post-thumbnail","hentry","category-cdp","category-departamento-de-salud","category-estamentos","category-provinciales","category-seccionales","tag-condiciones-de-trabajo","tag-coronavirus","tag-covid-19","tag-nombramiento-de-mas-personal","tag-salario","tag-salud"],"jetpack_featured_media_url":"https:\/\/atecordoba.org\/wp-content\/uploads\/2020\/06\/Hospital-de-Ninos-10_1560872107.jpg","_links":{"self":[{"href":"https:\/\/atecordoba.org\/index.php?rest_route=\/wp\/v2\/posts\/21154","targetHints":{"allow":["GET"]}}],"collection":[{"href":"https:\/\/atecordoba.org\/index.php?rest_route=\/wp\/v2\/posts"}],"about":[{"href":"https:\/\/atecordoba.org\/index.php?rest_route=\/wp\/v2\/types\/post"}],"author":[{"embeddable":true,"href":"https:\/\/atecordoba.org\/index.php?rest_route=\/wp\/v2\/users\/7"}],"replies":[{"embeddable":true,"href":"https:\/\/atecordoba.org\/index.php?rest_route=%2Fwp%2Fv2%2Fcomments&post=21154"}],"version-history":[{"count":1,"href":"https:\/\/atecordoba.org\/index.php?rest_route=\/wp\/v2\/posts\/21154\/revisions"}],"predecessor-version":[{"id":21158,"href":"https:\/\/atecordoba.org\/index.php?rest_route=\/wp\/v2\/posts\/21154\/revisions\/21158"}],"wp:featuredmedia":[{"embeddable":true,"href":"https:\/\/atecordoba.org\/index.php?rest_route=\/wp\/v2\/media\/20462"}],"wp:attachment":[{"href":"https:\/\/atecordoba.org\/index.php?rest_route=%2Fwp%2Fv2%2Fmedia&parent=21154"}],"wp:term":[{"taxonomy":"category","embeddable":true,"href":"https:\/\/atecordoba.org\/index.php?rest_route=%2Fwp%2Fv2%2Fcategories&post=21154"},{"taxonomy":"post_tag","embeddable":true,"href":"https:\/\/atecordoba.org\/index.php?rest_route=%2Fwp%2Fv2%2Ftags&post=21154"}],"curies":[{"name":"wp","href":"https:\/\/api.w.org\/{rel}","templated":true}]}}