{"id":21152,"date":"2020-08-12T12:12:39","date_gmt":"2020-08-12T15:12:39","guid":{"rendered":"https:\/\/atecordoba.org\/?p=21152"},"modified":"2020-08-12T12:15:40","modified_gmt":"2020-08-12T15:15:40","slug":"ate-traslasierras-reunion-con-trabajadoras-y-trabajadores-de-la-region","status":"publish","type":"post","link":"https:\/\/atecordoba.org\/?p=21152","title":{"rendered":"ATE Traslasierras: invitaci\u00f3n a reuni\u00f3n con trabajadoras y trabajadores de la regi\u00f3n"},"content":{"rendered":"<div class=\"epyt-video-wrapper\"><iframe loading=\"lazy\"  style=\"display: block; margin: 0px auto;\"  id=\"_ytid_89598\"  width=\"480\" height=\"270\"  data-origwidth=\"480\" data-origheight=\"270\" src=\"https:\/\/www.youtube.com\/embed\/VTZpYQrlA3s?enablejsapi=1&#038;autoplay=0&#038;cc_load_policy=0&#038;cc_lang_pref=&#038;iv_load_policy=3&#038;loop=0&#038;rel=0&#038;fs=1&#038;playsinline=0&#038;autohide=2&#038;theme=dark&#038;color=red&#038;controls=1&#038;disablekb=0&#038;\" class=\"__youtube_prefs__  epyt-is-override  no-lazyload\" title=\"YouTube player\"  allow=\"fullscreen; accelerometer; autoplay; clipboard-write; encrypted-media; gyroscope; picture-in-picture; web-share\" referrerpolicy=\"strict-origin-when-cross-origin\" allowfullscreen data-no-lazy=\"1\" data-skipgform_ajax_framebjll=\"\"><\/iframe><\/div>\n<p>&nbsp;<\/p>\n<p>Ma\u00f1ana <strong>jueves 13 de agosto a las 16 horas<\/strong> se realizar\u00e1 una reuni\u00f3n informativa y de presentaci\u00f3n de la Asociaci\u00f3n Trabajadores del Estado de la Provincia de C\u00f3rdoba con trabajadoras y trabajadores comunales, municipales, provinciales y nacionales de Traslasierra que no se encuentren afiliadas\/os al sindicato o que tengan m\u00e1s o menos tiempo de afiliaci\u00f3n. &#8220;La intenci\u00f3n es que charlemos sobre la importancia de organizarnos y la invitaci\u00f3n a ser parte de ATE&#8221;, remarc\u00f3 Federico Giuliani, Secretario General de la organizaci\u00f3n gremial a nivel provincial. &#8220;ATE es un gremio con 95 a\u00f1os de historia, entre los 5 gremios m\u00e1s grandes del pa\u00eds, con representaci\u00f3n y alcance en estos estamentos que hoy convocamos a reunirse&#8221;, enfatiz\u00f3 Giuliani quien enumer\u00f3, entre otras ventajas que ofrece el ser parte de la organizaci\u00f3n, el contar con &#8220;acompa\u00f1amiento gremial ante incumplimiento de normativas, convenios, etc, por parte de la patronal; espacio de organizaci\u00f3n; capacitaci\u00f3n permanente para delegadas\/os y trabajadores\/as; asesor\u00eda letrada en caso de conflictos que deban judicializarse; beneficios sociales, turismo, etc&#8221;.<br \/>\n&#8220;Si sos trabajadora o trabajador de alguna comuna, municipio, la provincia o el Estado Nacional en la regi\u00f3n, no dudes en acercarte&#8221;, enumer\u00f3 Mar\u00eda Laura Gonz\u00e1lez, trabajadora de la salud de la Comuna de la Poblaci\u00f3n y de la Municipalidad de Las Tapias. &#8220;Si quer\u00e9s saber mas te invitamos a que te incorpores al zoom que organizamos este pr\u00f3ximo jueves a las 16 horas&#8221;, invit\u00f3 Hugo Galaburri, delegado del Hospital Villa Dolores.<br \/>\n<strong>Para ingresar a la reuni\u00f3n<\/strong> <strong>seguir el link a continuaci\u00f3n<\/strong> https:\/\/us02web.zoom.us\/j\/88542608722?pwd=dFh5bkJjSVBDNFd1VzJxK0JZenlPQT09 <strong>\u00f3<\/strong> mediante el ID 885 4260 8722 y el c\u00f3digo de acceso 577892<\/p>\n","protected":false},"excerpt":{"rendered":"<p>&nbsp; Ma\u00f1ana jueves 13 de agosto a las 16 horas se realizar\u00e1 una reuni\u00f3n informativa y de presentaci\u00f3n de la Asociaci\u00f3n Trabajadores del Estado de la Provincia de C\u00f3rdoba con trabajadoras y trabajadores comunales, municipales, provinciales y nacionales de Traslasierra que no se encuentren afiliadas\/os al sindicato o que tengan m\u00e1s o menos tiempo de [&hellip;]<\/p>\n","protected":false},"author":6,"featured_media":21191,"comment_status":"open","ping_status":"open","sticky":false,"template":"","format":"standard","meta":{"_exactmetrics_skip_tracking":false,"_exactmetrics_sitenote_active":false,"_exactmetrics_sitenote_note":"","_exactmetrics_sitenote_category":0,"jnews-multi-image_gallery":[],"jnews_single_post":{"source_name":"","source_url":"","via_name":"","via_url":"","override_template":"0","override":[{"template":"1","single_blog_custom":"","parallax":"1","fullscreen":"0","layout":"right-sidebar","sidebar":"default-sidebar","second_sidebar":"default-sidebar","sticky_sidebar":"1","share_position":"top","share_float_style":"share-monocrhome","show_share_counter":"1","show_view_counter":"1","show_featured":"1","show_post_meta":"1","show_post_author":"1","show_post_author_image":"1","show_post_date":"1","post_date_format":"default","post_date_format_custom":"Y\/m\/d","show_post_category":"1","show_post_reading_time":"0","post_reading_time_wpm":"300","show_zoom_button":"0","zoom_button_out_step":"2","zoom_button_in_step":"3","show_post_tag":"1","show_prev_next_post":"1","show_popup_post":"1","number_popup_post":"1","show_author_box":"0","show_post_related":"0","show_inline_post_related":"0"}],"override_image_size":"0","image_override":[{"single_post_thumbnail_size":"crop-500","single_post_gallery_size":"crop-500"}],"trending_post":"0","trending_post_position":"meta","trending_post_label":"Trending","sponsored_post":"0","sponsored_post_label":"Sponsored by","sponsored_post_name":"","sponsored_post_url":"","sponsored_post_logo_enable":"0","sponsored_post_logo":"","sponsored_post_desc":""},"jnews_primary_category":{"id":""},"jnews_social_meta":{"fb_title":"","fb_description":"","fb_image":"","twitter_title":"","twitter_description":"","twitter_image":""},"jnews_review":[],"enable_review":"0","type":"percentage","name":"","summary":"","brand":"","sku":"","good":[{"good_text":""}],"bad":[{"bad_text":""}],"score_override":"","override_value":"","rating":[{"rating_text":"","rating_number":"10"}],"price":[{"shop":"","price":"","link":"","icon":""}],"jnews_override_counter":{"override_view_counter":"0","view_counter_number":"0","override_share_counter":"0","share_counter_number":"0","override_like_counter":"0","like_counter_number":"0","override_dislike_counter":"0","dislike_counter_number":"0"},"jnews_post_split":{"enable_post_split":"0","post_split":[{"template":"1","tag":"h2","numbering":"asc","mode":"normal"}]},"footnotes":""},"categories":[341,150,34],"tags":[],"class_list":["post-21152","post","type-post","status-publish","format-standard","has-post-thumbnail","hentry","category-cdp","category-cruz-del-eje","category-seccionales"],"jetpack_featured_media_url":"https:\/\/atecordoba.org\/wp-content\/uploads\/2020\/08\/Apertura-min.png","_links":{"self":[{"href":"https:\/\/atecordoba.org\/index.php?rest_route=\/wp\/v2\/posts\/21152","targetHints":{"allow":["GET"]}}],"collection":[{"href":"https:\/\/atecordoba.org\/index.php?rest_route=\/wp\/v2\/posts"}],"about":[{"href":"https:\/\/atecordoba.org\/index.php?rest_route=\/wp\/v2\/types\/post"}],"author":[{"embeddable":true,"href":"https:\/\/atecordoba.org\/index.php?rest_route=\/wp\/v2\/users\/6"}],"replies":[{"embeddable":true,"href":"https:\/\/atecordoba.org\/index.php?rest_route=%2Fwp%2Fv2%2Fcomments&post=21152"}],"version-history":[{"count":5,"href":"https:\/\/atecordoba.org\/index.php?rest_route=\/wp\/v2\/posts\/21152\/revisions"}],"predecessor-version":[{"id":21197,"href":"https:\/\/atecordoba.org\/index.php?rest_route=\/wp\/v2\/posts\/21152\/revisions\/21197"}],"wp:featuredmedia":[{"embeddable":true,"href":"https:\/\/atecordoba.org\/index.php?rest_route=\/wp\/v2\/media\/21191"}],"wp:attachment":[{"href":"https:\/\/atecordoba.org\/index.php?rest_route=%2Fwp%2Fv2%2Fmedia&parent=21152"}],"wp:term":[{"taxonomy":"category","embeddable":true,"href":"https:\/\/atecordoba.org\/index.php?rest_route=%2Fwp%2Fv2%2Fcategories&post=21152"},{"taxonomy":"post_tag","embeddable":true,"href":"https:\/\/atecordoba.org\/index.php?rest_route=%2Fwp%2Fv2%2Ftags&post=21152"}],"curies":[{"name":"wp","href":"https:\/\/api.w.org\/{rel}","templated":true}]}}