{"id":21117,"date":"2020-08-07T14:05:17","date_gmt":"2020-08-07T17:05:17","guid":{"rendered":"https:\/\/atecordoba.org\/?p=21117"},"modified":"2020-08-07T14:05:32","modified_gmt":"2020-08-07T17:05:32","slug":"a-un-ano-del-triunfo-de-la-la-lista-verde-violeta-anusate-en-ate-cordoba","status":"publish","type":"post","link":"https:\/\/atecordoba.org\/?p=21117","title":{"rendered":"A un a\u00f1o del triunfo de la la lista Verde Violeta Anusate en ATE C\u00f3rdoba"},"content":{"rendered":"\n<p>Hoy es un d\u00eda de celebraci\u00f3n para quienes conformamos la conducci\u00f3n de nuestro sindicato en la Provincia. No por vanidad o autorreferencia, sino porque creemos fundamental ponderar nuevamente el mensaje de esas miles de compa\u00f1eras y compa\u00f1eros que se acercaron a la votaci\u00f3n y que decidieron -mayoritariamente- que deb\u00edamos ser el espacio que condujera la gloriosa e hist\u00f3rica Asociaci\u00f3n Trabajadores del Estado (ATE) de C\u00f3rdoba.<\/p>\n<p>Para este sindicato -como legado hist\u00f3rico, no de ning\u00fan grupo particular-, el poder emana de sus bases, de nuestras compa\u00f1eras y compa\u00f1eros, de sus Asambleas, de la gran heterogeneidad de sectores, geograf\u00edas, historias de vida y trabajo. Esta diversidad, en el presente convulsionado de futuro incierto que vivimos, m\u00e1s que un obst\u00e1culo hace a la \u00fanica posibilidad real de obtener nuevas s\u00edntesis superadoras. Estamos pariendo hace a\u00f1os propuestas que nos conducen por el camino inexorable de asegurar que, siempre, &#8220;ma\u00f1ana es mejor&#8221; -como asegurara el gran &#8220;Flaco&#8221; Spinetta-. Y hace un a\u00f1o, tambi\u00e9n, que parte de esos sue\u00f1os de construcci\u00f3n de un Estado popular Soberano, de mejores condiciones de trabajo, de vida, de respuestas a la comunidad, de bienestar de las trabajadoras y trabajadores de los Estados en C\u00f3rdoba, tomaron nuevo impulso en la elecci\u00f3n.<\/p>\n<p>Un IMPULSO 2019 &#8211; 2023 que hoy nos permite ver con entusiasmo todo lo que pudimos hacer en tan poco tiempo y que nos hace pensar en todo aquello que podremos hacer desde esta(s) trinchera(s) de lucha que conformamos el frente de la Asociaci\u00f3n Trabajadores del Estado de C\u00f3rdoba.<\/p>\n","protected":false},"excerpt":{"rendered":"<p>Hoy es un d\u00eda de celebraci\u00f3n para quienes conformamos la conducci\u00f3n de nuestro sindicato en la Provincia. No por vanidad o autorreferencia, sino porque creemos fundamental ponderar nuevamente el mensaje de esas miles de compa\u00f1eras y compa\u00f1eros que se acercaron a la votaci\u00f3n y que decidieron -mayoritariamente- que deb\u00edamos ser el espacio que condujera la [&hellip;]<\/p>\n","protected":false},"author":7,"featured_media":19157,"comment_status":"open","ping_status":"open","sticky":true,"template":"","format":"standard","meta":{"_exactmetrics_skip_tracking":false,"_exactmetrics_sitenote_active":false,"_exactmetrics_sitenote_note":"","_exactmetrics_sitenote_category":0,"jnews-multi-image_gallery":[],"jnews_single_post":{"source_name":"","source_url":"","via_name":"","via_url":"","override_template":"0","override":[{"template":"1","single_blog_custom":"","parallax":"1","fullscreen":"0","layout":"right-sidebar","sidebar":"default-sidebar","second_sidebar":"default-sidebar","sticky_sidebar":"1","share_position":"top","share_float_style":"share-monocrhome","show_share_counter":"1","show_view_counter":"1","show_featured":"1","show_post_meta":"1","show_post_author":"1","show_post_author_image":"1","show_post_date":"1","post_date_format":"default","post_date_format_custom":"Y\/m\/d","show_post_category":"1","show_post_reading_time":"0","post_reading_time_wpm":"300","show_zoom_button":"0","zoom_button_out_step":"2","zoom_button_in_step":"3","show_post_tag":"1","show_prev_next_post":"1","show_popup_post":"1","number_popup_post":"1","show_author_box":"0","show_post_related":"0","show_inline_post_related":"0"}],"override_image_size":"0","image_override":[{"single_post_thumbnail_size":"crop-500","single_post_gallery_size":"crop-500"}],"trending_post":"0","trending_post_position":"meta","trending_post_label":"Trending","sponsored_post":"0","sponsored_post_label":"Sponsored by","sponsored_post_name":"","sponsored_post_url":"","sponsored_post_logo_enable":"0","sponsored_post_logo":"","sponsored_post_desc":""},"jnews_primary_category":{"id":""},"jnews_social_meta":{"fb_title":"","fb_description":"","fb_image":"","twitter_title":"","twitter_description":"","twitter_image":""},"jnews_review":[],"enable_review":"0","type":"percentage","name":"","summary":"","brand":"","sku":"","good":[{"good_text":""}],"bad":[{"bad_text":""}],"score_override":"","override_value":"","rating":[{"rating_text":"","rating_number":"10"}],"price":[{"shop":"","price":"","link":"","icon":""}],"jnews_override_counter":{"override_view_counter":"0","view_counter_number":"0","override_share_counter":"0","share_counter_number":"0","override_like_counter":"0","like_counter_number":"0","override_dislike_counter":"0","dislike_counter_number":"0"},"jnews_post_split":{"enable_post_split":"0","post_split":[{"template":"1","tag":"h2","numbering":"asc","mode":"normal"}]},"footnotes":""},"categories":[10,341,400,346,34],"tags":[493],"class_list":["post-21117","post","type-post","status-publish","format-standard","has-post-thumbnail","hentry","category-accion-politica","category-cdp","category-estamentos","category-prensa-y-comunicacion","category-seccionales","tag-triunfo-lista-verde-violeta-anusate"],"jetpack_featured_media_url":"https:\/\/atecordoba.org\/wp-content\/uploads\/2020\/05\/WhatsApp-Image-2019-11-11-at-11.07.47-2-1024x682.jpg","_links":{"self":[{"href":"https:\/\/atecordoba.org\/index.php?rest_route=\/wp\/v2\/posts\/21117","targetHints":{"allow":["GET"]}}],"collection":[{"href":"https:\/\/atecordoba.org\/index.php?rest_route=\/wp\/v2\/posts"}],"about":[{"href":"https:\/\/atecordoba.org\/index.php?rest_route=\/wp\/v2\/types\/post"}],"author":[{"embeddable":true,"href":"https:\/\/atecordoba.org\/index.php?rest_route=\/wp\/v2\/users\/7"}],"replies":[{"embeddable":true,"href":"https:\/\/atecordoba.org\/index.php?rest_route=%2Fwp%2Fv2%2Fcomments&post=21117"}],"version-history":[{"count":1,"href":"https:\/\/atecordoba.org\/index.php?rest_route=\/wp\/v2\/posts\/21117\/revisions"}],"predecessor-version":[{"id":21125,"href":"https:\/\/atecordoba.org\/index.php?rest_route=\/wp\/v2\/posts\/21117\/revisions\/21125"}],"wp:featuredmedia":[{"embeddable":true,"href":"https:\/\/atecordoba.org\/index.php?rest_route=\/wp\/v2\/media\/19157"}],"wp:attachment":[{"href":"https:\/\/atecordoba.org\/index.php?rest_route=%2Fwp%2Fv2%2Fmedia&parent=21117"}],"wp:term":[{"taxonomy":"category","embeddable":true,"href":"https:\/\/atecordoba.org\/index.php?rest_route=%2Fwp%2Fv2%2Fcategories&post=21117"},{"taxonomy":"post_tag","embeddable":true,"href":"https:\/\/atecordoba.org\/index.php?rest_route=%2Fwp%2Fv2%2Ftags&post=21117"}],"curies":[{"name":"wp","href":"https:\/\/api.w.org\/{rel}","templated":true}]}}